{"id":5367,"date":"2024-09-02T10:34:00","date_gmt":"2024-09-02T13:34:00","guid":{"rendered":"https:\/\/opinionpublica.com.ar\/index\/?p=5367"},"modified":"2024-09-02T10:34:00","modified_gmt":"2024-09-02T13:34:00","slug":"milei-ataco-a-macri-y-chicaneo-al-lider-del-pro-por-no-arreglar-el-deficit-fiscal","status":"publish","type":"post","link":"https:\/\/opinionpublica.com.ar\/index\/milei-ataco-a-macri-y-chicaneo-al-lider-del-pro-por-no-arreglar-el-deficit-fiscal\/","title":{"rendered":"Milei atac\u00f3 a Macri y chicane\u00f3 al l\u00edder del PRO por no arreglar el d\u00e9ficit fiscal"},"content":{"rendered":"<div class=\"bloque1 nota noticia-ar\">\n<div class=\"item\">\n<div class=\"nota-header\">\n<div id=\"title-news\" class=\"title\">Milei atac\u00f3 a Macri y dijo: \u00abEn d\u00f3lares, vol\u00f3 el poder adquisitivo de los jubilados\u00bb<\/div>\n<div class=\"as\">\n<div class=\"description\">El presidente chicane\u00f3 al l\u00edder del PRO por no arreglar el d\u00e9ficit fiscal y defendi\u00f3 a Santiago Caputo.<\/div>\n<\/div>\n<\/div>\n<div class=\"zleft z75\">\n<div id=\"vsmcontent\" class=\"body vsmcontent\">\n<p>Javier Milei critic\u00f3 al manejo econ\u00f3mico durante la presidencia de Mauricio Macri y defendi\u00f3 a Santiago Caputo en medio de la tensi\u00f3n con el l\u00edder del PRO.<\/p>\n<p><a href=\"https:\/\/opinionpublica.com.ar\/index\/wp-content\/uploads\/2024\/05\/mauricio-macri.jpg\"><img fetchpriority=\"high\" decoding=\"async\" class=\"alignnone size-full wp-image-3213\" src=\"https:\/\/opinionpublica.com.ar\/index\/wp-content\/uploads\/2024\/05\/mauricio-macri.jpg\" alt=\"\" width=\"1140\" height=\"641\" srcset=\"https:\/\/opinionpublica.com.ar\/index\/wp-content\/uploads\/2024\/05\/mauricio-macri.jpg 1140w, https:\/\/opinionpublica.com.ar\/index\/wp-content\/uploads\/2024\/05\/mauricio-macri-300x169.jpg 300w, https:\/\/opinionpublica.com.ar\/index\/wp-content\/uploads\/2024\/05\/mauricio-macri-1024x576.jpg 1024w, https:\/\/opinionpublica.com.ar\/index\/wp-content\/uploads\/2024\/05\/mauricio-macri-768x432.jpg 768w\" sizes=\"(max-width: 1140px) 100vw, 1140px\" \/><\/a><\/p>\n<p>En una entrevista con LN+, el presidente dijo que \u00abMacri tuvo un d\u00e9ficit fiscal similar al que recibimos nosotros y en cuatro a\u00f1os no lo arregl\u00f3\u00bb.<\/p>\n<p>\u00abDe hecho, lleg\u00f3 al d\u00e9ficit cero primario por licuaci\u00f3n, no por ajuste, que vino despu\u00e9s de lo que fue todo el proceso ca\u00f3tico del 2018 y se logr\u00f3 con liberamientos sin pagos, por lo tanto, el eje central de todos los problemas del pa\u00eds, ni de cerca lo arregl\u00f3 y nosotros s\u00ed lo hicimos en un mes\u00bb, dijo Milei.<\/p>\n<p>Luego sali\u00f3 en defensa de Santiago Caputo, el blanco principal de Macri.\u00a0\u00abLo est\u00e1n utilizando para crear la figura del monje negro. Que la gente no se coma el amague. La figura del monje negro es una figura que generan para golpearme a m\u00ed de manera indirecta. Como no tienen las agallas para enfrentarme de manera directa y no quieren mostrarle a la gente eso, entonces golpean sobre \u00e9l o sobre mi hermana. En realidad, los que hacen eso son cobardes, porque no me quieren enfrentar, porque saben que pierde\u00bb, dijo Milei.<\/p>\n<p>En otro tramo de la entrevista dijo que las jubilaciones \u00abvolaron\u00bb en d\u00f3lares durante su gobierno. La declaraci\u00f3n tras vetar el aumento de las jubilaciones que aprob\u00f3 el Congreso, que desembocaron en la represi\u00f3n de la Polic\u00eda Federal a un grupo de jubilados que se manifestaron la semana pasada frente al Palacio Legislativo.<\/p>\n<p>\u00abLas jubilaciones durante el gobierno de Alberto Fern\u00e1ndez en el pico llegaron a caer 40%, se fueron 30% abajo. Ahora est\u00e1n 5% arriba en t\u00e9rminos reales, quiere decir que le ganamos a la inflaci\u00f3n. Y adem\u00e1s como el tipo de cambio cuando llegamos estaba el blue a 1300, hoy est\u00e1 en 1315, si lo toma al MEP o al CCL est\u00e1 cerca de 1250\u00bb, explic\u00f3 Milei.<\/p>\n<p>\u00ab\u00bfUsted dice que los jubilados recuperaron poder adquisitivo?\u00bb, pregunt\u00f3 el periodista Luis Majul. \u00abEn d\u00f3lares fenomenalmente, en d\u00f3lares vol\u00f3 el poder adquisitivo de los jubilados\u00bb, respondi\u00f3 el presidente.<\/p>\n<p>&nbsp;<\/p>\n<\/div>\n<\/div>\n<\/div>\n<\/div>\n","protected":false},"excerpt":{"rendered":"<p>Milei atac\u00f3 a Macri y dijo: \u00abEn d\u00f3lares, vol\u00f3 el poder adquisitivo de los jubilados\u00bb El presidente chicane\u00f3<\/p>\n","protected":false},"author":8,"featured_media":5009,"comment_status":"open","ping_status":"open","sticky":false,"template":"","format":"standard","meta":{"footnotes":""},"categories":[3],"tags":[692,576,1926],"class_list":["post-5367","post","type-post","status-publish","format-standard","has-post-thumbnail","hentry","category-nacionales","tag-javier-milei","tag-mauricio-macri","tag-santiago-caputo"],"featured_image_urls":{"full":["https:\/\/opinionpublica.com.ar\/index\/wp-content\/uploads\/2024\/08\/macri-milei.jpg",1200,675,false],"thumbnail":["https:\/\/opinionpublica.com.ar\/index\/wp-content\/uploads\/2024\/08\/macri-milei-150x150.jpg",150,150,true],"medium":["https:\/\/opinionpublica.com.ar\/index\/wp-content\/uploads\/2024\/08\/macri-milei-300x169.jpg",300,169,true],"medium_large":["https:\/\/opinionpublica.com.ar\/index\/wp-content\/uploads\/2024\/08\/macri-milei-768x432.jpg",640,360,true],"large":["https:\/\/opinionpublica.com.ar\/index\/wp-content\/uploads\/2024\/08\/macri-milei-1024x576.jpg",640,360,true],"1536x1536":["https:\/\/opinionpublica.com.ar\/index\/wp-content\/uploads\/2024\/08\/macri-milei.jpg",1200,675,false],"2048x2048":["https:\/\/opinionpublica.com.ar\/index\/wp-content\/uploads\/2024\/08\/macri-milei.jpg",1200,675,false],"morenews-large":["https:\/\/opinionpublica.com.ar\/index\/wp-content\/uploads\/2024\/08\/macri-milei-825x575.jpg",825,575,true],"morenews-medium":["https:\/\/opinionpublica.com.ar\/index\/wp-content\/uploads\/2024\/08\/macri-milei-590x410.jpg",590,410,true]},"author_info":{"display_name":"RKing","author_link":"https:\/\/opinionpublica.com.ar\/index\/author\/rking\/"},"category_info":"<a href=\"https:\/\/opinionpublica.com.ar\/index\/category\/nacionales\/\" rel=\"category tag\">Nacionales<\/a>","tag_info":"Nacionales","comment_count":"0","_links":{"self":[{"href":"https:\/\/opinionpublica.com.ar\/index\/wp-json\/wp\/v2\/posts\/5367","targetHints":{"allow":["GET"]}}],"collection":[{"href":"https:\/\/opinionpublica.com.ar\/index\/wp-json\/wp\/v2\/posts"}],"about":[{"href":"https:\/\/opinionpublica.com.ar\/index\/wp-json\/wp\/v2\/types\/post"}],"author":[{"embeddable":true,"href":"https:\/\/opinionpublica.com.ar\/index\/wp-json\/wp\/v2\/users\/8"}],"replies":[{"embeddable":true,"href":"https:\/\/opinionpublica.com.ar\/index\/wp-json\/wp\/v2\/comments?post=5367"}],"version-history":[{"count":1,"href":"https:\/\/opinionpublica.com.ar\/index\/wp-json\/wp\/v2\/posts\/5367\/revisions"}],"predecessor-version":[{"id":5368,"href":"https:\/\/opinionpublica.com.ar\/index\/wp-json\/wp\/v2\/posts\/5367\/revisions\/5368"}],"wp:featuredmedia":[{"embeddable":true,"href":"https:\/\/opinionpublica.com.ar\/index\/wp-json\/wp\/v2\/media\/5009"}],"wp:attachment":[{"href":"https:\/\/opinionpublica.com.ar\/index\/wp-json\/wp\/v2\/media?parent=5367"}],"wp:term":[{"taxonomy":"category","embeddable":true,"href":"https:\/\/opinionpublica.com.ar\/index\/wp-json\/wp\/v2\/categories?post=5367"},{"taxonomy":"post_tag","embeddable":true,"href":"https:\/\/opinionpublica.com.ar\/index\/wp-json\/wp\/v2\/tags?post=5367"}],"curies":[{"name":"wp","href":"https:\/\/api.w.org\/{rel}","templated":true}]}}