{"id":5517,"date":"2024-09-09T10:40:03","date_gmt":"2024-09-09T13:40:03","guid":{"rendered":"https:\/\/opinionpublica.com.ar\/index\/?p=5517"},"modified":"2024-09-09T10:40:03","modified_gmt":"2024-09-09T13:40:03","slug":"martin-perez-ratifico-su-politica-de-apoyo-a-las-y-los-jovenes","status":"publish","type":"post","link":"https:\/\/opinionpublica.com.ar\/index\/martin-perez-ratifico-su-politica-de-apoyo-a-las-y-los-jovenes\/","title":{"rendered":"Mart\u00edn Perez ratific\u00f3 su pol\u00edtica de apoyo a las y los j\u00f3venes"},"content":{"rendered":"<header class=\"entry-header\">\n<p class=\"entry-title\">Mart\u00edn Perez ratific\u00f3 su pol\u00edtica de apoyo a las y los j\u00f3venes.<\/p>\n<\/header>\n<div class=\"entry-content\" style=\"text-align: left;\">\n<p class=\"wp-block-heading\">El Intendente de R\u00edo Grande comparti\u00f3 la entrega de lentes gratuitos que son parte del Plan Municipal de Salud Visual. Adem\u00e1s, junto a cientos de j\u00f3venes emprendedores, el Municipio realiz\u00f3 la Expo Juventudes 2024.<\/p>\n<p><a href=\"https:\/\/opinionpublica.com.ar\/index\/wp-content\/uploads\/2024\/03\/MARTIN-PEREZ-00.webp\"><img fetchpriority=\"high\" decoding=\"async\" class=\"alignnone size-full wp-image-1108\" src=\"https:\/\/opinionpublica.com.ar\/index\/wp-content\/uploads\/2024\/03\/MARTIN-PEREZ-00.webp\" alt=\"\" width=\"1252\" height=\"1280\" srcset=\"https:\/\/opinionpublica.com.ar\/index\/wp-content\/uploads\/2024\/03\/MARTIN-PEREZ-00.webp 1252w, https:\/\/opinionpublica.com.ar\/index\/wp-content\/uploads\/2024\/03\/MARTIN-PEREZ-00-293x300.webp 293w, https:\/\/opinionpublica.com.ar\/index\/wp-content\/uploads\/2024\/03\/MARTIN-PEREZ-00-1002x1024.webp 1002w, https:\/\/opinionpublica.com.ar\/index\/wp-content\/uploads\/2024\/03\/MARTIN-PEREZ-00-768x785.webp 768w, https:\/\/opinionpublica.com.ar\/index\/wp-content\/uploads\/2024\/03\/MARTIN-PEREZ-00-1024x1047.webp 1024w\" sizes=\"(max-width: 1252px) 100vw, 1252px\" \/><\/a><\/p>\n<p>En el marco del Mes de las Juventudes, este s\u00e1bado, en Casa de J\u00f3venes, el intendente Mart\u00edn Perez comparti\u00f3 una merienda con las y los j\u00f3venes que se acercaron a recibir sus lentes gratuitos, los cuales son otorgados en el marco del Plan Municipal de Salud Visual que desarrolla el \u00e1rea de Salud del Municipio ya por tercer a\u00f1o consecutivo.<\/p>\n<div class=\"wp-block-image\"><\/div>\n<p>\u201cA trav\u00e9s de este programa de Salud Visual nos fijamos como objetivo garantizar la prevenci\u00f3n y promoci\u00f3n de la salud visual en condiciones de igualdad y equidad\u201d, asegur\u00f3 Mart\u00edn Perez.<\/p>\n<p>El Intendente celebr\u00f3 que tantos chicos y chicas, luego de sus controles oftalmol\u00f3gicos, est\u00e9n recibiendo sus lentes \u201cpara poder desarrollarse mejor en su aprendizaje y en su vida diaria, beneficiando su desarrollo pleno e integral en tantos aspectos de su vida\u201d.<\/p>\n<p>Por otra parte, este domingo el Polideportivo \u201cCarlos Margalot\u201d se transform\u00f3 en espacio de recreaci\u00f3n, cultura y promoci\u00f3n de iniciativas con la realizaci\u00f3n de la 4\u00b0 edici\u00f3n de la Expo Juventudes. Cientos de j\u00f3venes emprendedores y emprendedoras de diferentes rubros se dieron cita para mostrar su talento y creatividad.<\/p>\n<p>\u201cEn este mes que es pensado para las y los j\u00f3venes, reafirmamos como gesti\u00f3n municipal nuestro compromiso de acompa\u00f1arlos en sus metas y en su desarrollo. Estar presentes tanto en aquellas cosas que disfrutan hacer como en las que promueven su crecimiento y favorecen que alcancen lo que sue\u00f1an\u201d, expres\u00f3 el Intendente.<\/p>\n<p><a href=\"https:\/\/opinionpublica.com.ar\/index\/wp-content\/uploads\/2024\/09\/martin-perez-jovenes.jpg\"><img decoding=\"async\" class=\"alignnone size-full wp-image-5519\" src=\"https:\/\/opinionpublica.com.ar\/index\/wp-content\/uploads\/2024\/09\/martin-perez-jovenes.jpg\" alt=\"\" width=\"770\" height=\"513\" srcset=\"https:\/\/opinionpublica.com.ar\/index\/wp-content\/uploads\/2024\/09\/martin-perez-jovenes.jpg 770w, https:\/\/opinionpublica.com.ar\/index\/wp-content\/uploads\/2024\/09\/martin-perez-jovenes-300x200.jpg 300w, https:\/\/opinionpublica.com.ar\/index\/wp-content\/uploads\/2024\/09\/martin-perez-jovenes-768x512.jpg 768w\" sizes=\"(max-width: 770px) 100vw, 770px\" \/><\/a><\/p>\n<figure class=\"wp-block-image size-full\"><figcaption class=\"wp-element-caption\">El intendente Mart\u00edn Perez ratific\u00f3 el compromiso de su gesti\u00f3n para el desarrollo de las y los j\u00f3venes.<\/figcaption><\/figure>\n<p>Perez destac\u00f3 que el objetivo es crear un entorno que fomente la educaci\u00f3n, la creatividad, el emprendedurismo y la participaci\u00f3n ciudadana entre los j\u00f3venes. \u201cQueremos que tengan acceso a recursos y programas que les permitan desarrollar sus habilidades, alcanzar sus metas y contribuir al bienestar de toda la ciudad\u201d, asegur\u00f3.<\/p>\n<p>\u201cCreemos firmemente que los j\u00f3venes de nuestra ciudad tienen un potencial que hay que acompa\u00f1ar. Ellos son el presente y futuro de R\u00edo Grande, por eso vamos a seguir trabajando para brindarles las herramientas y oportunidades que necesitan para crecer y desarrollarse plenamente\u201d, concluy\u00f3 Mart\u00edn Perez.<\/p>\n<\/div>\n","protected":false},"excerpt":{"rendered":"<p>Mart\u00edn Perez ratific\u00f3 su pol\u00edtica de apoyo a las y los j\u00f3venes. El Intendente de R\u00edo Grande comparti\u00f3<\/p>\n","protected":false},"author":8,"featured_media":5519,"comment_status":"open","ping_status":"open","sticky":false,"template":"","format":"standard","meta":{"footnotes":""},"categories":[25,2],"tags":[2209,2210,1102,260,7,2211,5],"class_list":["post-5517","post","type-post","status-publish","format-standard","has-post-thumbnail","hentry","category-rio-grande","category-tierra-del-fuego","tag-apoyo","tag-expo-juventudes","tag-jovenes","tag-martin-perez","tag-rio-grande","tag-salud-visual","tag-tierra-del-fuego"],"featured_image_urls":{"full":["https:\/\/opinionpublica.com.ar\/index\/wp-content\/uploads\/2024\/09\/martin-perez-jovenes.jpg",770,513,false],"thumbnail":["https:\/\/opinionpublica.com.ar\/index\/wp-content\/uploads\/2024\/09\/martin-perez-jovenes-150x150.jpg",150,150,true],"medium":["https:\/\/opinionpublica.com.ar\/index\/wp-content\/uploads\/2024\/09\/martin-perez-jovenes-300x200.jpg",300,200,true],"medium_large":["https:\/\/opinionpublica.com.ar\/index\/wp-content\/uploads\/2024\/09\/martin-perez-jovenes-768x512.jpg",640,427,true],"large":["https:\/\/opinionpublica.com.ar\/index\/wp-content\/uploads\/2024\/09\/martin-perez-jovenes.jpg",640,426,false],"1536x1536":["https:\/\/opinionpublica.com.ar\/index\/wp-content\/uploads\/2024\/09\/martin-perez-jovenes.jpg",770,513,false],"2048x2048":["https:\/\/opinionpublica.com.ar\/index\/wp-content\/uploads\/2024\/09\/martin-perez-jovenes.jpg",770,513,false],"morenews-large":["https:\/\/opinionpublica.com.ar\/index\/wp-content\/uploads\/2024\/09\/martin-perez-jovenes.jpg",770,513,false],"morenews-medium":["https:\/\/opinionpublica.com.ar\/index\/wp-content\/uploads\/2024\/09\/martin-perez-jovenes-590x410.jpg",590,410,true]},"author_info":{"display_name":"RKing","author_link":"https:\/\/opinionpublica.com.ar\/index\/author\/rking\/"},"category_info":"<a href=\"https:\/\/opinionpublica.com.ar\/index\/category\/rio-grande\/\" rel=\"category tag\">Rio Grande<\/a> <a href=\"https:\/\/opinionpublica.com.ar\/index\/category\/tierra-del-fuego\/\" rel=\"category tag\">Tierra del Fuego<\/a>","tag_info":"Tierra del Fuego","comment_count":"0","_links":{"self":[{"href":"https:\/\/opinionpublica.com.ar\/index\/wp-json\/wp\/v2\/posts\/5517","targetHints":{"allow":["GET"]}}],"collection":[{"href":"https:\/\/opinionpublica.com.ar\/index\/wp-json\/wp\/v2\/posts"}],"about":[{"href":"https:\/\/opinionpublica.com.ar\/index\/wp-json\/wp\/v2\/types\/post"}],"author":[{"embeddable":true,"href":"https:\/\/opinionpublica.com.ar\/index\/wp-json\/wp\/v2\/users\/8"}],"replies":[{"embeddable":true,"href":"https:\/\/opinionpublica.com.ar\/index\/wp-json\/wp\/v2\/comments?post=5517"}],"version-history":[{"count":1,"href":"https:\/\/opinionpublica.com.ar\/index\/wp-json\/wp\/v2\/posts\/5517\/revisions"}],"predecessor-version":[{"id":5520,"href":"https:\/\/opinionpublica.com.ar\/index\/wp-json\/wp\/v2\/posts\/5517\/revisions\/5520"}],"wp:featuredmedia":[{"embeddable":true,"href":"https:\/\/opinionpublica.com.ar\/index\/wp-json\/wp\/v2\/media\/5519"}],"wp:attachment":[{"href":"https:\/\/opinionpublica.com.ar\/index\/wp-json\/wp\/v2\/media?parent=5517"}],"wp:term":[{"taxonomy":"category","embeddable":true,"href":"https:\/\/opinionpublica.com.ar\/index\/wp-json\/wp\/v2\/categories?post=5517"},{"taxonomy":"post_tag","embeddable":true,"href":"https:\/\/opinionpublica.com.ar\/index\/wp-json\/wp\/v2\/tags?post=5517"}],"curies":[{"name":"wp","href":"https:\/\/api.w.org\/{rel}","templated":true}]}}