{"id":5529,"date":"2024-09-10T10:27:15","date_gmt":"2024-09-10T13:27:15","guid":{"rendered":"https:\/\/opinionpublica.com.ar\/index\/?p=5529"},"modified":"2024-09-10T10:27:15","modified_gmt":"2024-09-10T13:27:15","slug":"walter-vuoto-entrega-subsidio-de-90-millones-para-torneo-de-futsal","status":"publish","type":"post","link":"https:\/\/opinionpublica.com.ar\/index\/walter-vuoto-entrega-subsidio-de-90-millones-para-torneo-de-futsal\/","title":{"rendered":"Walter Vuoto entrega subsidio de 90 millones para torneo de Futsal"},"content":{"rendered":"<p style=\"text-align: left;\">La inacci\u00f3n del vuotismo en materia de pol\u00edticas deportivas define sus prioridades. Una prueba de esto es el cierre casi pleno en los \u00faltimos a\u00f1os de los dos natatorios p\u00fablicos (Ana Mar\u00eda Karelovic y Polo Deportivo Andorra). Pero no todo es desinversi\u00f3n en el Municipio de Ushuaia.<\/p>\n<p style=\"text-align: left;\"><a href=\"https:\/\/opinionpublica.com.ar\/index\/wp-content\/uploads\/2024\/09\/walter_vuoto_crop1605746517211.jpg\"><img fetchpriority=\"high\" decoding=\"async\" class=\"alignnone size-full wp-image-5531\" src=\"https:\/\/opinionpublica.com.ar\/index\/wp-content\/uploads\/2024\/09\/walter_vuoto_crop1605746517211.jpg\" alt=\"\" width=\"1200\" height=\"1200\" srcset=\"https:\/\/opinionpublica.com.ar\/index\/wp-content\/uploads\/2024\/09\/walter_vuoto_crop1605746517211.jpg 1200w, https:\/\/opinionpublica.com.ar\/index\/wp-content\/uploads\/2024\/09\/walter_vuoto_crop1605746517211-300x300.jpg 300w, https:\/\/opinionpublica.com.ar\/index\/wp-content\/uploads\/2024\/09\/walter_vuoto_crop1605746517211-1024x1024.jpg 1024w, https:\/\/opinionpublica.com.ar\/index\/wp-content\/uploads\/2024\/09\/walter_vuoto_crop1605746517211-150x150.jpg 150w, https:\/\/opinionpublica.com.ar\/index\/wp-content\/uploads\/2024\/09\/walter_vuoto_crop1605746517211-768x768.jpg 768w\" sizes=\"(max-width: 1200px) 100vw, 1200px\" \/><\/a><\/p>\n<p style=\"text-align: left;\">El intendente Walter decidi\u00f3 emplear $90 millones de fondos del Estado Municipal para subsidiar el Torneo \u201cInternational Cup of Men\u2019s Champions Clubs\u201d para que quince delegaciones de distintas partes del mundo disputen en octubre pr\u00f3ximo un torneo de futsal en la capital fueguina.<\/p>\n<p>Las instalaciones del Gimnasio Jos\u00e9 \u201cCochocho\u201d Vargas ser\u00e1n sede del evento que Vuoto premio con un subsidio millonario. Lo curioso del privilegiado torneo fue la celeridad en que obtuvo la financiaci\u00f3n municipal.<\/p>\n<p>El pasado 20 de agosto los organizadores del certamen le solicitaron por nota el subsidio a la presidenta del Instituto Municipal de Deportes Liliana Gavil\u00e1n y en menos de 2 semanas la Secretar\u00eda de Econom\u00eda y Finanzas autoriz\u00f3 el millonario desembolso.<\/p>\n<p>Otra de las peculiares del pol\u00e9mico torneo es que se trata de la misma competencia que en 2023 disput\u00f3 el Club Casa Magallanes que preside actualmente el funcionario del Concejo Deliberante y ex subsecretario de Obras P\u00fablicas Municipal, Pablo Castro.<\/p>\n<p>Cuando faltan menos de dos meses para que se lleve adelante el Torneo International Cup of Men\u2019s Champions Club se desconocen que equipos lo disputar\u00e1n. En sus redes sociales la Federaci\u00f3n Ushuaiense de Futsal de Sal\u00f3n solo se inform\u00f3 que ser\u00e1n equipos de Brasil, Chile, Colombia Estados Unidos, Rep\u00fablica Checa, Australia y Argentina. Por lo que no se descarta la instituci\u00f3n que preside el funcionario allegado a Vuoto tenga el privilegio de disputar el torneo subsidiado con fondos del estado municipal. Los otros dos equipos argentinos ser\u00edan el Jockey Club de Mendoza y el Club Flamengo de Comodoro de Rivadavia.<\/p>\n","protected":false},"excerpt":{"rendered":"<p>La inacci\u00f3n del vuotismo en materia de pol\u00edticas deportivas define sus prioridades. Una prueba de esto es el<\/p>\n","protected":false},"author":8,"featured_media":5531,"comment_status":"open","ping_status":"open","sticky":false,"template":"","format":"standard","meta":{"footnotes":""},"categories":[21],"tags":[2213,2214,538],"class_list":["post-5529","post","type-post","status-publish","format-standard","has-post-thumbnail","hentry","category-ushuaia","tag-pablo-castro","tag-torneo-futsal","tag-walter-vuoto"],"featured_image_urls":{"full":["https:\/\/opinionpublica.com.ar\/index\/wp-content\/uploads\/2024\/09\/walter_vuoto_crop1605746517211.jpg",1200,1200,false],"thumbnail":["https:\/\/opinionpublica.com.ar\/index\/wp-content\/uploads\/2024\/09\/walter_vuoto_crop1605746517211-150x150.jpg",150,150,true],"medium":["https:\/\/opinionpublica.com.ar\/index\/wp-content\/uploads\/2024\/09\/walter_vuoto_crop1605746517211-300x300.jpg",300,300,true],"medium_large":["https:\/\/opinionpublica.com.ar\/index\/wp-content\/uploads\/2024\/09\/walter_vuoto_crop1605746517211-768x768.jpg",640,640,true],"large":["https:\/\/opinionpublica.com.ar\/index\/wp-content\/uploads\/2024\/09\/walter_vuoto_crop1605746517211-1024x1024.jpg",640,640,true],"1536x1536":["https:\/\/opinionpublica.com.ar\/index\/wp-content\/uploads\/2024\/09\/walter_vuoto_crop1605746517211.jpg",1200,1200,false],"2048x2048":["https:\/\/opinionpublica.com.ar\/index\/wp-content\/uploads\/2024\/09\/walter_vuoto_crop1605746517211.jpg",1200,1200,false],"morenews-large":["https:\/\/opinionpublica.com.ar\/index\/wp-content\/uploads\/2024\/09\/walter_vuoto_crop1605746517211-825x575.jpg",825,575,true],"morenews-medium":["https:\/\/opinionpublica.com.ar\/index\/wp-content\/uploads\/2024\/09\/walter_vuoto_crop1605746517211-590x410.jpg",590,410,true]},"author_info":{"display_name":"RKing","author_link":"https:\/\/opinionpublica.com.ar\/index\/author\/rking\/"},"category_info":"<a href=\"https:\/\/opinionpublica.com.ar\/index\/category\/ushuaia\/\" rel=\"category tag\">Ushuaia<\/a>","tag_info":"Ushuaia","comment_count":"0","_links":{"self":[{"href":"https:\/\/opinionpublica.com.ar\/index\/wp-json\/wp\/v2\/posts\/5529","targetHints":{"allow":["GET"]}}],"collection":[{"href":"https:\/\/opinionpublica.com.ar\/index\/wp-json\/wp\/v2\/posts"}],"about":[{"href":"https:\/\/opinionpublica.com.ar\/index\/wp-json\/wp\/v2\/types\/post"}],"author":[{"embeddable":true,"href":"https:\/\/opinionpublica.com.ar\/index\/wp-json\/wp\/v2\/users\/8"}],"replies":[{"embeddable":true,"href":"https:\/\/opinionpublica.com.ar\/index\/wp-json\/wp\/v2\/comments?post=5529"}],"version-history":[{"count":2,"href":"https:\/\/opinionpublica.com.ar\/index\/wp-json\/wp\/v2\/posts\/5529\/revisions"}],"predecessor-version":[{"id":5532,"href":"https:\/\/opinionpublica.com.ar\/index\/wp-json\/wp\/v2\/posts\/5529\/revisions\/5532"}],"wp:featuredmedia":[{"embeddable":true,"href":"https:\/\/opinionpublica.com.ar\/index\/wp-json\/wp\/v2\/media\/5531"}],"wp:attachment":[{"href":"https:\/\/opinionpublica.com.ar\/index\/wp-json\/wp\/v2\/media?parent=5529"}],"wp:term":[{"taxonomy":"category","embeddable":true,"href":"https:\/\/opinionpublica.com.ar\/index\/wp-json\/wp\/v2\/categories?post=5529"},{"taxonomy":"post_tag","embeddable":true,"href":"https:\/\/opinionpublica.com.ar\/index\/wp-json\/wp\/v2\/tags?post=5529"}],"curies":[{"name":"wp","href":"https:\/\/api.w.org\/{rel}","templated":true}]}}