{"id":5561,"date":"2024-09-11T11:13:58","date_gmt":"2024-09-11T14:13:58","guid":{"rendered":"https:\/\/opinionpublica.com.ar\/index\/?p=5561"},"modified":"2024-09-11T11:13:58","modified_gmt":"2024-09-11T14:13:58","slug":"el-regimen-de-tierra-del-fuego-se-puede-derogar-manifesto-un-diputado-de-la-coalicion-civica","status":"publish","type":"post","link":"https:\/\/opinionpublica.com.ar\/index\/el-regimen-de-tierra-del-fuego-se-puede-derogar-manifesto-un-diputado-de-la-coalicion-civica\/","title":{"rendered":"El r\u00e9gimen de Tierra del Fuego se puede derogar, manifesto un diputado de la Coalici\u00f3n C\u00edvica"},"content":{"rendered":"<p>Un diputado de la Coalici\u00f3n C\u00edvica asegur\u00f3 que el r\u00e9gimen de Tierra del Fuego se puede derogar.<\/p>\n<p>Se trata de Juan Manuel L\u00f3pez, diputado nacional de la Coalici\u00f3n C\u00edvica-ARI, quien critic\u00f3 la postura \u00abambigua\u00bb del presidente Javier Milei y asegur\u00f3 que \u201cel r\u00e9gimen solo se prorrog\u00f3 por decretos de Alberto Fern\u00e1ndez\u201d.<\/p>\n<div class=\"fecha-autor\"><a href=\"https:\/\/opinionpublica.com.ar\/index\/wp-content\/uploads\/2024\/09\/juan-manuel-lopez.jpg\"><img fetchpriority=\"high\" decoding=\"async\" class=\"alignnone size-full wp-image-5563\" src=\"https:\/\/opinionpublica.com.ar\/index\/wp-content\/uploads\/2024\/09\/juan-manuel-lopez.jpg\" alt=\"\" width=\"1200\" height=\"630\" srcset=\"https:\/\/opinionpublica.com.ar\/index\/wp-content\/uploads\/2024\/09\/juan-manuel-lopez.jpg 1200w, https:\/\/opinionpublica.com.ar\/index\/wp-content\/uploads\/2024\/09\/juan-manuel-lopez-300x158.jpg 300w, https:\/\/opinionpublica.com.ar\/index\/wp-content\/uploads\/2024\/09\/juan-manuel-lopez-1024x538.jpg 1024w, https:\/\/opinionpublica.com.ar\/index\/wp-content\/uploads\/2024\/09\/juan-manuel-lopez-768x403.jpg 768w\" sizes=\"(max-width: 1200px) 100vw, 1200px\" \/><\/a><\/div>\n<div class=\"noticia-imagen\">\n<div class=\"noticia-index-imagen img-container img-landscape\" data-media-desktop=\"{&quot;type&quot;:&quot;imagen&quot;,&quot;video&quot;:{&quot;url&quot;:&quot;&quot;,&quot;img&quot;:&quot;&quot;},&quot;imagen&quot;:{&quot;titulo&quot;:&quot;&quot;,&quot;epigrafe&quot;:&quot;&quot;,&quot;imagenes_sizes_max&quot;:&quot;lg&quot;,&quot;imagen_mascara_top&quot;:&quot;0&quot;,&quot;jpg&quot;:{&quot;min&quot;:&quot;https:\/\/sur54-s3.cdn.net.ar\/s3i233\/2024\/09\/sur54\/images\/01\/00\/19\/1001942_812ea583fa5bf97a116bec1e159aac7e069175e4a72f808aa6d0e2bcea679161\/min.jpg&quot;,&quot;xs&quot;:&quot;https:\/\/sur54-s3.cdn.net.ar\/s3i233\/2024\/09\/sur54\/images\/01\/00\/19\/1001942_812ea583fa5bf97a116bec1e159aac7e069175e4a72f808aa6d0e2bcea679161\/xs.jpg&quot;,&quot;sm&quot;:&quot;https:\/\/sur54-s3.cdn.net.ar\/s3i233\/2024\/09\/sur54\/images\/01\/00\/19\/1001942_812ea583fa5bf97a116bec1e159aac7e069175e4a72f808aa6d0e2bcea679161\/sm.jpg&quot;,&quot;md&quot;:&quot;https:\/\/sur54-s3.cdn.net.ar\/s3i233\/2024\/09\/sur54\/images\/01\/00\/19\/1001942_812ea583fa5bf97a116bec1e159aac7e069175e4a72f808aa6d0e2bcea679161\/md.jpg&quot;,&quot;lg&quot;:&quot;https:\/\/sur54-s3.cdn.net.ar\/s3i233\/2024\/09\/sur54\/images\/01\/00\/19\/1001942_812ea583fa5bf97a116bec1e159aac7e069175e4a72f808aa6d0e2bcea679161\/lg.jpg&quot;},&quot;ratio&quot;:1.5,&quot;webp&quot;:{&quot;min&quot;:&quot;https:\/\/sur54-s3.cdn.net.ar\/s3i233\/2024\/09\/sur54\/images\/01\/00\/19\/1001942_812ea583fa5bf97a116bec1e159aac7e069175e4a72f808aa6d0e2bcea679161\/min.webp&quot;,&quot;xs&quot;:&quot;https:\/\/sur54-s3.cdn.net.ar\/s3i233\/2024\/09\/sur54\/images\/01\/00\/19\/1001942_812ea583fa5bf97a116bec1e159aac7e069175e4a72f808aa6d0e2bcea679161\/xs.webp&quot;,&quot;sm&quot;:&quot;https:\/\/sur54-s3.cdn.net.ar\/s3i233\/2024\/09\/sur54\/images\/01\/00\/19\/1001942_812ea583fa5bf97a116bec1e159aac7e069175e4a72f808aa6d0e2bcea679161\/sm.webp&quot;,&quot;md&quot;:&quot;https:\/\/sur54-s3.cdn.net.ar\/s3i233\/2024\/09\/sur54\/images\/01\/00\/19\/1001942_812ea583fa5bf97a116bec1e159aac7e069175e4a72f808aa6d0e2bcea679161\/md.webp&quot;,&quot;lg&quot;:&quot;https:\/\/sur54-s3.cdn.net.ar\/s3i233\/2024\/09\/sur54\/images\/01\/00\/19\/1001942_812ea583fa5bf97a116bec1e159aac7e069175e4a72f808aa6d0e2bcea679161\/lg.webp&quot;},&quot;crop_metadata&quot;:{&quot;1x1&quot;:{&quot;x&quot;:50,&quot;y&quot;:50},&quot;4x3&quot;:{&quot;x&quot;:50,&quot;y&quot;:50},&quot;16x9&quot;:{&quot;x&quot;:50,&quot;y&quot;:50},&quot;21x9&quot;:{&quot;x&quot;:50,&quot;y&quot;:50},&quot;2x3&quot;:{&quot;x&quot;:50,&quot;y&quot;:50}}}}\" data-media-mobile=\"{&quot;type&quot;:null,&quot;video&quot;:{&quot;url&quot;:&quot;&quot;,&quot;img&quot;:&quot;&quot;},&quot;imagen&quot;:{&quot;titulo&quot;:&quot;&quot;,&quot;epigrafe&quot;:&quot;&quot;,&quot;imagenes_sizes_max&quot;:null,&quot;imagen_mascara_top&quot;:0,&quot;jpg&quot;:null,&quot;ratio&quot;:null}}\"><\/div>\n<\/div>\n<div class=\"contenido \">\n<p>En su cuenta personal de X,\u00a0el Diputado por la por la Provincia de Buenos Aires public\u00f3 un video cuestionando la decisi\u00f3n del Gobierno nacional de sostener que \u201cel r\u00e9gimen de Tierra del Fuego fue prorrogado por una ley en el Congreso\u201d.<\/p>\n<p>En segundo lugar,\u00a0L\u00f3pez consult\u00f3 \u201csi el Ejecutivo sigue considerando que los beneficios del R\u00e9gimen son &#8216;derechos adquiridos &#8216;\u201d.<\/p>\n<p>Asimismo,\u00a0en el mismo video, adjunt\u00f3 un archivo con declaraciones de Milei, en el 2023, donde se lo escucha decir que el R\u00e9gimen no se deroga \u201cporque hay derechos adquiridos\u201d.\u00a0Por otro lado, se puede ver un recorte de Luis Caputo donde declara que \u201cAlberto sac\u00f3 un decreto que le dio estabilidad fiscal hasta el 2038 y despu\u00e9s Massa lo ratific\u00f3 por ley en la Ley de Presupuesto\u201d.<\/p>\n<p>\u201cLo esperamos el domingo con el Presupuesto y una decisi\u00f3n\u201d, finaliza el posteo de L\u00f3pez.<\/p>\n<p>Cabe recordar que no es la primera vez que el Diputado atenta contra la provincia, en abril de este a\u00f1o hab\u00eda declarado que el r\u00e9gimen de Tierra del Fuego \u00abes un negocio de dos empresarios vinculados a la pol\u00edtica\u00bb, y asegur\u00f3 que solo se trata de \u00absostener dos empresas que ensamblan celulares y hacen que nos salgan el doble o el triple en otros pa\u00edses del mundo\u00bb.<\/p>\n<\/div>\n<p>&nbsp;<\/p>\n","protected":false},"excerpt":{"rendered":"<p>Un diputado de la Coalici\u00f3n C\u00edvica asegur\u00f3 que el r\u00e9gimen de Tierra del Fuego se puede derogar. Se<\/p>\n","protected":false},"author":8,"featured_media":5562,"comment_status":"open","ping_status":"open","sticky":false,"template":"","format":"standard","meta":{"footnotes":""},"categories":[1],"tags":[604,2121,5],"class_list":["post-5561","post","type-post","status-publish","format-standard","has-post-thumbnail","hentry","category-sin-categoria","tag-ley-19-640","tag-subregimen-industrial","tag-tierra-del-fuego"],"featured_image_urls":{"full":["https:\/\/opinionpublica.com.ar\/index\/wp-content\/uploads\/2024\/09\/lopez1-juan-manuel.jpg",798,522,false],"thumbnail":["https:\/\/opinionpublica.com.ar\/index\/wp-content\/uploads\/2024\/09\/lopez1-juan-manuel-150x150.jpg",150,150,true],"medium":["https:\/\/opinionpublica.com.ar\/index\/wp-content\/uploads\/2024\/09\/lopez1-juan-manuel-300x196.jpg",300,196,true],"medium_large":["https:\/\/opinionpublica.com.ar\/index\/wp-content\/uploads\/2024\/09\/lopez1-juan-manuel-768x502.jpg",640,418,true],"large":["https:\/\/opinionpublica.com.ar\/index\/wp-content\/uploads\/2024\/09\/lopez1-juan-manuel.jpg",640,419,false],"1536x1536":["https:\/\/opinionpublica.com.ar\/index\/wp-content\/uploads\/2024\/09\/lopez1-juan-manuel.jpg",798,522,false],"2048x2048":["https:\/\/opinionpublica.com.ar\/index\/wp-content\/uploads\/2024\/09\/lopez1-juan-manuel.jpg",798,522,false],"morenews-large":["https:\/\/opinionpublica.com.ar\/index\/wp-content\/uploads\/2024\/09\/lopez1-juan-manuel.jpg",798,522,false],"morenews-medium":["https:\/\/opinionpublica.com.ar\/index\/wp-content\/uploads\/2024\/09\/lopez1-juan-manuel-590x410.jpg",590,410,true]},"author_info":{"display_name":"RKing","author_link":"https:\/\/opinionpublica.com.ar\/index\/author\/rking\/"},"category_info":"<a href=\"https:\/\/opinionpublica.com.ar\/index\/category\/sin-categoria\/\" rel=\"category tag\">Sin categor\u00eda<\/a>","tag_info":"Sin categor\u00eda","comment_count":"0","_links":{"self":[{"href":"https:\/\/opinionpublica.com.ar\/index\/wp-json\/wp\/v2\/posts\/5561","targetHints":{"allow":["GET"]}}],"collection":[{"href":"https:\/\/opinionpublica.com.ar\/index\/wp-json\/wp\/v2\/posts"}],"about":[{"href":"https:\/\/opinionpublica.com.ar\/index\/wp-json\/wp\/v2\/types\/post"}],"author":[{"embeddable":true,"href":"https:\/\/opinionpublica.com.ar\/index\/wp-json\/wp\/v2\/users\/8"}],"replies":[{"embeddable":true,"href":"https:\/\/opinionpublica.com.ar\/index\/wp-json\/wp\/v2\/comments?post=5561"}],"version-history":[{"count":2,"href":"https:\/\/opinionpublica.com.ar\/index\/wp-json\/wp\/v2\/posts\/5561\/revisions"}],"predecessor-version":[{"id":5565,"href":"https:\/\/opinionpublica.com.ar\/index\/wp-json\/wp\/v2\/posts\/5561\/revisions\/5565"}],"wp:featuredmedia":[{"embeddable":true,"href":"https:\/\/opinionpublica.com.ar\/index\/wp-json\/wp\/v2\/media\/5562"}],"wp:attachment":[{"href":"https:\/\/opinionpublica.com.ar\/index\/wp-json\/wp\/v2\/media?parent=5561"}],"wp:term":[{"taxonomy":"category","embeddable":true,"href":"https:\/\/opinionpublica.com.ar\/index\/wp-json\/wp\/v2\/categories?post=5561"},{"taxonomy":"post_tag","embeddable":true,"href":"https:\/\/opinionpublica.com.ar\/index\/wp-json\/wp\/v2\/tags?post=5561"}],"curies":[{"name":"wp","href":"https:\/\/api.w.org\/{rel}","templated":true}]}}