{"id":5566,"date":"2024-09-11T11:18:52","date_gmt":"2024-09-11T14:18:52","guid":{"rendered":"https:\/\/opinionpublica.com.ar\/index\/?p=5566"},"modified":"2024-09-11T11:18:52","modified_gmt":"2024-09-11T14:18:52","slug":"el-radar-de-la-discordia-blanco-acuso-al-gobierno-nacional-de-querer-congraciarse-con-eeuu-y-el-reino-unido","status":"publish","type":"post","link":"https:\/\/opinionpublica.com.ar\/index\/el-radar-de-la-discordia-blanco-acuso-al-gobierno-nacional-de-querer-congraciarse-con-eeuu-y-el-reino-unido\/","title":{"rendered":"El radar de la discordia: Blanco acus\u00f3 al Gobierno nacional de querer congraciarse con EEUU y el Reino Unido"},"content":{"rendered":"<section class=\"elementor-section elementor-top-section elementor-element elementor-element-0861e4f elementor-section-boxed elementor-section-height-default elementor-section-height-default\" data-id=\"0861e4f\" data-element_type=\"section\">\n<div class=\"elementor-container elementor-column-gap-default\">\n<div class=\"elementor-row\">\n<div class=\"elementor-column elementor-col-100 elementor-top-column elementor-element elementor-element-43b1334\" data-id=\"43b1334\" data-element_type=\"column\">\n<div class=\"elementor-column-wrap elementor-element-populated\">\n<div class=\"elementor-widget-wrap\">\n<div class=\"elementor-element elementor-element-4e7a5ac elementor-widget elementor-widget-theme-post-title elementor-page-title elementor-widget-heading\" data-id=\"4e7a5ac\" data-element_type=\"widget\" data-widget_type=\"theme-post-title.default\">\n<div class=\"elementor-widget-container\">\n<p class=\"elementor-heading-title elementor-size-default\">Blanco acus\u00f3 al Gobierno nacional de querer congraciarse con EEUU y el Reino Unido.<\/p>\n<\/div>\n<\/div>\n<\/div>\n<\/div>\n<\/div>\n<\/div>\n<\/div>\n<\/section>\n<section class=\"elementor-section elementor-top-section elementor-element elementor-element-640466e elementor-section-boxed elementor-section-height-default elementor-section-height-default\" data-id=\"640466e\" data-element_type=\"section\">\n<div class=\"elementor-container elementor-column-gap-default\">\n<div class=\"elementor-row\">\n<div class=\"elementor-column elementor-col-100 elementor-top-column elementor-element elementor-element-2d4a842\" data-id=\"2d4a842\" data-element_type=\"column\">\n<div class=\"elementor-column-wrap elementor-element-populated\">\n<div class=\"elementor-widget-wrap\">\n<div class=\"elementor-element elementor-element-ff1c4ba elementor-widget elementor-widget-theme-post-content\" data-id=\"ff1c4ba\" data-element_type=\"widget\" data-widget_type=\"theme-post-content.default\">\n<div class=\"elementor-widget-container\">\n<p>El radar de la discordia.<\/p>\n<p>El representante fueguino por la UCR en el Senado de la Naci\u00f3n, Pablo Blanco, present\u00f3 un pedido de informes para que el Ejecutivo nacional de explicaciones sobre los trascendidos period\u00edsticos que se\u00f1alan que Javier Milei se apresta a autorizar a la firma Leolabs para operar desde Tolhuin.<\/p>\n<p><a href=\"https:\/\/opinionpublica.com.ar\/index\/wp-content\/uploads\/2024\/06\/pablo-blanco-senador.jpg\"><img fetchpriority=\"high\" decoding=\"async\" class=\"alignnone size-full wp-image-3883\" src=\"https:\/\/opinionpublica.com.ar\/index\/wp-content\/uploads\/2024\/06\/pablo-blanco-senador.jpg\" alt=\"\" width=\"730\" height=\"443\" srcset=\"https:\/\/opinionpublica.com.ar\/index\/wp-content\/uploads\/2024\/06\/pablo-blanco-senador.jpg 730w, https:\/\/opinionpublica.com.ar\/index\/wp-content\/uploads\/2024\/06\/pablo-blanco-senador-300x182.jpg 300w\" sizes=\"(max-width: 730px) 100vw, 730px\" \/><\/a><\/p>\n<p>&nbsp;<\/p>\n<p>El senador de Tierra del Fuego, el pol\u00edtico radical Pablo Daniel Blanco, present\u00f3 un pedido de informes en las \u00faltimas horas para solicitar al Gobierno nacional informaci\u00f3n sobre cuestiones relacionadas al trascendido period\u00edstico que da cuenta que el radar instalado en Tolhuin, perteneciente a la empresa Leolabs INC, ser\u00e1 finalmente autorizado a funcionar por la gesti\u00f3n de Javier Milei bajo el argumento de que es de propiedad norteamericana y no inglesa y que no tendr\u00eda fines militares.<\/p>\n<p>Blanco solicita conocer: \u201cBajo qu\u00e9 personer\u00eda jur\u00eddica va a funcionar puesto que la Inspecci\u00f3n Provincial de Justicia Fueguina inici\u00f3 el proceso de disoluci\u00f3n de la sociedad LeoLabs Argentina SRL por conformarse la imposibilidad sobreviniente de cumplir con su objeto social; qu\u00e9 autoridad nacional otorgar\u00e1 el reconocimiento a la mencionada personer\u00eda; bajo qu\u00e9 jurisdicci\u00f3n quedar\u00e1 en funcionamiento el radar (nacional, provincial o mixta); a qu\u00e9 se dedicar\u00e1 concretamente el radar; si cumplir\u00e1 o no funciones de inteligencia militar al servicio de la o las naciones con las que la empresa llegue a acuerdos comerciales o de cooperaci\u00f3n; si el Gobierno nacional est\u00e1 en condiciones de desmentir la informaci\u00f3n brindada por la propia compa\u00f1\u00eda Leolabs INC en el sentido de que hab\u00eda llegado a un acuerdo con Inglaterra para que el radar le suministrara informaci\u00f3n sensible de naturaleza militar\u201d.<\/p>\n<p><a href=\"https:\/\/opinionpublica.com.ar\/index\/wp-content\/uploads\/2024\/04\/radar-1-scaled-1.jpg\"><img decoding=\"async\" class=\"alignnone size-full wp-image-1982\" src=\"https:\/\/opinionpublica.com.ar\/index\/wp-content\/uploads\/2024\/04\/radar-1-scaled-1.jpg\" alt=\"\" width=\"720\" height=\"419\" srcset=\"https:\/\/opinionpublica.com.ar\/index\/wp-content\/uploads\/2024\/04\/radar-1-scaled-1.jpg 720w, https:\/\/opinionpublica.com.ar\/index\/wp-content\/uploads\/2024\/04\/radar-1-scaled-1-300x175.jpg 300w\" sizes=\"(max-width: 720px) 100vw, 720px\" \/><\/a><\/p>\n<p>\u201cLa noticia de que el Gobierno nacional estar\u00eda anunciando que el radar instalado en el coraz\u00f3n de la isla de Tierra del Fuego lleg\u00f3 para quedarse definitivamente se produce en el preciso momento en que autoridades judiciales fueguinas hacen lugar a un pedido de inhabilitaci\u00f3n de la empresa para quitarle la personer\u00eda jur\u00eddica\u201d, manifest\u00f3 extra\u00f1ado Blanco.<\/p>\n<p>Sobre su postura al respecto, el parlamentario consign\u00f3 que \u201cdesde el d\u00eda 1 fui un f\u00e9rreo opositor a la instalaci\u00f3n de tecnolog\u00eda satelital extranjera en territorio nacional sin controles ni supervisi\u00f3n alguna por parte del Estado, m\u00e1xime cuando la misma puede ser empleada con fines de inteligencia militar y responde a intereses que derivaron en la usurpaci\u00f3n de Malvinas. El posicionamiento del Gobierno nacional se contrapone con lo expresado por la propia empresa Leolabs quien anunci\u00f3 hace dos meses atr\u00e1s un convenio con el gobierno ingl\u00e9s para que su radar le brinde informaci\u00f3n estrat\u00e9gica\u201d.<\/p>\n<p>Sobre los motivos que animar\u00edan al presidente Javier Milei a asumir esa postura, Blanco indic\u00f3 que \u201cel Gobierno actual est\u00e1 volcado claramente a agradar a los intereses norteamericanos e ingleses y pretende que todo siga como si nada. Mientras tanto los fueguinos y los veteranos de Malvinas siguen esperando una respuesta coherente que venga a poner orden y claridad con lo que pasa con nuestra provincia y su soberan\u00eda\u201d.<\/p>\n<p>Por \u00faltimo, Blanco urgi\u00f3 a que \u201cesta cuesti\u00f3n sea esclarecida por completo para que los argentinos y los fueguinos sepamos si est\u00e1n jugando con nosotros o si esto forma parte de una nueva estrategia de posicionamiento internacional que, al parecer, pretende continuar y profundizar el cometido del Gobierno anterior que permiti\u00f3 la instalaci\u00f3n del mencionado radar en el coraz\u00f3n de mi provincia\u201d.<\/p>\n<\/div>\n<\/div>\n<\/div>\n<\/div>\n<\/div>\n<\/div>\n<\/div>\n<\/section>\n","protected":false},"excerpt":{"rendered":"<p>Blanco acus\u00f3 al Gobierno nacional de querer congraciarse con EEUU y el Reino Unido. El radar de la<\/p>\n","protected":false},"author":8,"featured_media":486,"comment_status":"open","ping_status":"open","sticky":false,"template":"","format":"standard","meta":{"footnotes":""},"categories":[3,2],"tags":[711,740,67],"class_list":["post-5566","post","type-post","status-publish","format-standard","has-post-thumbnail","hentry","category-nacionales","category-tierra-del-fuego","tag-gobierno-nacional","tag-leolabs","tag-pablo-blanco"],"featured_image_urls":{"full":["https:\/\/opinionpublica.com.ar\/index\/wp-content\/uploads\/2024\/03\/Blanco-Pablo.jpg",1200,800,false],"thumbnail":["https:\/\/opinionpublica.com.ar\/index\/wp-content\/uploads\/2024\/03\/Blanco-Pablo-150x150.jpg",150,150,true],"medium":["https:\/\/opinionpublica.com.ar\/index\/wp-content\/uploads\/2024\/03\/Blanco-Pablo-300x200.jpg",300,200,true],"medium_large":["https:\/\/opinionpublica.com.ar\/index\/wp-content\/uploads\/2024\/03\/Blanco-Pablo-768x512.jpg",640,427,true],"large":["https:\/\/opinionpublica.com.ar\/index\/wp-content\/uploads\/2024\/03\/Blanco-Pablo-1024x683.jpg",640,427,true],"1536x1536":["https:\/\/opinionpublica.com.ar\/index\/wp-content\/uploads\/2024\/03\/Blanco-Pablo.jpg",1200,800,false],"2048x2048":["https:\/\/opinionpublica.com.ar\/index\/wp-content\/uploads\/2024\/03\/Blanco-Pablo.jpg",1200,800,false],"morenews-large":["https:\/\/opinionpublica.com.ar\/index\/wp-content\/uploads\/2024\/03\/Blanco-Pablo-825x575.jpg",825,575,true],"morenews-medium":["https:\/\/opinionpublica.com.ar\/index\/wp-content\/uploads\/2024\/03\/Blanco-Pablo-590x410.jpg",590,410,true]},"author_info":{"display_name":"RKing","author_link":"https:\/\/opinionpublica.com.ar\/index\/author\/rking\/"},"category_info":"<a href=\"https:\/\/opinionpublica.com.ar\/index\/category\/nacionales\/\" rel=\"category tag\">Nacionales<\/a> <a href=\"https:\/\/opinionpublica.com.ar\/index\/category\/tierra-del-fuego\/\" rel=\"category tag\">Tierra del Fuego<\/a>","tag_info":"Tierra del Fuego","comment_count":"0","_links":{"self":[{"href":"https:\/\/opinionpublica.com.ar\/index\/wp-json\/wp\/v2\/posts\/5566","targetHints":{"allow":["GET"]}}],"collection":[{"href":"https:\/\/opinionpublica.com.ar\/index\/wp-json\/wp\/v2\/posts"}],"about":[{"href":"https:\/\/opinionpublica.com.ar\/index\/wp-json\/wp\/v2\/types\/post"}],"author":[{"embeddable":true,"href":"https:\/\/opinionpublica.com.ar\/index\/wp-json\/wp\/v2\/users\/8"}],"replies":[{"embeddable":true,"href":"https:\/\/opinionpublica.com.ar\/index\/wp-json\/wp\/v2\/comments?post=5566"}],"version-history":[{"count":1,"href":"https:\/\/opinionpublica.com.ar\/index\/wp-json\/wp\/v2\/posts\/5566\/revisions"}],"predecessor-version":[{"id":5567,"href":"https:\/\/opinionpublica.com.ar\/index\/wp-json\/wp\/v2\/posts\/5566\/revisions\/5567"}],"wp:featuredmedia":[{"embeddable":true,"href":"https:\/\/opinionpublica.com.ar\/index\/wp-json\/wp\/v2\/media\/486"}],"wp:attachment":[{"href":"https:\/\/opinionpublica.com.ar\/index\/wp-json\/wp\/v2\/media?parent=5566"}],"wp:term":[{"taxonomy":"category","embeddable":true,"href":"https:\/\/opinionpublica.com.ar\/index\/wp-json\/wp\/v2\/categories?post=5566"},{"taxonomy":"post_tag","embeddable":true,"href":"https:\/\/opinionpublica.com.ar\/index\/wp-json\/wp\/v2\/tags?post=5566"}],"curies":[{"name":"wp","href":"https:\/\/api.w.org\/{rel}","templated":true}]}}