{"id":5611,"date":"2024-09-13T10:13:47","date_gmt":"2024-09-13T13:13:47","guid":{"rendered":"https:\/\/opinionpublica.com.ar\/index\/?p=5611"},"modified":"2024-09-13T10:15:51","modified_gmt":"2024-09-13T13:15:51","slug":"fuerte-derrota-de-santiago-caputo-anularon-los-fondos-reservados-de-la-side","status":"publish","type":"post","link":"https:\/\/opinionpublica.com.ar\/index\/fuerte-derrota-de-santiago-caputo-anularon-los-fondos-reservados-de-la-side\/","title":{"rendered":"Fuerte derrota de Santiago Caputo, anularon los fondos reservados de la SIDE"},"content":{"rendered":"<div class=\"bloque1 nota noticia-ar\">\n<div class=\"item\">\n<div class=\"nota-header\">\n<div id=\"title-news\" class=\"title\">Fuerte derrota de Santiago Caputo: El peronismo y la UCR anularon el decreto de los fondos reservados de la SIDE<\/div>\n<div class=\"as\">\n<div class=\"description\">Con 49 votos contra 11, el peronismo y la UCR derogaron el decreto que ampliaba los fondos reservados a 100 mil millones. Villarruel no estuvo en el recinto para la derrota.<\/div>\n<\/div>\n<\/div>\n<div class=\"zleft z75\">\n<div class=\"media\">\n<div id=\"vplfgp_gallery1\" class=\"gallery\">\n<div class=\"g_controls\">\n<div class=\"image\">\n<div class=\"zoom\"><\/div>\n<\/div>\n<\/div>\n<div class=\"media-footer\"><\/div>\n<\/div>\n<\/div>\n<div class=\"ad_tn\">\n<div class=\"author-date\"><a href=\"https:\/\/opinionpublica.com.ar\/index\/wp-content\/uploads\/2024\/09\/santiago-caputo-6.jpg\"><img fetchpriority=\"high\" decoding=\"async\" class=\"alignnone size-full wp-image-5446\" src=\"https:\/\/opinionpublica.com.ar\/index\/wp-content\/uploads\/2024\/09\/santiago-caputo-6.jpg\" alt=\"\" width=\"600\" height=\"600\" srcset=\"https:\/\/opinionpublica.com.ar\/index\/wp-content\/uploads\/2024\/09\/santiago-caputo-6.jpg 600w, https:\/\/opinionpublica.com.ar\/index\/wp-content\/uploads\/2024\/09\/santiago-caputo-6-300x300.jpg 300w, https:\/\/opinionpublica.com.ar\/index\/wp-content\/uploads\/2024\/09\/santiago-caputo-6-150x150.jpg 150w\" sizes=\"(max-width: 600px) 100vw, 600px\" \/><\/a><\/div>\n<\/div>\n<div id=\"vsmcontent\" class=\"body vsmcontent\">\n<p>El peronismo y la UCR voltearon en el Senado el DNU que ampliaba en 100 mil millones de pesos los fondos reservados de la SIDE, durante la madrugada de este viernes. Con 49 votos contra 11 y 2 abstenciones, la oposici\u00f3n impuso as\u00ed una severa derrota a Santiago Caputo que contaba con esos fondos para financiar el ej\u00e9rcito de trolls y la operaci\u00f3n en los medios, la pol\u00edtica y la justicia que despliega como jefe de la ofensiva de los libertarios.<\/p>\n<p>La decisi\u00f3n del radivcal Mart\u00edn Lousteau de mantenerse en el rechazo al DNU y no ceder a los argumentos extorsivos del Gobierno que lleg\u00f3 a vincular el \u00abatentado vegano\u00bb a la Sociedad Rural con la necesidad de estos fondos, desarm\u00f3 el intento desesperado del Gobierno por conseguir un cuarto intermedio. Antes de eso, en otra jugada fracasada busc\u00f3 promover una sesi\u00f3n secreta.<\/p>\n<div class=\"zone z75-footer-globalsite-idx2 global-site-banner\">\n<div id=\"vplnewsletterv30458v3\" class=\"piece newsletter standard align-left bkg-image\">\n<div class=\"piecetitle\">\n<div class=\"piecetitleimage\"><\/div>\n<\/div>\n<\/div>\n<\/div>\n<p>Victoria Villarruel trat\u00f3 de evitarle el mal trago a la Casa Rosada e incluso se sum\u00f3 a la reuni\u00f3n que encabez\u00f3 Javier Milei este mi\u00e9rcoles en Balcarce 50 con los senadores aliados para coordinar una estrategia parlamentaria que no le asestara este golpe al oficialismo.<\/p>\n<p><a href=\"https:\/\/opinionpublica.com.ar\/index\/wp-content\/uploads\/2024\/09\/66e4133a2174b_798_509-diputados.jpg\"><img decoding=\"async\" class=\"alignnone size-full wp-image-5613\" src=\"https:\/\/opinionpublica.com.ar\/index\/wp-content\/uploads\/2024\/09\/66e4133a2174b_798_509-diputados.jpg\" alt=\"\" width=\"798\" height=\"509\" srcset=\"https:\/\/opinionpublica.com.ar\/index\/wp-content\/uploads\/2024\/09\/66e4133a2174b_798_509-diputados.jpg 798w, https:\/\/opinionpublica.com.ar\/index\/wp-content\/uploads\/2024\/09\/66e4133a2174b_798_509-diputados-300x191.jpg 300w, https:\/\/opinionpublica.com.ar\/index\/wp-content\/uploads\/2024\/09\/66e4133a2174b_798_509-diputados-768x490.jpg 768w\" sizes=\"(max-width: 798px) 100vw, 798px\" \/><\/a><\/p>\n<p>El rechazo a los fondos reservados para Santiago Caputo fue tan amplio que hasta el formose\u00f1o Francisco Paoltroni vot\u00f3 en contra. El libertario que habl\u00f3 de \u00abun secreto en la monta\u00f1a\u00bb entre el asesor y el presidente se veng\u00f3 as\u00ed de su expulsi\u00f3n del bloque.<\/p>\n<p>Tambi\u00e9n se sumaron a esa postura Alfredo De Angeli, Guadalupe Tagliaferri y Victoria Huala, mientras que Edgardo Kueider y Carlos \u00abCamau\u00bb Esp\u00ednola cerraron filas con los libertarios. M\u00f3nica Silva, Lucila Crexell y Juan Carlos Romero, por su parte, figuraban ausentes al momento de la votaci\u00f3n.<\/p>\n<p class=\"authorquote\">El rechazo a los fondos reservados para Santiago Caputo fue tan amplio que hasta el formose\u00f1o Francisco Paoltroni vot\u00f3 en contra. El libertario que habl\u00f3 de \u00abun secreto en la monta\u00f1a\u00bb entre el asesor y el presidente se veng\u00f3 as\u00ed de su expulsi\u00f3n del bloque.<\/p>\n<p>&nbsp;<\/p>\n<p>Al igual que con el debate del presupuesto universitario y su consecuente votaci\u00f3n, la Vicepresidenta no pis\u00f3 el recinto para no salir en la foto de la derrota. \u00abA Victoria no le gusta perder\u00bb, se le escuch\u00f3 decir a un colaborador de Villarruel cuando todav\u00eda se discut\u00edan los preparativos de otra sesi\u00f3n con gusto amargo para Milei.<\/p>\n<figure id=\"attachment_2096\" aria-describedby=\"caption-attachment-2096\" style=\"width: 1256px\" class=\"wp-caption alignnone\"><a href=\"https:\/\/opinionpublica.com.ar\/index\/wp-content\/uploads\/2024\/04\/congreso-nacional.jpg\"><img decoding=\"async\" class=\"size-full wp-image-2096\" src=\"https:\/\/opinionpublica.com.ar\/index\/wp-content\/uploads\/2024\/04\/congreso-nacional.jpg\" alt=\"\" width=\"1256\" height=\"620\" srcset=\"https:\/\/opinionpublica.com.ar\/index\/wp-content\/uploads\/2024\/04\/congreso-nacional.jpg 1256w, https:\/\/opinionpublica.com.ar\/index\/wp-content\/uploads\/2024\/04\/congreso-nacional-300x148.jpg 300w, https:\/\/opinionpublica.com.ar\/index\/wp-content\/uploads\/2024\/04\/congreso-nacional-1024x505.jpg 1024w, https:\/\/opinionpublica.com.ar\/index\/wp-content\/uploads\/2024\/04\/congreso-nacional-768x379.jpg 768w\" sizes=\"(max-width: 1256px) 100vw, 1256px\" \/><\/a><figcaption id=\"caption-attachment-2096\" class=\"wp-caption-text\">Sesi\u00f3n Diputados de la Naci\u00f3n.<br \/>18.12.2018<br \/>Foto Maxi Failla<\/figcaption><\/figure>\n<p>&nbsp;<\/p>\n<p>Tambi\u00e9n se fueron raudamente los tres enviados de la Jefatura de Gabinete, Jos\u00e9 Rolandi, Lisandro Catal\u00e1n y Mar\u00eda Ibarz\u00e1bal, cuando vieron venir la avalancha de votos en contra. \u00abLiteralmente no qued\u00f3 nadie del gobierno\u00bb, dec\u00eda con rabia un senador aliado.<\/p>\n<p>&nbsp;<\/p>\n<p>La sensaci\u00f3n de vac\u00edo que comenzaba a expandirse en el recinto y los palcos oblig\u00f3 incluso al peronismo a retirar oradores de la lista, para acortar los tiempos y pasar a la votaci\u00f3n lo antes posible. Fue el caso de la riojana Florencia L\u00f3pez, que prescindi\u00f3 del uso de la palabra para alcanzar el objetivo opositor.<\/p>\n<p>&nbsp;<\/p>\n<p>El encargado del cierre de los discursos fue Juan Carlos Pagotto, a quien Ezequiel Atauche le cedi\u00f3 la palabra para que defendiera el decreto. El riojano arranc\u00f3 diciendo que hubo gobierno que usaron la AFIP para hacer inteligencia y termin\u00f3 ponderando los servicios de inteligencia de Cuba y de China: \u00abson superiores a los nuestros\u00bb, dijo.<\/p>\n<p>&nbsp;<\/p>\n<p>Como sea, el saldo de la votaci\u00f3n es un duro golpe para Milei, que se puso al frente de la estrategia para evitar la derogaci\u00f3n del DNU pero fracas\u00f3.<\/p>\n<\/div>\n<\/div>\n<\/div>\n<\/div>\n","protected":false},"excerpt":{"rendered":"<p>Fuerte derrota de Santiago Caputo: El peronismo y la UCR anularon el decreto de los fondos reservados de<\/p>\n","protected":false},"author":8,"featured_media":4975,"comment_status":"open","ping_status":"open","sticky":false,"template":"","format":"standard","meta":{"footnotes":""},"categories":[3],"tags":[2239,692,2038,1926,1897,1217],"class_list":["post-5611","post","type-post","status-publish","format-standard","has-post-thumbnail","hentry","category-nacionales","tag-francisco-paoltroni","tag-javier-milei","tag-martin-lousteau","tag-santiago-caputo","tag-side","tag-victoria-villarruel"],"featured_image_urls":{"full":["https:\/\/opinionpublica.com.ar\/index\/wp-content\/uploads\/2024\/08\/santiago-caputo-1.jpg",1200,675,false],"thumbnail":["https:\/\/opinionpublica.com.ar\/index\/wp-content\/uploads\/2024\/08\/santiago-caputo-1-150x150.jpg",150,150,true],"medium":["https:\/\/opinionpublica.com.ar\/index\/wp-content\/uploads\/2024\/08\/santiago-caputo-1-300x169.jpg",300,169,true],"medium_large":["https:\/\/opinionpublica.com.ar\/index\/wp-content\/uploads\/2024\/08\/santiago-caputo-1-768x432.jpg",640,360,true],"large":["https:\/\/opinionpublica.com.ar\/index\/wp-content\/uploads\/2024\/08\/santiago-caputo-1-1024x576.jpg",640,360,true],"1536x1536":["https:\/\/opinionpublica.com.ar\/index\/wp-content\/uploads\/2024\/08\/santiago-caputo-1.jpg",1200,675,false],"2048x2048":["https:\/\/opinionpublica.com.ar\/index\/wp-content\/uploads\/2024\/08\/santiago-caputo-1.jpg",1200,675,false],"morenews-large":["https:\/\/opinionpublica.com.ar\/index\/wp-content\/uploads\/2024\/08\/santiago-caputo-1-825x575.jpg",825,575,true],"morenews-medium":["https:\/\/opinionpublica.com.ar\/index\/wp-content\/uploads\/2024\/08\/santiago-caputo-1-590x410.jpg",590,410,true]},"author_info":{"display_name":"RKing","author_link":"https:\/\/opinionpublica.com.ar\/index\/author\/rking\/"},"category_info":"<a href=\"https:\/\/opinionpublica.com.ar\/index\/category\/nacionales\/\" rel=\"category tag\">Nacionales<\/a>","tag_info":"Nacionales","comment_count":"0","_links":{"self":[{"href":"https:\/\/opinionpublica.com.ar\/index\/wp-json\/wp\/v2\/posts\/5611","targetHints":{"allow":["GET"]}}],"collection":[{"href":"https:\/\/opinionpublica.com.ar\/index\/wp-json\/wp\/v2\/posts"}],"about":[{"href":"https:\/\/opinionpublica.com.ar\/index\/wp-json\/wp\/v2\/types\/post"}],"author":[{"embeddable":true,"href":"https:\/\/opinionpublica.com.ar\/index\/wp-json\/wp\/v2\/users\/8"}],"replies":[{"embeddable":true,"href":"https:\/\/opinionpublica.com.ar\/index\/wp-json\/wp\/v2\/comments?post=5611"}],"version-history":[{"count":3,"href":"https:\/\/opinionpublica.com.ar\/index\/wp-json\/wp\/v2\/posts\/5611\/revisions"}],"predecessor-version":[{"id":5616,"href":"https:\/\/opinionpublica.com.ar\/index\/wp-json\/wp\/v2\/posts\/5611\/revisions\/5616"}],"wp:featuredmedia":[{"embeddable":true,"href":"https:\/\/opinionpublica.com.ar\/index\/wp-json\/wp\/v2\/media\/4975"}],"wp:attachment":[{"href":"https:\/\/opinionpublica.com.ar\/index\/wp-json\/wp\/v2\/media?parent=5611"}],"wp:term":[{"taxonomy":"category","embeddable":true,"href":"https:\/\/opinionpublica.com.ar\/index\/wp-json\/wp\/v2\/categories?post=5611"},{"taxonomy":"post_tag","embeddable":true,"href":"https:\/\/opinionpublica.com.ar\/index\/wp-json\/wp\/v2\/tags?post=5611"}],"curies":[{"name":"wp","href":"https:\/\/api.w.org\/{rel}","templated":true}]}}