{"id":5624,"date":"2024-09-13T10:54:40","date_gmt":"2024-09-13T13:54:40","guid":{"rendered":"https:\/\/opinionpublica.com.ar\/index\/?p=5624"},"modified":"2024-09-13T10:54:40","modified_gmt":"2024-09-13T13:54:40","slug":"antes-del-paro-echaron-a-tres-pilotos-de-aerolineas","status":"publish","type":"post","link":"https:\/\/opinionpublica.com.ar\/index\/antes-del-paro-echaron-a-tres-pilotos-de-aerolineas\/","title":{"rendered":"Antes del paro: echaron a tres pilotos de Aerol\u00edneas"},"content":{"rendered":"<div class=\"fila_100\">\n<div class=\"chapa_nota\">Antes del paro: echaron a tres pilotos de Aerol\u00edneas por negarse a operar.<\/div>\n<\/div>\n<div class=\"newnotapage notapage\">\n<div class=\"columan_one\">\n<div id=\"cuerpo_nota_aqui\" class=\"body text-resizable cuerpo_nota\">\n<p>Tres pilotos de Aerol\u00edneas Argentinas fueron despedidos por haberse negado a operar un avi\u00f3n que se deb\u00eda devolver, en rechazo al supuesto \u201cvaciamiento de la empresa\u201d. La decisi\u00f3n agrava el conflicto que mantienen la Asociaci\u00f3n de Pilotos de L\u00edneas A\u00e9reas (APLA) y la Asociaci\u00f3n Argentina de Aeronavegantes (AAA), que hoy al mediod\u00eda comenzar\u00e1n un paro de 24 horas, pero se espera que los despidos precipiten una profundizaci\u00f3n de las protestas.<\/p>\n<p><a href=\"https:\/\/opinionpublica.com.ar\/index\/wp-content\/uploads\/2024\/07\/aerolineas-aeropuerto.jpg\"><img fetchpriority=\"high\" decoding=\"async\" class=\"alignnone size-full wp-image-4469\" src=\"https:\/\/opinionpublica.com.ar\/index\/wp-content\/uploads\/2024\/07\/aerolineas-aeropuerto.jpg\" alt=\"\" width=\"1200\" height=\"653\" srcset=\"https:\/\/opinionpublica.com.ar\/index\/wp-content\/uploads\/2024\/07\/aerolineas-aeropuerto.jpg 1200w, https:\/\/opinionpublica.com.ar\/index\/wp-content\/uploads\/2024\/07\/aerolineas-aeropuerto-300x163.jpg 300w, https:\/\/opinionpublica.com.ar\/index\/wp-content\/uploads\/2024\/07\/aerolineas-aeropuerto-1024x557.jpg 1024w, https:\/\/opinionpublica.com.ar\/index\/wp-content\/uploads\/2024\/07\/aerolineas-aeropuerto-768x418.jpg 768w\" sizes=\"(max-width: 1200px) 100vw, 1200px\" \/><\/a><\/p>\n<p>Las cesant\u00edas de los pilotos fueron confirmadas por fuentes sindicales y de la compa\u00f1\u00eda estatal y tienen directa relaci\u00f3n con una pelea salarial que fue corri\u00e9ndose de eje: los despedidos argumentaron su negativa a pilotear un avi\u00f3n Embraer a la decisi\u00f3n de no avalar \u201cel achique\u201d de la empresa, que terminar\u00e1, seg\u00fan APLA y AAA, con la privatizaci\u00f3n de la aerol\u00ednea de bandera.<\/p>\n<div class=\"ppp ppp_cuerpo_nota_01\" data-spot=\"6633e4dbc1f1a4001471f92e\" data-id=\"6633e4dbc1f1a4001471f92e\" data-pos=\"cuerpo_nota_01\" data-width=\"1\" data-height=\"1\">\n<div>\n<div class=\" lazyloaded\" data-gpt=\"\/40860203\/video_1x1\" data-ocultar-susc=\"true\" data-expand=\"3000\">\n<div class=\"AV6622e015fced2c60b50c5b89\">\n<div id=\"aniBox\">\n<div id=\"aniplayer_AV6622e015fced2c60b50c5b89-1726235292029\">\n<div id=\"aniplayer_AV6622e015fced2c60b50c5b89-1726235292029gui\">\n<div id=\"av-caption\">\n<div id=\"av-close-btn-overlay\" class=\"av-pos-top-right\">\n<div id=\"av-close-btn\"><\/div>\n<\/div>\n<\/div>\n<\/div>\n<\/div>\n<\/div>\n<\/div>\n<\/div>\n<\/div>\n<\/div>\n<p>En Aerol\u00edneas Argentinas descartaron cualquier intenci\u00f3n de \u201cvaciamiento\u201d y explicaron que la aeronave que se negaron a pilotear ten\u00eda que \u201cir en devoluci\u00f3n\u201d porque es \u201chabitual que la compa\u00f1\u00eda incorpore y desafecte aviones\u201d, y aseguraron que \u201ceste a\u00f1o se sumaron 3 y debe devolverse esa misma cantidad, por lo que se mantiene la flota que hab\u00eda el a\u00f1o pasado\u201d.<\/p>\n<p class=\"subtitulo\"><strong><span class=\"transform_uppercase\">LA MEDIDA DE FUERZA<\/span><\/strong><\/p>\n<p>Mientras, el paro dispuesto para hoy por los gremios de pilotos y tripulantes de cabina afectar\u00e1 a m\u00e1s de 300 vuelos y perjudicar\u00e1 a m\u00e1s de 37 mil pasajeros, seg\u00fan estimaciones de fuentes aeroportuarias.<\/p>\n<p>Desde Aerol\u00edneas Argentinas indicaron que se est\u00e1 anticipando la situaci\u00f3n a los usuarios para que puedan cambiar sus vuelos\u00a0<i>\u201csin cargo\u201d\u00a0<\/i>y se est\u00e1 tratando de \u201creubicar y reacomodar\u201d a los pasajeros ante la contingencia, aunque a\u00fan no se ha determinado la cantidad de vuelos que ser\u00e1n cancelados.<\/p>\n<p>La medida de fuerza, hasta el momento, ser\u00e1 llevada adelante por la Asociaci\u00f3n de Pilotos de L\u00edneas A\u00e9reas (APLA) y la Asociaci\u00f3n Argentina de Aeronavegantes (AAA), por lo que \u00fanicamente los servicios de la l\u00ednea de bandera se ver\u00e1n complicados, al punto que seguramente, todos los vuelos entre las 12 de hoy y las 12 de ma\u00f1ana ser\u00e1n cancelados.<\/p>\n<div class=\"cont_links_internos\">\n<div class=\"link_nota_principal notasdoble_propia\">\n<div class=\"cont_bloque\">\n<p class=\"titulo_nota_linkp\"><a href=\"https:\/\/opinionpublica.com.ar\/index\/wp-content\/uploads\/2024\/09\/20240907115816_sin_paro-aerolineas-argentinas.jpg\"><img decoding=\"async\" class=\"alignnone size-full wp-image-5502\" src=\"https:\/\/opinionpublica.com.ar\/index\/wp-content\/uploads\/2024\/09\/20240907115816_sin_paro-aerolineas-argentinas.jpg\" alt=\"\" width=\"880\" height=\"586\" srcset=\"https:\/\/opinionpublica.com.ar\/index\/wp-content\/uploads\/2024\/09\/20240907115816_sin_paro-aerolineas-argentinas.jpg 880w, https:\/\/opinionpublica.com.ar\/index\/wp-content\/uploads\/2024\/09\/20240907115816_sin_paro-aerolineas-argentinas-300x200.jpg 300w, https:\/\/opinionpublica.com.ar\/index\/wp-content\/uploads\/2024\/09\/20240907115816_sin_paro-aerolineas-argentinas-768x511.jpg 768w\" sizes=\"(max-width: 880px) 100vw, 880px\" \/><\/a><\/p>\n<\/div>\n<\/div>\n<\/div>\n<p>Por ahora no se sumar\u00e1 al paro la Asociaci\u00f3n del Personal Aeron\u00e1utico (APA), que abarca a los trabajadores de Intercargo, lo que har\u00eda que los servicios de rampa, tanto en Aeroparque, como en Ezeiza, estar\u00edan garantizados.<\/p>\n<p>Esto significa que, salvo una decisi\u00f3n en contrario en las pr\u00f3ximas horas por parte del gremio, las operaciones de Flybondi, Jetsmart y las compa\u00f1\u00edas extranjeras, ser\u00e1n normales.<\/p>\n<\/div>\n<\/div>\n<\/div>\n","protected":false},"excerpt":{"rendered":"<p>Antes del paro: echaron a tres pilotos de Aerol\u00edneas por negarse a operar. Tres pilotos de Aerol\u00edneas Argentinas<\/p>\n","protected":false},"author":8,"featured_media":3344,"comment_status":"open","ping_status":"open","sticky":false,"template":"","format":"standard","meta":{"footnotes":""},"categories":[3],"tags":[89,1856,2113],"class_list":["post-5624","post","type-post","status-publish","format-standard","has-post-thumbnail","hentry","category-nacionales","tag-aerolineas-argentinas","tag-apla","tag-pilotos"],"featured_image_urls":{"full":["https:\/\/opinionpublica.com.ar\/index\/wp-content\/uploads\/2024\/05\/aerolineas-argentinas-3.jpg",960,640,false],"thumbnail":["https:\/\/opinionpublica.com.ar\/index\/wp-content\/uploads\/2024\/05\/aerolineas-argentinas-3-150x150.jpg",150,150,true],"medium":["https:\/\/opinionpublica.com.ar\/index\/wp-content\/uploads\/2024\/05\/aerolineas-argentinas-3-300x200.jpg",300,200,true],"medium_large":["https:\/\/opinionpublica.com.ar\/index\/wp-content\/uploads\/2024\/05\/aerolineas-argentinas-3-768x512.jpg",640,427,true],"large":["https:\/\/opinionpublica.com.ar\/index\/wp-content\/uploads\/2024\/05\/aerolineas-argentinas-3.jpg",640,427,false],"1536x1536":["https:\/\/opinionpublica.com.ar\/index\/wp-content\/uploads\/2024\/05\/aerolineas-argentinas-3.jpg",960,640,false],"2048x2048":["https:\/\/opinionpublica.com.ar\/index\/wp-content\/uploads\/2024\/05\/aerolineas-argentinas-3.jpg",960,640,false],"morenews-large":["https:\/\/opinionpublica.com.ar\/index\/wp-content\/uploads\/2024\/05\/aerolineas-argentinas-3-825x575.jpg",825,575,true],"morenews-medium":["https:\/\/opinionpublica.com.ar\/index\/wp-content\/uploads\/2024\/05\/aerolineas-argentinas-3-590x410.jpg",590,410,true]},"author_info":{"display_name":"RKing","author_link":"https:\/\/opinionpublica.com.ar\/index\/author\/rking\/"},"category_info":"<a href=\"https:\/\/opinionpublica.com.ar\/index\/category\/nacionales\/\" rel=\"category tag\">Nacionales<\/a>","tag_info":"Nacionales","comment_count":"0","_links":{"self":[{"href":"https:\/\/opinionpublica.com.ar\/index\/wp-json\/wp\/v2\/posts\/5624","targetHints":{"allow":["GET"]}}],"collection":[{"href":"https:\/\/opinionpublica.com.ar\/index\/wp-json\/wp\/v2\/posts"}],"about":[{"href":"https:\/\/opinionpublica.com.ar\/index\/wp-json\/wp\/v2\/types\/post"}],"author":[{"embeddable":true,"href":"https:\/\/opinionpublica.com.ar\/index\/wp-json\/wp\/v2\/users\/8"}],"replies":[{"embeddable":true,"href":"https:\/\/opinionpublica.com.ar\/index\/wp-json\/wp\/v2\/comments?post=5624"}],"version-history":[{"count":1,"href":"https:\/\/opinionpublica.com.ar\/index\/wp-json\/wp\/v2\/posts\/5624\/revisions"}],"predecessor-version":[{"id":5625,"href":"https:\/\/opinionpublica.com.ar\/index\/wp-json\/wp\/v2\/posts\/5624\/revisions\/5625"}],"wp:featuredmedia":[{"embeddable":true,"href":"https:\/\/opinionpublica.com.ar\/index\/wp-json\/wp\/v2\/media\/3344"}],"wp:attachment":[{"href":"https:\/\/opinionpublica.com.ar\/index\/wp-json\/wp\/v2\/media?parent=5624"}],"wp:term":[{"taxonomy":"category","embeddable":true,"href":"https:\/\/opinionpublica.com.ar\/index\/wp-json\/wp\/v2\/categories?post=5624"},{"taxonomy":"post_tag","embeddable":true,"href":"https:\/\/opinionpublica.com.ar\/index\/wp-json\/wp\/v2\/tags?post=5624"}],"curies":[{"name":"wp","href":"https:\/\/api.w.org\/{rel}","templated":true}]}}