{"id":5628,"date":"2024-09-13T11:23:01","date_gmt":"2024-09-13T14:23:01","guid":{"rendered":"https:\/\/opinionpublica.com.ar\/index\/?p=5628"},"modified":"2024-09-13T11:23:01","modified_gmt":"2024-09-13T14:23:01","slug":"belen-montes-de-oca-afirmo-que-habria-consenso-para-habilitar-uber-en-ushuaia","status":"publish","type":"post","link":"https:\/\/opinionpublica.com.ar\/index\/belen-montes-de-oca-afirmo-que-habria-consenso-para-habilitar-uber-en-ushuaia\/","title":{"rendered":"Belen Montes de Oca afirmo que habr\u00eda consenso para habilitar UBER en Ushuaia"},"content":{"rendered":"<div class=\"elementor-element elementor-element-5c8f590 elementor-widget elementor-widget-theme-post-title elementor-page-title elementor-widget-heading\" data-id=\"5c8f590\" data-element_type=\"widget\" data-widget_type=\"theme-post-title.default\">\n<div class=\"elementor-widget-container\">\n<p class=\"elementor-heading-title elementor-size-default\">Belen Montes de Oca afirmo que habr\u00eda consenso para habilitar UBER en Ushuaia.<\/p>\n<\/div>\n<\/div>\n<div class=\"elementor-element elementor-element-4556f44 elementor-widget elementor-widget-theme-post-content\" data-id=\"4556f44\" data-element_type=\"widget\" data-widget_type=\"theme-post-content.default\">\n<div class=\"elementor-widget-container\">\n<p>La concejal\u00a0Bel\u00e9n Montes de Oca\u00a0(Juntos por el Cambio) se mostr\u00f3 optimista en el logro de consensos en pos de solucionar definitivamente la pol\u00e9mica que existe en torno al uso de aplicaciones ilegales para contratar servicios de transporte.<\/p>\n<p><a href=\"https:\/\/opinionpublica.com.ar\/index\/wp-content\/uploads\/2024\/05\/belen-montes-de-oca.jpg\"><img fetchpriority=\"high\" decoding=\"async\" class=\"alignnone size-full wp-image-3128\" src=\"https:\/\/opinionpublica.com.ar\/index\/wp-content\/uploads\/2024\/05\/belen-montes-de-oca.jpg\" alt=\"\" width=\"880\" height=\"506\" srcset=\"https:\/\/opinionpublica.com.ar\/index\/wp-content\/uploads\/2024\/05\/belen-montes-de-oca.jpg 880w, https:\/\/opinionpublica.com.ar\/index\/wp-content\/uploads\/2024\/05\/belen-montes-de-oca-300x173.jpg 300w, https:\/\/opinionpublica.com.ar\/index\/wp-content\/uploads\/2024\/05\/belen-montes-de-oca-768x442.jpg 768w\" sizes=\"(max-width: 880px) 100vw, 880px\" \/><\/a><\/p>\n<p>Admiti\u00f3 que \u201chay una realidad que est\u00e1 y que es muy dif\u00edcil prohibirla\u201d. Consider\u00f3 que el asunto \u201cse va regularizar como pas\u00f3 en el resto del mundo\u201d y opin\u00f3 que \u201cno ser\u00eda responsable patear el tema para gestiones posteriores\u201d.<\/p>\n<p>\u201cHay consensos en que hay una realidad que est\u00e1 y que es muy dif\u00edcil prohibirla m\u00e1s all\u00e1 de lo que pas\u00f3 con la jueza correccional y el fallo que es un antecedente m\u00e1s o un fundamento m\u00e1s\u201d, dijo.<\/p>\n<p>Por \u00faltimo indic\u00f3 que \u201cNosotros hicimos una propuesta muy concreta, muy acabada del tema. Creemos que nuestro proyecto es muy bueno porque est\u00e1 estudiado y contempla la necesidad de tener seguros, la necesidad de tener garant\u00edas, que la Municipalidad participe a trav\u00e9s del registro de los choferes mediante aplicaciones\u201d, manifest\u00f3 aunque indic\u00f3 que tambi\u00e9n \u201chay otros proyectos que son muy interesantes\u201d.<\/p>\n<\/div>\n<\/div>\n","protected":false},"excerpt":{"rendered":"<p>Belen Montes de Oca afirmo que habr\u00eda consenso para habilitar UBER en Ushuaia. La concejal\u00a0Bel\u00e9n Montes de Oca\u00a0(Juntos<\/p>\n","protected":false},"author":8,"featured_media":4986,"comment_status":"open","ping_status":"open","sticky":false,"template":"","format":"standard","meta":{"footnotes":""},"categories":[21],"tags":[238,1342,398,6],"class_list":["post-5628","post","type-post","status-publish","format-standard","has-post-thumbnail","hentry","category-ushuaia","tag-belen-montes-de-oca","tag-consejo-deliberante","tag-uber","tag-ushuaia"],"featured_image_urls":{"full":["https:\/\/opinionpublica.com.ar\/index\/wp-content\/uploads\/2024\/08\/uber-ushuaia.jpg",900,582,false],"thumbnail":["https:\/\/opinionpublica.com.ar\/index\/wp-content\/uploads\/2024\/08\/uber-ushuaia-150x150.jpg",150,150,true],"medium":["https:\/\/opinionpublica.com.ar\/index\/wp-content\/uploads\/2024\/08\/uber-ushuaia-300x194.jpg",300,194,true],"medium_large":["https:\/\/opinionpublica.com.ar\/index\/wp-content\/uploads\/2024\/08\/uber-ushuaia-768x497.jpg",640,414,true],"large":["https:\/\/opinionpublica.com.ar\/index\/wp-content\/uploads\/2024\/08\/uber-ushuaia.jpg",640,414,false],"1536x1536":["https:\/\/opinionpublica.com.ar\/index\/wp-content\/uploads\/2024\/08\/uber-ushuaia.jpg",900,582,false],"2048x2048":["https:\/\/opinionpublica.com.ar\/index\/wp-content\/uploads\/2024\/08\/uber-ushuaia.jpg",900,582,false],"morenews-large":["https:\/\/opinionpublica.com.ar\/index\/wp-content\/uploads\/2024\/08\/uber-ushuaia-825x575.jpg",825,575,true],"morenews-medium":["https:\/\/opinionpublica.com.ar\/index\/wp-content\/uploads\/2024\/08\/uber-ushuaia-590x410.jpg",590,410,true]},"author_info":{"display_name":"RKing","author_link":"https:\/\/opinionpublica.com.ar\/index\/author\/rking\/"},"category_info":"<a href=\"https:\/\/opinionpublica.com.ar\/index\/category\/ushuaia\/\" rel=\"category tag\">Ushuaia<\/a>","tag_info":"Ushuaia","comment_count":"0","_links":{"self":[{"href":"https:\/\/opinionpublica.com.ar\/index\/wp-json\/wp\/v2\/posts\/5628","targetHints":{"allow":["GET"]}}],"collection":[{"href":"https:\/\/opinionpublica.com.ar\/index\/wp-json\/wp\/v2\/posts"}],"about":[{"href":"https:\/\/opinionpublica.com.ar\/index\/wp-json\/wp\/v2\/types\/post"}],"author":[{"embeddable":true,"href":"https:\/\/opinionpublica.com.ar\/index\/wp-json\/wp\/v2\/users\/8"}],"replies":[{"embeddable":true,"href":"https:\/\/opinionpublica.com.ar\/index\/wp-json\/wp\/v2\/comments?post=5628"}],"version-history":[{"count":1,"href":"https:\/\/opinionpublica.com.ar\/index\/wp-json\/wp\/v2\/posts\/5628\/revisions"}],"predecessor-version":[{"id":5629,"href":"https:\/\/opinionpublica.com.ar\/index\/wp-json\/wp\/v2\/posts\/5628\/revisions\/5629"}],"wp:featuredmedia":[{"embeddable":true,"href":"https:\/\/opinionpublica.com.ar\/index\/wp-json\/wp\/v2\/media\/4986"}],"wp:attachment":[{"href":"https:\/\/opinionpublica.com.ar\/index\/wp-json\/wp\/v2\/media?parent=5628"}],"wp:term":[{"taxonomy":"category","embeddable":true,"href":"https:\/\/opinionpublica.com.ar\/index\/wp-json\/wp\/v2\/categories?post=5628"},{"taxonomy":"post_tag","embeddable":true,"href":"https:\/\/opinionpublica.com.ar\/index\/wp-json\/wp\/v2\/tags?post=5628"}],"curies":[{"name":"wp","href":"https:\/\/api.w.org\/{rel}","templated":true}]}}