{"id":5733,"date":"2024-09-18T14:45:09","date_gmt":"2024-09-18T17:45:09","guid":{"rendered":"https:\/\/opinionpublica.com.ar\/index\/?p=5733"},"modified":"2024-09-18T14:45:09","modified_gmt":"2024-09-18T17:45:09","slug":"los-universitarios-anunciaron-un-paro-y-ya-proyectan-otra-multitudinaria-movilizacion","status":"publish","type":"post","link":"https:\/\/opinionpublica.com.ar\/index\/los-universitarios-anunciaron-un-paro-y-ya-proyectan-otra-multitudinaria-movilizacion\/","title":{"rendered":"Los universitarios anunciaron un paro y ya proyectan otra multitudinaria movilizaci\u00f3n"},"content":{"rendered":"<header class=\"vn-main-header\">\n<p id=\"single-title\">Los universitarios anunciaron un paro y ya proyectan otra multitudinaria movilizaci\u00f3n contra el veto de Javier Milei al aumento de fondos.<\/p>\n<\/header>\n<div class=\"vn-content-wrap vn-clearfix\">\n<div id=\"primary\" class=\"content-area\">\n<article id=\"post-142904\" class=\"vn-article-content post-142904 post type-post status-publish format-standard has-post-thumbnail hentry category-3 category-actualidad tag-docentes tag-docentes-universitarios tag-paritarias tag-veto\">\n<div class=\"entry-content\">\n<p class=\"wp-block-heading has-medium-font-size\">La Federaci\u00f3n Universitaria Argentina (FUA), rectores y docentes universitarios anunciaron un paro total de actividades en las universidades de todo el pa\u00eds para el pr\u00f3ximo jueves 26 de septiembre.<\/p>\n<p><a href=\"https:\/\/opinionpublica.com.ar\/index\/wp-content\/uploads\/2024\/09\/873895-9-a-leandroteysseire-movilizacion-universitarios.jpg\"><img fetchpriority=\"high\" decoding=\"async\" class=\"alignnone size-full wp-image-5734\" src=\"https:\/\/opinionpublica.com.ar\/index\/wp-content\/uploads\/2024\/09\/873895-9-a-leandroteysseire-movilizacion-universitarios.jpg\" alt=\"\" width=\"960\" height=\"640\" srcset=\"https:\/\/opinionpublica.com.ar\/index\/wp-content\/uploads\/2024\/09\/873895-9-a-leandroteysseire-movilizacion-universitarios.jpg 960w, https:\/\/opinionpublica.com.ar\/index\/wp-content\/uploads\/2024\/09\/873895-9-a-leandroteysseire-movilizacion-universitarios-300x200.jpg 300w, https:\/\/opinionpublica.com.ar\/index\/wp-content\/uploads\/2024\/09\/873895-9-a-leandroteysseire-movilizacion-universitarios-768x512.jpg 768w\" sizes=\"(max-width: 960px) 100vw, 960px\" \/><\/a><\/p>\n<p class=\"wp-block-heading has-medium-font-size\">Ser\u00e1 una respuesta al veto del presidente Javier Milei a la ley de financiaci\u00f3n educativa del nivel superior que aprob\u00f3 el Senado la semana pasada. Adem\u00e1s ya proyectan otra marcha universitaria que esperan sea multitudinaria.<\/p>\n<p>&nbsp;<\/p>\n<p>Se profundiza la crisis universitaria. Ante el anuncio del veto del presupuesto universitario hecho por el presidente Javier Milei, la Federaci\u00f3n Argentina del Trabajador de las Universidades Nacionales (FATUN) y los sindicatos ADUBA (docentes) y APUBA (no docentes) de la Universidad de Buenos Aires (UBA) convocaron este martes a un\u00a0<strong>paro para el jueves 26 de septiembre.<\/strong><\/p>\n<p>De manera conjunta, ADUBA y APUBA difundieron una serie de medidas para reclamar por mejoras salariales y defender la ley de presupuesto universitario votada en el Senado por amplia mayor\u00eda la semana pasada. Adem\u00e1s del paro,\u00a0<strong>el martes 24 a las 10 har\u00e1n un abrazo al Hospital de Cl\u00ednicas<\/strong>. Poco despu\u00e9s, FATUN se sum\u00f3 a la medida de fuerza \u00absin concurrencia a los lugares de trabajo\u00bb.<\/p>\n<p><strong>Es probable que los dem\u00e1s integrantes del Frente Sindical de Universidades Nacionales tambi\u00e9n convoquen en los pr\u00f3ximos d\u00edas<\/strong>.<\/p>\n<p>Tambi\u00e9n se aval\u00faa la realizaci\u00f3n de una marcha nacional universitaria para el 2 de octubre, si el presidente Milei finalmente cumple su promesa de veto.<\/p>\n<p><strong>\u201cVETO TOTAL\u201d<\/strong>, escribi\u00f3 el libertario en su cuenta de la red social X, en respuesta a una publicaci\u00f3n del subsecretario de Pol\u00edticas Universitarias de la Naci\u00f3n, Alejandro \u00c1lvarez, que explicaba que \u201cla \u00faltima palabra sobre el veto la tiene el presidente\u201d. Luego sum\u00f3 otras publicaciones en la misma red social, en la que distintos usuarios celebraban el anuncio del veto, ya que esto permitir\u00eda priorizar el \u201cequilibrio fiscal\u201d.<\/p>\n<p><a href=\"https:\/\/opinionpublica.com.ar\/index\/wp-content\/uploads\/2024\/09\/z-abrazo-uba-1w-movilizacion-universitarios.jpg\"><img decoding=\"async\" class=\"alignnone size-full wp-image-5735\" src=\"https:\/\/opinionpublica.com.ar\/index\/wp-content\/uploads\/2024\/09\/z-abrazo-uba-1w-movilizacion-universitarios.jpg\" alt=\"\" width=\"1000\" height=\"690\" srcset=\"https:\/\/opinionpublica.com.ar\/index\/wp-content\/uploads\/2024\/09\/z-abrazo-uba-1w-movilizacion-universitarios.jpg 1000w, https:\/\/opinionpublica.com.ar\/index\/wp-content\/uploads\/2024\/09\/z-abrazo-uba-1w-movilizacion-universitarios-300x207.jpg 300w, https:\/\/opinionpublica.com.ar\/index\/wp-content\/uploads\/2024\/09\/z-abrazo-uba-1w-movilizacion-universitarios-768x530.jpg 768w\" sizes=\"(max-width: 1000px) 100vw, 1000px\" \/><\/a><\/p>\n<p><strong>El proyecto de ley aprobado aumenta los fondos destinados a las universidades nacionales,<\/strong>\u00a0tanto para gastos de funcionamiento como para salarios de profesores y personal no docente, tomando en consideraci\u00f3n el \u00edndice de inflaci\u00f3n e impulsando un mecanismo para la recomposici\u00f3n de los sueldos.<\/p>\n<p>Seg\u00fan cifras facilitadas por el Consejo Superior de la UBA, los salarios de<strong>\u00a0los docentes universitarios han perdido, en promedio, entre un 35 y un 55 % de su poder adquisitivo<\/strong>\u00a0en los \u00faltimos ocho meses.<\/p>\n<p>Vale recordar que cerca de medio mill\u00f3n de ciudadanos -estudiantes, docentes, personal universitario, adem\u00e1s de sindicatos, pol\u00edticos y organizaciones sociales-se manifestaron el 23 de abril en la Marcha Federal Universitaria por las calles de todo el pa\u00eds en defensa de la educaci\u00f3n superior p\u00fablica y contra las pol\u00edticas del Ejecutivo en ese \u00e1mbito.<\/p>\n<p>Aquel d\u00eda parte de la sociedad se reuni\u00f3 para defender la educaci\u00f3n p\u00fablica ante las pol\u00edticas de ajuste del Gobierno de Milei.<\/p>\n<p>&nbsp;<\/p>\n<\/div>\n<\/article>\n<\/div>\n<\/div>\n","protected":false},"excerpt":{"rendered":"<p>Los universitarios anunciaron un paro y ya proyectan otra multitudinaria movilizaci\u00f3n contra el veto de Javier Milei al<\/p>\n","protected":false},"author":8,"featured_media":2381,"comment_status":"open","ping_status":"open","sticky":false,"template":"","format":"standard","meta":{"footnotes":""},"categories":[3],"tags":[85,2279,135,390],"class_list":["post-5733","post","type-post","status-publish","format-standard","has-post-thumbnail","hentry","category-nacionales","tag-docentes","tag-docentes-universitarios","tag-paritarias","tag-veto"],"featured_image_urls":{"full":["https:\/\/opinionpublica.com.ar\/index\/wp-content\/uploads\/2024\/04\/marcha-universidad.jpg",1200,751,false],"thumbnail":["https:\/\/opinionpublica.com.ar\/index\/wp-content\/uploads\/2024\/04\/marcha-universidad-150x150.jpg",150,150,true],"medium":["https:\/\/opinionpublica.com.ar\/index\/wp-content\/uploads\/2024\/04\/marcha-universidad-300x188.jpg",300,188,true],"medium_large":["https:\/\/opinionpublica.com.ar\/index\/wp-content\/uploads\/2024\/04\/marcha-universidad-768x481.jpg",640,401,true],"large":["https:\/\/opinionpublica.com.ar\/index\/wp-content\/uploads\/2024\/04\/marcha-universidad-1024x641.jpg",640,401,true],"1536x1536":["https:\/\/opinionpublica.com.ar\/index\/wp-content\/uploads\/2024\/04\/marcha-universidad.jpg",1200,751,false],"2048x2048":["https:\/\/opinionpublica.com.ar\/index\/wp-content\/uploads\/2024\/04\/marcha-universidad.jpg",1200,751,false],"morenews-large":["https:\/\/opinionpublica.com.ar\/index\/wp-content\/uploads\/2024\/04\/marcha-universidad-825x575.jpg",825,575,true],"morenews-medium":["https:\/\/opinionpublica.com.ar\/index\/wp-content\/uploads\/2024\/04\/marcha-universidad-590x410.jpg",590,410,true]},"author_info":{"display_name":"RKing","author_link":"https:\/\/opinionpublica.com.ar\/index\/author\/rking\/"},"category_info":"<a href=\"https:\/\/opinionpublica.com.ar\/index\/category\/nacionales\/\" rel=\"category tag\">Nacionales<\/a>","tag_info":"Nacionales","comment_count":"0","_links":{"self":[{"href":"https:\/\/opinionpublica.com.ar\/index\/wp-json\/wp\/v2\/posts\/5733","targetHints":{"allow":["GET"]}}],"collection":[{"href":"https:\/\/opinionpublica.com.ar\/index\/wp-json\/wp\/v2\/posts"}],"about":[{"href":"https:\/\/opinionpublica.com.ar\/index\/wp-json\/wp\/v2\/types\/post"}],"author":[{"embeddable":true,"href":"https:\/\/opinionpublica.com.ar\/index\/wp-json\/wp\/v2\/users\/8"}],"replies":[{"embeddable":true,"href":"https:\/\/opinionpublica.com.ar\/index\/wp-json\/wp\/v2\/comments?post=5733"}],"version-history":[{"count":1,"href":"https:\/\/opinionpublica.com.ar\/index\/wp-json\/wp\/v2\/posts\/5733\/revisions"}],"predecessor-version":[{"id":5736,"href":"https:\/\/opinionpublica.com.ar\/index\/wp-json\/wp\/v2\/posts\/5733\/revisions\/5736"}],"wp:featuredmedia":[{"embeddable":true,"href":"https:\/\/opinionpublica.com.ar\/index\/wp-json\/wp\/v2\/media\/2381"}],"wp:attachment":[{"href":"https:\/\/opinionpublica.com.ar\/index\/wp-json\/wp\/v2\/media?parent=5733"}],"wp:term":[{"taxonomy":"category","embeddable":true,"href":"https:\/\/opinionpublica.com.ar\/index\/wp-json\/wp\/v2\/categories?post=5733"},{"taxonomy":"post_tag","embeddable":true,"href":"https:\/\/opinionpublica.com.ar\/index\/wp-json\/wp\/v2\/tags?post=5733"}],"curies":[{"name":"wp","href":"https:\/\/api.w.org\/{rel}","templated":true}]}}