{"id":5741,"date":"2024-09-18T15:00:29","date_gmt":"2024-09-18T18:00:29","guid":{"rendered":"https:\/\/opinionpublica.com.ar\/index\/?p=5741"},"modified":"2024-09-18T15:00:29","modified_gmt":"2024-09-18T18:00:29","slug":"martin-lousteau-quiere-que-le-vaya-mal-al-gobierno","status":"publish","type":"post","link":"https:\/\/opinionpublica.com.ar\/index\/martin-lousteau-quiere-que-le-vaya-mal-al-gobierno\/","title":{"rendered":"Mart\u00edn Lousteau quiere que le vaya mal al Gobierno"},"content":{"rendered":"<p>Un diputado de la UCR prendi\u00f3 fuego a Mart\u00edn Lousteau y habl\u00f3 de un \u201centongue\u201d con el kirchnerismo.<\/p>\n<p>Se trata de Mariano Campero, uno de los legisladores suspendidos por la conducci\u00f3n del partido centenario tras su votaci\u00f3n a favor del veto presidencial a la Ley de movilidad jubilatoria.<\/p>\n<p><a href=\"https:\/\/opinionpublica.com.ar\/index\/wp-content\/uploads\/2024\/08\/martin-lousteau.jpg\"><img fetchpriority=\"high\" decoding=\"async\" class=\"alignnone size-full wp-image-5138\" src=\"https:\/\/opinionpublica.com.ar\/index\/wp-content\/uploads\/2024\/08\/martin-lousteau.jpg\" alt=\"\" width=\"960\" height=\"640\" srcset=\"https:\/\/opinionpublica.com.ar\/index\/wp-content\/uploads\/2024\/08\/martin-lousteau.jpg 960w, https:\/\/opinionpublica.com.ar\/index\/wp-content\/uploads\/2024\/08\/martin-lousteau-300x200.jpg 300w, https:\/\/opinionpublica.com.ar\/index\/wp-content\/uploads\/2024\/08\/martin-lousteau-768x512.jpg 768w\" sizes=\"(max-width: 960px) 100vw, 960px\" \/><\/a><\/p>\n<p>La conducci\u00f3n de la Uni\u00f3n C\u00edvica Radical (UCR), a cargo de Mart\u00edn Lousteau -titular del Comit\u00e9 Nacional- y Gast\u00f3n Manes -titular de la Convenci\u00f3n Nacional-, suspendi\u00f3 en las \u00faltimas horas a los legisladores nacionales de su partido que acompa\u00f1aron al oficialismo con su voto para ratificar el veto del presidente Javier Milei a la Ley de movilidad jubilatoria sancionada en el Congreso de la Naci\u00f3n. Uno de los legisladores en cuesti\u00f3n es Mariano Campero, quien este martes prendi\u00f3 fuego a Lousteau al afirmar que \u201cquiere que le vaya mal al Gobierno\u201d.<\/p>\n<p>Consultado sobre la decisi\u00f3n de la conducci\u00f3n radical, Campero remarc\u00f3: \u201cEn la \u00faltima sesi\u00f3n hemos pegado en el hormiguero que hab\u00eda que pegar, en donde hab\u00eda un entongue entre Uni\u00f3n por la Patria con algunos radicales kirchneristas\u201d. Y sobre el mello de la cuesti\u00f3n, explic\u00f3: \u201cEn jubilaciones, el gran problema es que sobre las cuatro y media y cinco de la ma\u00f1ana se incorporan dos art\u00edculos nefastos: uno que dec\u00eda pagar todos los juicios de la Anses y otro que era actualizaci\u00f3n de IPC con canasta b\u00e1sica de 1,8\u201d.<\/p>\n<p>\u201cNosotros informamos en el bloque mucho antes de la sesi\u00f3n y de que salga el veto que no \u00edbamos a acompa\u00f1ar porque nos parec\u00eda mal ese acuerdo que hab\u00eda existido entre colegas de nuestro bloque con los de Uni\u00f3n por la Patria\u201d, ahond\u00f3 Campero. Y recalc\u00f3: \u201cEso se filtr\u00f3 de alguna mala leche, pero nos vino muy bien. Porque el Gobierno tom\u00f3 conocimiento de que hab\u00eda radicales que queremos que le vaya bien al gobierno de Milei\u201d.<\/p>\n<p>En esta l\u00ednea, el legislador asever\u00f3 que \u201cno\u201d se averg\u00fcenza de afirmar que quiere que le vaya bien al Gobierno. Y contempl\u00f3: \u201cLlegu\u00e9 aqu\u00ed con Patricia Bullrich como candidata\u201d, en referencia a la actual ministra de Seguridad de la Naci\u00f3n. En cambio, puntualiz\u00f3 el legislador, \u201cLousteau claramente quiere que le vaya mal al Gobierno\u201d.<\/p>\n<p>Fue all\u00ed cuando contrast\u00f3 las distintas conducciones de la UCR. \u201cEl radicalismo cercano a Milei, el de (el actual gobernador de Mendoza, Alfredo) Cornejo, tiene muy buenas gestiones. Tenemos gobernadores, intendentes, experiencia de gesti\u00f3n. Lousteau y los que est\u00e1n conduciendo el partido hoy en d\u00eda son perdedores seriales de cargos ejecutivos. La \u00fanica vez que tuvo un cargo ejecutivo Lousteau fue ministro de Econom\u00eda y autor de la 125 en el campo\u201d, dispar\u00f3.<\/p>\n<p>Tras esta afirmaci\u00f3n, el entrevistador, Esteban Trebucq, le pregunt\u00f3 \u201cpara qu\u00e9 lo eligieron como presidente del partido\u201d, a lo que Campero explic\u00f3: \u201cEse fue un entongue que se arm\u00f3. Porque lo eligen delegados al comit\u00e9 nacional que fueron electos hace dos a\u00f1os. Hace dos a\u00f1os estaba la expectativa de (el exgobernador de Jujuy, Gerardo) Morales presidente, Lousteau jefe de Gobierno de la Ciudad y desde ah\u00ed \u00e9l armar su carrera presidencial, que definitivamente es su sue\u00f1o\u201d.<\/p>\n<p>&nbsp;<\/p>\n","protected":false},"excerpt":{"rendered":"<p>Un diputado de la UCR prendi\u00f3 fuego a Mart\u00edn Lousteau y habl\u00f3 de un \u201centongue\u201d con el kirchnerismo.<\/p>\n","protected":false},"author":8,"featured_media":5138,"comment_status":"open","ping_status":"open","sticky":false,"template":"","format":"standard","meta":{"footnotes":""},"categories":[3,27],"tags":[711,1768,2281,2038,2282,141],"class_list":["post-5741","post","type-post","status-publish","format-standard","has-post-thumbnail","hentry","category-nacionales","category-politica","tag-gobierno-nacional","tag-kirchnerismo","tag-mariano-campero","tag-martin-lousteau","tag-superdestacada","tag-ucr"],"featured_image_urls":{"full":["https:\/\/opinionpublica.com.ar\/index\/wp-content\/uploads\/2024\/08\/martin-lousteau.jpg",960,640,false],"thumbnail":["https:\/\/opinionpublica.com.ar\/index\/wp-content\/uploads\/2024\/08\/martin-lousteau-150x150.jpg",150,150,true],"medium":["https:\/\/opinionpublica.com.ar\/index\/wp-content\/uploads\/2024\/08\/martin-lousteau-300x200.jpg",300,200,true],"medium_large":["https:\/\/opinionpublica.com.ar\/index\/wp-content\/uploads\/2024\/08\/martin-lousteau-768x512.jpg",640,427,true],"large":["https:\/\/opinionpublica.com.ar\/index\/wp-content\/uploads\/2024\/08\/martin-lousteau.jpg",640,427,false],"1536x1536":["https:\/\/opinionpublica.com.ar\/index\/wp-content\/uploads\/2024\/08\/martin-lousteau.jpg",960,640,false],"2048x2048":["https:\/\/opinionpublica.com.ar\/index\/wp-content\/uploads\/2024\/08\/martin-lousteau.jpg",960,640,false],"morenews-large":["https:\/\/opinionpublica.com.ar\/index\/wp-content\/uploads\/2024\/08\/martin-lousteau-825x575.jpg",825,575,true],"morenews-medium":["https:\/\/opinionpublica.com.ar\/index\/wp-content\/uploads\/2024\/08\/martin-lousteau-590x410.jpg",590,410,true]},"author_info":{"display_name":"RKing","author_link":"https:\/\/opinionpublica.com.ar\/index\/author\/rking\/"},"category_info":"<a href=\"https:\/\/opinionpublica.com.ar\/index\/category\/nacionales\/\" rel=\"category tag\">Nacionales<\/a> <a href=\"https:\/\/opinionpublica.com.ar\/index\/category\/politica\/\" rel=\"category tag\">Politica<\/a>","tag_info":"Politica","comment_count":"0","_links":{"self":[{"href":"https:\/\/opinionpublica.com.ar\/index\/wp-json\/wp\/v2\/posts\/5741","targetHints":{"allow":["GET"]}}],"collection":[{"href":"https:\/\/opinionpublica.com.ar\/index\/wp-json\/wp\/v2\/posts"}],"about":[{"href":"https:\/\/opinionpublica.com.ar\/index\/wp-json\/wp\/v2\/types\/post"}],"author":[{"embeddable":true,"href":"https:\/\/opinionpublica.com.ar\/index\/wp-json\/wp\/v2\/users\/8"}],"replies":[{"embeddable":true,"href":"https:\/\/opinionpublica.com.ar\/index\/wp-json\/wp\/v2\/comments?post=5741"}],"version-history":[{"count":1,"href":"https:\/\/opinionpublica.com.ar\/index\/wp-json\/wp\/v2\/posts\/5741\/revisions"}],"predecessor-version":[{"id":5742,"href":"https:\/\/opinionpublica.com.ar\/index\/wp-json\/wp\/v2\/posts\/5741\/revisions\/5742"}],"wp:featuredmedia":[{"embeddable":true,"href":"https:\/\/opinionpublica.com.ar\/index\/wp-json\/wp\/v2\/media\/5138"}],"wp:attachment":[{"href":"https:\/\/opinionpublica.com.ar\/index\/wp-json\/wp\/v2\/media?parent=5741"}],"wp:term":[{"taxonomy":"category","embeddable":true,"href":"https:\/\/opinionpublica.com.ar\/index\/wp-json\/wp\/v2\/categories?post=5741"},{"taxonomy":"post_tag","embeddable":true,"href":"https:\/\/opinionpublica.com.ar\/index\/wp-json\/wp\/v2\/tags?post=5741"}],"curies":[{"name":"wp","href":"https:\/\/api.w.org\/{rel}","templated":true}]}}