{"id":5795,"date":"2024-09-20T01:05:03","date_gmt":"2024-09-20T04:05:03","guid":{"rendered":"https:\/\/opinionpublica.com.ar\/index\/?p=5795"},"modified":"2024-09-20T01:05:03","modified_gmt":"2024-09-20T04:05:03","slug":"gaston-diaz-a-nosotros-el-unico-equilibrio-que-nos-interesa-es-el-financiero","status":"publish","type":"post","link":"https:\/\/opinionpublica.com.ar\/index\/gaston-diaz-a-nosotros-el-unico-equilibrio-que-nos-interesa-es-el-financiero\/","title":{"rendered":"Gast\u00f3n Diaz: A nosotros el \u00fanico equilibrio que nos interesa es el financiero"},"content":{"rendered":"<div class=\"td-post-header td-container\">\n<div class=\"td-post-header-holder td-image-gradient\">\n<header class=\"td-post-title\">\n<p class=\"entry-title\">Gast\u00f3n Diaz: A nosotros el \u00fanico equilibrio que nos interesa es el financiero.<\/p>\n<\/header>\n<\/div>\n<\/div>\n<div class=\"td-container\">\n<div class=\"td-pb-row\">\n<div class=\"td-pb-span12 td-main-content\" role=\"main\">\n<div class=\"td-ss-main-content\">\n<div class=\"td-post-content tagdiv-type\">\n<p>El secretario de gobierno del municipio de Rio Grande, Gast\u00f3n Diaz se refiri\u00f3 a\u00a0los dichos del legislador Federico Sciurano, asegurando que, \u201ccuando se trata de cuestiones econ\u00f3micas, recursos, desde la municipalidad vamos a hacer una defensa f\u00e9rrea y firme, de la misma manera que el propio legislador Sciurano lo hac\u00eda cuando era intendente de la ciudad de Ushuaia\u201d.<\/p>\n<p><a href=\"https:\/\/opinionpublica.com.ar\/index\/wp-content\/uploads\/2024\/03\/Gaston-diaz-1.jpg\"><img fetchpriority=\"high\" decoding=\"async\" class=\"alignnone size-full wp-image-1145\" src=\"https:\/\/opinionpublica.com.ar\/index\/wp-content\/uploads\/2024\/03\/Gaston-diaz-1.jpg\" alt=\"\" width=\"1024\" height=\"759\" srcset=\"https:\/\/opinionpublica.com.ar\/index\/wp-content\/uploads\/2024\/03\/Gaston-diaz-1.jpg 1024w, https:\/\/opinionpublica.com.ar\/index\/wp-content\/uploads\/2024\/03\/Gaston-diaz-1-300x222.jpg 300w, https:\/\/opinionpublica.com.ar\/index\/wp-content\/uploads\/2024\/03\/Gaston-diaz-1-768x569.jpg 768w\" sizes=\"(max-width: 1024px) 100vw, 1024px\" \/><\/a><\/p>\n<p>En di\u00e1logo con Radio Provincia dijo que esta defensa, \u201cde ninguna manera est\u00e1 relacionada a esa suerte de equilibrio emocional que refiri\u00f3 Sciurano. A nosotros el \u00fanico equilibrio que nos interesa es el financiero\u201d<\/p>\n<p>\u201cLo que nos interesa es que no se le recorten 3.000 millones de pesos a los vecinos de la ciudad de Rio Grande\u201d, eval\u00fao.<\/p>\n<p>En cuanto a la posible participaci\u00f3n en la Legislatura agreg\u00f3 que, \u201cdel intendente tiene que seguir gestionando desde la ciudad de Rio Grande, de las cuestiones que se debaten en la Legislatura se ocupan los Legisladores y eventualmente, si existe una invitaci\u00f3n a una reuni\u00f3n de Comisi\u00f3n, nosotros vamos a dejar sentada la postura\u201d.<\/p>\n<p>El funcionario indic\u00f3 que, \u201csi el legislador tiene alg\u00fan inter\u00e9s real en conocer a d\u00f3nde van los recursos de la ciudad, nosotros lo invitamos a visitar la ciudad, el municipio y junto al intendente recorrer los lugares donde van esos recursos\u201d.<\/p>\n<p>Por \u00faltimo expres\u00f3 que, \u201cdestinamos el 10% del presupuesto municipal a contribuir al servicio de salud que Constitucionalmente, y esto entiendo que el Legislador lo sabe, que es responsabilidad primaria del gobierno de la Provincia\u201d.<\/p>\n<\/div>\n<\/div>\n<\/div>\n<\/div>\n<\/div>\n","protected":false},"excerpt":{"rendered":"<p>Gast\u00f3n Diaz: A nosotros el \u00fanico equilibrio que nos interesa es el financiero. El secretario de gobierno del<\/p>\n","protected":false},"author":8,"featured_media":1170,"comment_status":"open","ping_status":"open","sticky":false,"template":"","format":"standard","meta":{"footnotes":""},"categories":[25,2],"tags":[370,7],"class_list":["post-5795","post","type-post","status-publish","format-standard","has-post-thumbnail","hentry","category-rio-grande","category-tierra-del-fuego","tag-gaston-diaz","tag-rio-grande"],"featured_image_urls":{"full":["https:\/\/opinionpublica.com.ar\/index\/wp-content\/uploads\/2024\/03\/gaston-diaz-2.jpg",1024,759,false],"thumbnail":["https:\/\/opinionpublica.com.ar\/index\/wp-content\/uploads\/2024\/03\/gaston-diaz-2-150x150.jpg",150,150,true],"medium":["https:\/\/opinionpublica.com.ar\/index\/wp-content\/uploads\/2024\/03\/gaston-diaz-2-300x222.jpg",300,222,true],"medium_large":["https:\/\/opinionpublica.com.ar\/index\/wp-content\/uploads\/2024\/03\/gaston-diaz-2-768x569.jpg",640,474,true],"large":["https:\/\/opinionpublica.com.ar\/index\/wp-content\/uploads\/2024\/03\/gaston-diaz-2.jpg",640,474,false],"1536x1536":["https:\/\/opinionpublica.com.ar\/index\/wp-content\/uploads\/2024\/03\/gaston-diaz-2.jpg",1024,759,false],"2048x2048":["https:\/\/opinionpublica.com.ar\/index\/wp-content\/uploads\/2024\/03\/gaston-diaz-2.jpg",1024,759,false],"morenews-large":["https:\/\/opinionpublica.com.ar\/index\/wp-content\/uploads\/2024\/03\/gaston-diaz-2-825x575.jpg",825,575,true],"morenews-medium":["https:\/\/opinionpublica.com.ar\/index\/wp-content\/uploads\/2024\/03\/gaston-diaz-2-590x410.jpg",590,410,true]},"author_info":{"display_name":"RKing","author_link":"https:\/\/opinionpublica.com.ar\/index\/author\/rking\/"},"category_info":"<a href=\"https:\/\/opinionpublica.com.ar\/index\/category\/rio-grande\/\" rel=\"category tag\">Rio Grande<\/a> <a href=\"https:\/\/opinionpublica.com.ar\/index\/category\/tierra-del-fuego\/\" rel=\"category tag\">Tierra del Fuego<\/a>","tag_info":"Tierra del Fuego","comment_count":"0","_links":{"self":[{"href":"https:\/\/opinionpublica.com.ar\/index\/wp-json\/wp\/v2\/posts\/5795","targetHints":{"allow":["GET"]}}],"collection":[{"href":"https:\/\/opinionpublica.com.ar\/index\/wp-json\/wp\/v2\/posts"}],"about":[{"href":"https:\/\/opinionpublica.com.ar\/index\/wp-json\/wp\/v2\/types\/post"}],"author":[{"embeddable":true,"href":"https:\/\/opinionpublica.com.ar\/index\/wp-json\/wp\/v2\/users\/8"}],"replies":[{"embeddable":true,"href":"https:\/\/opinionpublica.com.ar\/index\/wp-json\/wp\/v2\/comments?post=5795"}],"version-history":[{"count":1,"href":"https:\/\/opinionpublica.com.ar\/index\/wp-json\/wp\/v2\/posts\/5795\/revisions"}],"predecessor-version":[{"id":5796,"href":"https:\/\/opinionpublica.com.ar\/index\/wp-json\/wp\/v2\/posts\/5795\/revisions\/5796"}],"wp:featuredmedia":[{"embeddable":true,"href":"https:\/\/opinionpublica.com.ar\/index\/wp-json\/wp\/v2\/media\/1170"}],"wp:attachment":[{"href":"https:\/\/opinionpublica.com.ar\/index\/wp-json\/wp\/v2\/media?parent=5795"}],"wp:term":[{"taxonomy":"category","embeddable":true,"href":"https:\/\/opinionpublica.com.ar\/index\/wp-json\/wp\/v2\/categories?post=5795"},{"taxonomy":"post_tag","embeddable":true,"href":"https:\/\/opinionpublica.com.ar\/index\/wp-json\/wp\/v2\/tags?post=5795"}],"curies":[{"name":"wp","href":"https:\/\/api.w.org\/{rel}","templated":true}]}}