{"id":5854,"date":"2024-09-23T23:06:48","date_gmt":"2024-09-24T02:06:48","guid":{"rendered":"https:\/\/opinionpublica.com.ar\/index\/?p=5854"},"modified":"2024-09-23T23:06:48","modified_gmt":"2024-09-24T02:06:48","slug":"sonar-con-una-provincia-grande","status":"publish","type":"post","link":"https:\/\/opinionpublica.com.ar\/index\/sonar-con-una-provincia-grande\/","title":{"rendered":"SO\u00d1AR CON UNA PROVINCIA GRANDE"},"content":{"rendered":"<p>SO\u00d1AR CON UNA PROVINCIA GRANDE<\/p>\n<p>Por <strong>Rosana Bertone<\/strong><\/p>\n<p>Argentina est\u00e1 viviendo tiempos complicados. Por un lado, un gobierno nacional centralista, personalista y unitario; y por otro, gobiernos provinciales que no reciben los fondos que por la ley de coparticipaci\u00f3n les corresponden. Tierra del Fuego no escapa a esta realidad nacional.<\/p>\n<p><a href=\"https:\/\/opinionpublica.com.ar\/index\/wp-content\/uploads\/2024\/09\/b3129377-447d-4e4a-af41-b512877c774a-roxana-bertone.jpg\"><img fetchpriority=\"high\" decoding=\"async\" class=\"alignnone size-full wp-image-5855\" src=\"https:\/\/opinionpublica.com.ar\/index\/wp-content\/uploads\/2024\/09\/b3129377-447d-4e4a-af41-b512877c774a-roxana-bertone.jpg\" alt=\"\" width=\"1600\" height=\"1066\" srcset=\"https:\/\/opinionpublica.com.ar\/index\/wp-content\/uploads\/2024\/09\/b3129377-447d-4e4a-af41-b512877c774a-roxana-bertone.jpg 1600w, https:\/\/opinionpublica.com.ar\/index\/wp-content\/uploads\/2024\/09\/b3129377-447d-4e4a-af41-b512877c774a-roxana-bertone-300x200.jpg 300w, https:\/\/opinionpublica.com.ar\/index\/wp-content\/uploads\/2024\/09\/b3129377-447d-4e4a-af41-b512877c774a-roxana-bertone-1024x682.jpg 1024w, https:\/\/opinionpublica.com.ar\/index\/wp-content\/uploads\/2024\/09\/b3129377-447d-4e4a-af41-b512877c774a-roxana-bertone-768x512.jpg 768w, https:\/\/opinionpublica.com.ar\/index\/wp-content\/uploads\/2024\/09\/b3129377-447d-4e4a-af41-b512877c774a-roxana-bertone-1536x1023.jpg 1536w\" sizes=\"(max-width: 1600px) 100vw, 1600px\" \/><\/a><\/p>\n<p>Pero en este contexto dif\u00edcil, pienso que tenemos que pensar en c\u00f3mo generar los consensos y los acuerdos para encontrar puntos de encuentro que nos permitan avanzar hacia la construcci\u00f3n de nuestra provincia grande. Y eso solo lo lograremos con di\u00e1logo, uni\u00f3n y trabajo conjunto.<\/p>\n<p>So\u00f1ar con una provincia grande es pensarla en t\u00e9rminos de desarrollo, en promover las condiciones esenciales para generar inversiones y trabajo. Es pensar en la obra p\u00fablica como generadora de empleos directos e indirectos, es defender la ley 19640 como presupuesto necesario de nuestra industria, es promover el turismo como parte esencial de nuestra identidad; es cuidar los recursos de la energ\u00eda y de la pesca promovi\u00e9ndolos con una mirada estrat\u00e9gica que garantice un desarrollo genuino junto con el cuidado del medioambiente.<\/p>\n<p>En este contexto, es un problema si la disputa pol\u00edtica permanente afecta la estabilidad institucional de Tierra del Fuego. Nuestra provincia es la m\u00e1s joven, nuestros pioneros hicieron un enorme trabajo en fundar las bases para seguir construyendo una provincia s\u00f3lida. Pero para eso es fundamental dejar los ego\u00edsmos de lado y consensuar pol\u00edticas p\u00fablicas a mediano y largo plazo. Hace a\u00f1os que sostengo que se necesitan lograr acuerdos b\u00e1sicos que nos permitan construir una identidad propia basada en la inversi\u00f3n, el crecimiento y el desarrollo econ\u00f3mico.<\/p>\n<p>Eso requiere del compromiso y el trabajo de todas las instituciones que integran los tres poderes del Estado en la provincia, de los municipios, de la dirigencia, y tambi\u00e9n de los fueguinos y las fueguinas, porque para construir la provincia grande que so\u00f1amos es fundamental que nos unamos todos y trabajemos para lograrlo.<\/p>\n<p>Hoy, el contexto nacional e internacional nos desaf\u00eda como nunca antes. Estamos frente a posiciones opuestas respecto de los modelos posibles de desarrollo econ\u00f3mico. El gobierno nacional promueve la idea de que el mercado sin restricciones impuestas por el Estado es capaz de resolver el problema. Y otros tienen una mirada orientada a que el Estado es el que debe ocupar todos los espacios y resolver todos los problemas.<\/p>\n<p>Como dije varias veces, estoy convencida en que hay una tercera posici\u00f3n mucho m\u00e1s adecuada, que consiste en fortalecer el sector privado creando condiciones de inversi\u00f3n, y tener un Estado fuerte y presente para proteger los derechos de las y los trabajadores, brindar un piso universal que garantice la vida digna de todas las personas, y ofrecer servicios p\u00fablicos de seguridad, justicia, salud y educaci\u00f3n que sean de calidad.<\/p>\n<p>&nbsp;<\/p>\n","protected":false},"excerpt":{"rendered":"<p>SO\u00d1AR CON UNA PROVINCIA GRANDE Por Rosana Bertone Argentina est\u00e1 viviendo tiempos complicados. Por un lado, un gobierno<\/p>\n","protected":false},"author":8,"featured_media":5855,"comment_status":"open","ping_status":"open","sticky":false,"template":"","format":"standard","meta":{"footnotes":""},"categories":[1096,2],"tags":[2321,2320,5],"class_list":["post-5854","post","type-post","status-publish","format-standard","has-post-thumbnail","hentry","category-destacada","category-tierra-del-fuego","tag-provincia-grande","tag-rosana-bertone","tag-tierra-del-fuego"],"featured_image_urls":{"full":["https:\/\/opinionpublica.com.ar\/index\/wp-content\/uploads\/2024\/09\/b3129377-447d-4e4a-af41-b512877c774a-roxana-bertone.jpg",1600,1066,false],"thumbnail":["https:\/\/opinionpublica.com.ar\/index\/wp-content\/uploads\/2024\/09\/b3129377-447d-4e4a-af41-b512877c774a-roxana-bertone-150x150.jpg",150,150,true],"medium":["https:\/\/opinionpublica.com.ar\/index\/wp-content\/uploads\/2024\/09\/b3129377-447d-4e4a-af41-b512877c774a-roxana-bertone-300x200.jpg",300,200,true],"medium_large":["https:\/\/opinionpublica.com.ar\/index\/wp-content\/uploads\/2024\/09\/b3129377-447d-4e4a-af41-b512877c774a-roxana-bertone-768x512.jpg",640,427,true],"large":["https:\/\/opinionpublica.com.ar\/index\/wp-content\/uploads\/2024\/09\/b3129377-447d-4e4a-af41-b512877c774a-roxana-bertone-1024x682.jpg",640,426,true],"1536x1536":["https:\/\/opinionpublica.com.ar\/index\/wp-content\/uploads\/2024\/09\/b3129377-447d-4e4a-af41-b512877c774a-roxana-bertone-1536x1023.jpg",1536,1023,true],"2048x2048":["https:\/\/opinionpublica.com.ar\/index\/wp-content\/uploads\/2024\/09\/b3129377-447d-4e4a-af41-b512877c774a-roxana-bertone.jpg",1600,1066,false],"morenews-large":["https:\/\/opinionpublica.com.ar\/index\/wp-content\/uploads\/2024\/09\/b3129377-447d-4e4a-af41-b512877c774a-roxana-bertone-825x575.jpg",825,575,true],"morenews-medium":["https:\/\/opinionpublica.com.ar\/index\/wp-content\/uploads\/2024\/09\/b3129377-447d-4e4a-af41-b512877c774a-roxana-bertone-590x410.jpg",590,410,true]},"author_info":{"display_name":"RKing","author_link":"https:\/\/opinionpublica.com.ar\/index\/author\/rking\/"},"category_info":"<a href=\"https:\/\/opinionpublica.com.ar\/index\/category\/destacada\/\" rel=\"category tag\">Destacada<\/a> <a href=\"https:\/\/opinionpublica.com.ar\/index\/category\/tierra-del-fuego\/\" rel=\"category tag\">Tierra del Fuego<\/a>","tag_info":"Tierra del Fuego","comment_count":"0","_links":{"self":[{"href":"https:\/\/opinionpublica.com.ar\/index\/wp-json\/wp\/v2\/posts\/5854","targetHints":{"allow":["GET"]}}],"collection":[{"href":"https:\/\/opinionpublica.com.ar\/index\/wp-json\/wp\/v2\/posts"}],"about":[{"href":"https:\/\/opinionpublica.com.ar\/index\/wp-json\/wp\/v2\/types\/post"}],"author":[{"embeddable":true,"href":"https:\/\/opinionpublica.com.ar\/index\/wp-json\/wp\/v2\/users\/8"}],"replies":[{"embeddable":true,"href":"https:\/\/opinionpublica.com.ar\/index\/wp-json\/wp\/v2\/comments?post=5854"}],"version-history":[{"count":1,"href":"https:\/\/opinionpublica.com.ar\/index\/wp-json\/wp\/v2\/posts\/5854\/revisions"}],"predecessor-version":[{"id":5856,"href":"https:\/\/opinionpublica.com.ar\/index\/wp-json\/wp\/v2\/posts\/5854\/revisions\/5856"}],"wp:featuredmedia":[{"embeddable":true,"href":"https:\/\/opinionpublica.com.ar\/index\/wp-json\/wp\/v2\/media\/5855"}],"wp:attachment":[{"href":"https:\/\/opinionpublica.com.ar\/index\/wp-json\/wp\/v2\/media?parent=5854"}],"wp:term":[{"taxonomy":"category","embeddable":true,"href":"https:\/\/opinionpublica.com.ar\/index\/wp-json\/wp\/v2\/categories?post=5854"},{"taxonomy":"post_tag","embeddable":true,"href":"https:\/\/opinionpublica.com.ar\/index\/wp-json\/wp\/v2\/tags?post=5854"}],"curies":[{"name":"wp","href":"https:\/\/api.w.org\/{rel}","templated":true}]}}