{"id":5866,"date":"2024-09-23T21:55:49","date_gmt":"2024-09-24T00:55:49","guid":{"rendered":"https:\/\/opinionpublica.com.ar\/index\/?p=5866"},"modified":"2024-09-23T21:55:49","modified_gmt":"2024-09-24T00:55:49","slug":"entro-en-produccion-el-yacimiento-fenix-a-fines-de-la-semana-pasada","status":"publish","type":"post","link":"https:\/\/opinionpublica.com.ar\/index\/entro-en-produccion-el-yacimiento-fenix-a-fines-de-la-semana-pasada\/","title":{"rendered":"Entr\u00f3 en Producci\u00f3n el yacimiento F\u00e9nix a fines de la semana pasada"},"content":{"rendered":"<p class=\"titulo_individual_noticia\">Entr\u00f3 en Producci\u00f3n el yacimiento F\u00e9nix a fines de la semana pasada.<\/p>\n<div class=\"copete_individual_noticia\">El primero de los tres pozos del yacimiento costa afuera entr\u00f3 en producci\u00f3n a fines de la semana pasada. En plena capacidad operativa, F\u00e9nix aportar\u00e1 el equivalente al 8% de la producci\u00f3n de gas de la Argentina. El Gobernador particip\u00f3 del anuncio oficial.<\/div>\n<div class=\"fecha_individual_noticia\"><\/div>\n<div><a href=\"https:\/\/opinionpublica.com.ar\/index\/wp-content\/uploads\/2024\/06\/offshore-proyecto-fenix.webp\"><img fetchpriority=\"high\" decoding=\"async\" class=\"alignnone size-full wp-image-3741\" src=\"https:\/\/opinionpublica.com.ar\/index\/wp-content\/uploads\/2024\/06\/offshore-proyecto-fenix.webp\" alt=\"\" width=\"1200\" height=\"675\" srcset=\"https:\/\/opinionpublica.com.ar\/index\/wp-content\/uploads\/2024\/06\/offshore-proyecto-fenix.webp 1200w, https:\/\/opinionpublica.com.ar\/index\/wp-content\/uploads\/2024\/06\/offshore-proyecto-fenix-300x169.webp 300w, https:\/\/opinionpublica.com.ar\/index\/wp-content\/uploads\/2024\/06\/offshore-proyecto-fenix-1024x576.webp 1024w, https:\/\/opinionpublica.com.ar\/index\/wp-content\/uploads\/2024\/06\/offshore-proyecto-fenix-768x432.webp 768w\" sizes=\"(max-width: 1200px) 100vw, 1200px\" \/><\/a><\/div>\n<div class=\"clear_both\"><\/div>\n<div class=\"contenido_individual_noticia\">\n<div class=\"contenedor_primera_letra_individual_noticia\">El consorcio integrado por las petroleras TotalEnergies,\u00a0Wintershall Dea\u00a0y\u00a0Pan American Energy\u00a0anunciaron la puesta en\u00a0producci\u00f3n del primero de los tres pozos del proyecto\u00a0costa afuera (offshore)\u00a0F\u00e9nix, ubicado a 60 kil\u00f3metros de la costa de la provincia.<\/div>\n<p>El desarrollo gas\u00edfero costa afuera demand\u00f3 una\u00a0inversi\u00f3n de m\u00e1s de 700 millones de d\u00f3lares y entr\u00f3 en producci\u00f3n el pasado jueves 19.<\/p>\n<p>El fluido extra\u00eddo de F\u00e9nix ser\u00e1 enviado a trav\u00e9s de gasoductos marinos para ser tratado en las plantas de R\u00edo Cullen y Ca\u00f1ad\u00f3n Alfa, ambas pertenecientes al consorcio. All\u00ed se acondicionar\u00e1 el gas para ser inyectado al Gasoducto San Mart\u00edn, y en menor medida al Gasoducto Fueguino.<\/p>\n<p>\u201cLa realizaci\u00f3n del proyecto F\u00e9nix representa un nuevo hito en la historia del consorcio y fue logrado gracias al apoyo y trabajo junto a las autoridades provinciales y nacionales\u201d, sostuvo\u00a0Catherine Remy, directora general de Total Austral y Country Chair de TotalEnergies en Argentina.<\/p>\n<p>El gobernador Gustavo Melella, que particip\u00f3 del anuncio, afirm\u00f3 que F\u00e9nix pone de manifiesto la \u201cpotencia energ\u00e9tica que tiene la Argentina\u201d y precis\u00f3 que en plena producci\u00f3n F\u00e9nix\u00a0 permitir\u00e1 al pa\u00eds sustituir importaciones equivalentes a 15 Barcos de GNL.<br \/>\nMelella record\u00f3 que la concreci\u00f3n del proyecto comenz\u00f3 hace cuatro a\u00f1os, y marc\u00f3 un \u201cdesaf\u00edo para los trabajadores e ingenieros en completar una obra compleja y de tal magnitud, es por eso que hoy queremos reconocer a todos ellos\u201d.<\/p>\n<p>\u201cEn Tierra del Fuego tenemos muchos desaf\u00edos, queremos seguir explorando, produciendo y buscando nuevos caminos como las energ\u00edas renovables. Hoy quiero transmitirles el agradecimiento del pueblo de Tierra del Fuego y el compromiso de acompa\u00f1ar el crecimiento de Total Austral en nuestro Pa\u00eds y nuestra Provincia junto a sus socios de Pan American y Wintershall\u201d, afirm\u00f3 el Gobernador.<br \/>\nPor su parte, el ministro de Econom\u00eda, Francisco Devita, consider\u00f3 que F\u00e9nix significa \u201ctener m\u00e1s oportunidades y poder ayudar a la provincia y al pa\u00eds a generar distintos hidrocarburos, sobre todo gas\u201d.<br \/>\n\u201cEs un proyecto muy ambicioso, con much\u00edsima inversi\u00f3n y estamos muy contentos de que se haya trabajado e invertido en nuestra provincia; consideramos que la iniciativa privada y el trabajo mancomunado entre el sector p\u00fablico y el privado es la clave para fortalecer nuestra econom\u00eda en este contexto\u201d, remarc\u00f3 Devita.<\/p>\n<p>&nbsp;<\/p>\n<\/div>\n","protected":false},"excerpt":{"rendered":"<p>Entr\u00f3 en Producci\u00f3n el yacimiento F\u00e9nix a fines de la semana pasada. El primero de los tres pozos<\/p>\n","protected":false},"author":8,"featured_media":5319,"comment_status":"open","ping_status":"open","sticky":false,"template":"","format":"standard","meta":{"footnotes":""},"categories":[2],"tags":[5,2174],"class_list":["post-5866","post","type-post","status-publish","format-standard","has-post-thumbnail","hentry","category-tierra-del-fuego","tag-tierra-del-fuego","tag-yacimiento-fenix"],"featured_image_urls":{"full":["https:\/\/opinionpublica.com.ar\/index\/wp-content\/uploads\/2024\/08\/primer-pozo-840x840-proyecto-fenix.jpg",840,840,false],"thumbnail":["https:\/\/opinionpublica.com.ar\/index\/wp-content\/uploads\/2024\/08\/primer-pozo-840x840-proyecto-fenix-150x150.jpg",150,150,true],"medium":["https:\/\/opinionpublica.com.ar\/index\/wp-content\/uploads\/2024\/08\/primer-pozo-840x840-proyecto-fenix-300x300.jpg",300,300,true],"medium_large":["https:\/\/opinionpublica.com.ar\/index\/wp-content\/uploads\/2024\/08\/primer-pozo-840x840-proyecto-fenix-768x768.jpg",640,640,true],"large":["https:\/\/opinionpublica.com.ar\/index\/wp-content\/uploads\/2024\/08\/primer-pozo-840x840-proyecto-fenix.jpg",640,640,false],"1536x1536":["https:\/\/opinionpublica.com.ar\/index\/wp-content\/uploads\/2024\/08\/primer-pozo-840x840-proyecto-fenix.jpg",840,840,false],"2048x2048":["https:\/\/opinionpublica.com.ar\/index\/wp-content\/uploads\/2024\/08\/primer-pozo-840x840-proyecto-fenix.jpg",840,840,false],"morenews-large":["https:\/\/opinionpublica.com.ar\/index\/wp-content\/uploads\/2024\/08\/primer-pozo-840x840-proyecto-fenix-825x575.jpg",825,575,true],"morenews-medium":["https:\/\/opinionpublica.com.ar\/index\/wp-content\/uploads\/2024\/08\/primer-pozo-840x840-proyecto-fenix-590x410.jpg",590,410,true]},"author_info":{"display_name":"RKing","author_link":"https:\/\/opinionpublica.com.ar\/index\/author\/rking\/"},"category_info":"<a href=\"https:\/\/opinionpublica.com.ar\/index\/category\/tierra-del-fuego\/\" rel=\"category tag\">Tierra del Fuego<\/a>","tag_info":"Tierra del Fuego","comment_count":"0","_links":{"self":[{"href":"https:\/\/opinionpublica.com.ar\/index\/wp-json\/wp\/v2\/posts\/5866","targetHints":{"allow":["GET"]}}],"collection":[{"href":"https:\/\/opinionpublica.com.ar\/index\/wp-json\/wp\/v2\/posts"}],"about":[{"href":"https:\/\/opinionpublica.com.ar\/index\/wp-json\/wp\/v2\/types\/post"}],"author":[{"embeddable":true,"href":"https:\/\/opinionpublica.com.ar\/index\/wp-json\/wp\/v2\/users\/8"}],"replies":[{"embeddable":true,"href":"https:\/\/opinionpublica.com.ar\/index\/wp-json\/wp\/v2\/comments?post=5866"}],"version-history":[{"count":2,"href":"https:\/\/opinionpublica.com.ar\/index\/wp-json\/wp\/v2\/posts\/5866\/revisions"}],"predecessor-version":[{"id":5868,"href":"https:\/\/opinionpublica.com.ar\/index\/wp-json\/wp\/v2\/posts\/5866\/revisions\/5868"}],"wp:featuredmedia":[{"embeddable":true,"href":"https:\/\/opinionpublica.com.ar\/index\/wp-json\/wp\/v2\/media\/5319"}],"wp:attachment":[{"href":"https:\/\/opinionpublica.com.ar\/index\/wp-json\/wp\/v2\/media?parent=5866"}],"wp:term":[{"taxonomy":"category","embeddable":true,"href":"https:\/\/opinionpublica.com.ar\/index\/wp-json\/wp\/v2\/categories?post=5866"},{"taxonomy":"post_tag","embeddable":true,"href":"https:\/\/opinionpublica.com.ar\/index\/wp-json\/wp\/v2\/tags?post=5866"}],"curies":[{"name":"wp","href":"https:\/\/api.w.org\/{rel}","templated":true}]}}