{"id":5880,"date":"2024-09-23T22:49:26","date_gmt":"2024-09-24T01:49:26","guid":{"rendered":"https:\/\/opinionpublica.com.ar\/index\/?p=5880"},"modified":"2024-09-23T22:49:26","modified_gmt":"2024-09-24T01:49:26","slug":"australtex-informo-a-sus-empleados-que-suspende-las-actividades","status":"publish","type":"post","link":"https:\/\/opinionpublica.com.ar\/index\/australtex-informo-a-sus-empleados-que-suspende-las-actividades\/","title":{"rendered":"Australtex inform\u00f3 a sus empleados que suspende las actividades"},"content":{"rendered":"<div class=\"td-post-header td-container\">\n<div class=\"td-post-header-holder td-image-gradient\">\n<header class=\"td-post-title\">\n<p class=\"entry-title\">Australtex inform\u00f3 a sus empleados que suspende las actividades.<\/p>\n<\/header>\n<\/div>\n<\/div>\n<div class=\"td-container\">\n<div class=\"td-pb-row\">\n<div class=\"td-pb-span12 td-main-content\" role=\"main\">\n<div class=\"td-ss-main-content\">\n<div class=\"td-post-content tagdiv-type\">\n<p>La empresa notific\u00f3 a sus empleados de la medida que tom\u00f3 la Secretaria de Comercio de Industria de Naci\u00f3n, \u201cha denegado la solicitud del plazo para seguir operando bajo el R\u00e9gimen e Promoci\u00f3n de Tierra del Fuego\u201d, presentada por la firma.<\/p>\n<p><a href=\"https:\/\/opinionpublica.com.ar\/index\/wp-content\/uploads\/2024\/09\/29288-grave-situacion-de-violencia-laboral-en-australtex-910x591-1.jpg\"><img fetchpriority=\"high\" decoding=\"async\" class=\"alignnone size-full wp-image-5881\" src=\"https:\/\/opinionpublica.com.ar\/index\/wp-content\/uploads\/2024\/09\/29288-grave-situacion-de-violencia-laboral-en-australtex-910x591-1.jpg\" alt=\"\" width=\"910\" height=\"591\" srcset=\"https:\/\/opinionpublica.com.ar\/index\/wp-content\/uploads\/2024\/09\/29288-grave-situacion-de-violencia-laboral-en-australtex-910x591-1.jpg 910w, https:\/\/opinionpublica.com.ar\/index\/wp-content\/uploads\/2024\/09\/29288-grave-situacion-de-violencia-laboral-en-australtex-910x591-1-300x195.jpg 300w, https:\/\/opinionpublica.com.ar\/index\/wp-content\/uploads\/2024\/09\/29288-grave-situacion-de-violencia-laboral-en-australtex-910x591-1-768x499.jpg 768w\" sizes=\"(max-width: 910px) 100vw, 910px\" \/><\/a><\/p>\n<p>Desde la empresa, \u201cpresentar\u00e1n los recursos de reconsideraci\u00f3n\u201d , esperando poder, \u201crevertir la situaci\u00f3n con argumentos genuinos\u201d.<\/p>\n<p>En el mientras tanto, \u201clas actividades productivas estar\u00e1n inmediatamente en pausa\u201d.<\/p>\n<\/div>\n<\/div>\n<\/div>\n<\/div>\n<\/div>\n","protected":false},"excerpt":{"rendered":"<p>Australtex inform\u00f3 a sus empleados que suspende las actividades. La empresa notific\u00f3 a sus empleados de la medida<\/p>\n","protected":false},"author":8,"featured_media":5881,"comment_status":"open","ping_status":"open","sticky":false,"template":"","format":"standard","meta":{"footnotes":""},"categories":[25,2],"tags":[2315,2327,2326,5],"class_list":["post-5880","post","type-post","status-publish","format-standard","has-post-thumbnail","hentry","category-rio-grande","category-tierra-del-fuego","tag-australtex","tag-crisis-textil","tag-suspension-actividades","tag-tierra-del-fuego"],"featured_image_urls":{"full":["https:\/\/opinionpublica.com.ar\/index\/wp-content\/uploads\/2024\/09\/29288-grave-situacion-de-violencia-laboral-en-australtex-910x591-1.jpg",910,591,false],"thumbnail":["https:\/\/opinionpublica.com.ar\/index\/wp-content\/uploads\/2024\/09\/29288-grave-situacion-de-violencia-laboral-en-australtex-910x591-1-150x150.jpg",150,150,true],"medium":["https:\/\/opinionpublica.com.ar\/index\/wp-content\/uploads\/2024\/09\/29288-grave-situacion-de-violencia-laboral-en-australtex-910x591-1-300x195.jpg",300,195,true],"medium_large":["https:\/\/opinionpublica.com.ar\/index\/wp-content\/uploads\/2024\/09\/29288-grave-situacion-de-violencia-laboral-en-australtex-910x591-1-768x499.jpg",640,416,true],"large":["https:\/\/opinionpublica.com.ar\/index\/wp-content\/uploads\/2024\/09\/29288-grave-situacion-de-violencia-laboral-en-australtex-910x591-1.jpg",640,416,false],"1536x1536":["https:\/\/opinionpublica.com.ar\/index\/wp-content\/uploads\/2024\/09\/29288-grave-situacion-de-violencia-laboral-en-australtex-910x591-1.jpg",910,591,false],"2048x2048":["https:\/\/opinionpublica.com.ar\/index\/wp-content\/uploads\/2024\/09\/29288-grave-situacion-de-violencia-laboral-en-australtex-910x591-1.jpg",910,591,false],"morenews-large":["https:\/\/opinionpublica.com.ar\/index\/wp-content\/uploads\/2024\/09\/29288-grave-situacion-de-violencia-laboral-en-australtex-910x591-1-825x575.jpg",825,575,true],"morenews-medium":["https:\/\/opinionpublica.com.ar\/index\/wp-content\/uploads\/2024\/09\/29288-grave-situacion-de-violencia-laboral-en-australtex-910x591-1-590x410.jpg",590,410,true]},"author_info":{"display_name":"RKing","author_link":"https:\/\/opinionpublica.com.ar\/index\/author\/rking\/"},"category_info":"<a href=\"https:\/\/opinionpublica.com.ar\/index\/category\/rio-grande\/\" rel=\"category tag\">Rio Grande<\/a> <a href=\"https:\/\/opinionpublica.com.ar\/index\/category\/tierra-del-fuego\/\" rel=\"category tag\">Tierra del Fuego<\/a>","tag_info":"Tierra del Fuego","comment_count":"0","_links":{"self":[{"href":"https:\/\/opinionpublica.com.ar\/index\/wp-json\/wp\/v2\/posts\/5880","targetHints":{"allow":["GET"]}}],"collection":[{"href":"https:\/\/opinionpublica.com.ar\/index\/wp-json\/wp\/v2\/posts"}],"about":[{"href":"https:\/\/opinionpublica.com.ar\/index\/wp-json\/wp\/v2\/types\/post"}],"author":[{"embeddable":true,"href":"https:\/\/opinionpublica.com.ar\/index\/wp-json\/wp\/v2\/users\/8"}],"replies":[{"embeddable":true,"href":"https:\/\/opinionpublica.com.ar\/index\/wp-json\/wp\/v2\/comments?post=5880"}],"version-history":[{"count":2,"href":"https:\/\/opinionpublica.com.ar\/index\/wp-json\/wp\/v2\/posts\/5880\/revisions"}],"predecessor-version":[{"id":5883,"href":"https:\/\/opinionpublica.com.ar\/index\/wp-json\/wp\/v2\/posts\/5880\/revisions\/5883"}],"wp:featuredmedia":[{"embeddable":true,"href":"https:\/\/opinionpublica.com.ar\/index\/wp-json\/wp\/v2\/media\/5881"}],"wp:attachment":[{"href":"https:\/\/opinionpublica.com.ar\/index\/wp-json\/wp\/v2\/media?parent=5880"}],"wp:term":[{"taxonomy":"category","embeddable":true,"href":"https:\/\/opinionpublica.com.ar\/index\/wp-json\/wp\/v2\/categories?post=5880"},{"taxonomy":"post_tag","embeddable":true,"href":"https:\/\/opinionpublica.com.ar\/index\/wp-json\/wp\/v2\/tags?post=5880"}],"curies":[{"name":"wp","href":"https:\/\/api.w.org\/{rel}","templated":true}]}}