{"id":5884,"date":"2024-09-23T23:03:39","date_gmt":"2024-09-24T02:03:39","guid":{"rendered":"https:\/\/opinionpublica.com.ar\/index\/?p=5884"},"modified":"2024-09-23T23:03:39","modified_gmt":"2024-09-24T02:03:39","slug":"jorge-lechman-respaldo-el-proyecto-para-la-implementacion-de-la-boleta-unica-de-papel","status":"publish","type":"post","link":"https:\/\/opinionpublica.com.ar\/index\/jorge-lechman-respaldo-el-proyecto-para-la-implementacion-de-la-boleta-unica-de-papel\/","title":{"rendered":"Jorge Lechman respald\u00f3 el proyecto para la implementaci\u00f3n de la boleta \u00fanica de papel"},"content":{"rendered":"<p class=\"zona-titulo\">Jorge Lechman respald\u00f3 el proyecto para la implementaci\u00f3n de la boleta \u00fanica de papel.<\/p>\n<p>El legislador provincial compar\u00f3 la iniciativa para implementar la boleta \u00fanica en las elecciones provinciales con la reforma constitucional impulsada por el Ejecutivo provincial, debido a que este proyecto necesita de una enmienda para su tratamiento y aprobaci\u00f3n.<\/p>\n<div class=\"row\">\n<div class=\"col-md-1 col-sticky\">\n<div class=\"inner-share-bar cf\">\n<div class=\"item\"><a href=\"https:\/\/opinionpublica.com.ar\/index\/wp-content\/uploads\/2024\/09\/Jorge-Lechman-2024.jpg\"><img fetchpriority=\"high\" decoding=\"async\" class=\"alignnone size-full wp-image-5592\" src=\"https:\/\/opinionpublica.com.ar\/index\/wp-content\/uploads\/2024\/09\/Jorge-Lechman-2024.jpg\" alt=\"\" width=\"1080\" height=\"732\" srcset=\"https:\/\/opinionpublica.com.ar\/index\/wp-content\/uploads\/2024\/09\/Jorge-Lechman-2024.jpg 1080w, https:\/\/opinionpublica.com.ar\/index\/wp-content\/uploads\/2024\/09\/Jorge-Lechman-2024-300x203.jpg 300w, https:\/\/opinionpublica.com.ar\/index\/wp-content\/uploads\/2024\/09\/Jorge-Lechman-2024-1024x694.jpg 1024w, https:\/\/opinionpublica.com.ar\/index\/wp-content\/uploads\/2024\/09\/Jorge-Lechman-2024-768x521.jpg 768w\" sizes=\"(max-width: 1080px) 100vw, 1080px\" \/><\/a><\/div>\n<\/div>\n<\/div>\n<div class=\"col-md-11\">\n<div class=\"fecha-y-seccion\">\n<div class=\"fecha\"><\/div>\n<\/div>\n<div id=\"cuerpo-nota\" class=\"cuerpo-nota\">\n<p>El legislador provincial\u00a0<strong>Jorge Lechman<\/strong> (Somos Fueguinos) respald\u00f3 el proyecto para la implementaci\u00f3n de la boleta \u00fanica de papel en los comicios provinciales -presentado ayer en la Legislatura por Republicanos- e hizo referencia a la controversia por la reforma de la Constituci\u00f3n en Tierra del Fuego, ya que para aprobarse dicha iniciativa se requiere de una enmienda constitucional.<\/p>\n<p>&nbsp;<\/p>\n<p>\u201cSi hay voluntad pol\u00edtica este proyecto de boleta \u00fanica puede prosperar, porque estamos hablando de una enmienda que va a tratar solamente un punto.\u00a0<strong>Y lo que quer\u00eda hacer el gobernador era modificar m\u00e1s del 30 por ciento de la Constituci\u00f3n de la provincia, con art\u00edculos grav\u00edsimos, que ten\u00edan que ver con el endeudamiento y las cuasimonedas<\/strong>\u201d, compar\u00f3 esta ma\u00f1ana en di\u00e1logo con Radio Provincia.<\/p>\n<p>&nbsp;<\/p>\n<p>En relaci\u00f3n con lo anterior, Lechman remarc\u00f3 que la reforma impulsada por Gustavo Melella ten\u00eda \u201c<strong>un agravante<\/strong>\u201d porque \u201c<strong>llevaron al Poder Ejecutivo una ley que violentaba nuestra constituci\u00f3n provincial<\/strong>\u201d.<\/p>\n<p>&nbsp;<\/p>\n<p>\u201c<strong>Es totalmente diferente lo que propon\u00eda Melella a lo que se plante\u00f3 y entr\u00f3 en comisi\u00f3n ayer en la Legislatura.\u00a0<\/strong>Estoy convencido de que el camino es la boleta \u00fanica porque va a generar transparencia y va a evitar un mont\u00f3n de problemas que hoy tenemos: el recuento, el robo de boletas en las urnas, el voto cadena y todas las trampitas que se hacen\u201d, expuso.<\/p>\n<p>&nbsp;<\/p>\n<p>Adem\u00e1s asegur\u00f3 que la<strong>\u00a0boleta \u00fanica es una herramienta que est\u00e1 dando buenos resultados<\/strong>\u00a0en las provincias donde se implement\u00f3, como C\u00f3rdoba, Santa Fe y Mendoza, por lo que el legislador inst\u00f3: \u201c<strong>\u00bfPor qu\u00e9 no tenerla ac\u00e1 en Tierra del Fuego tambi\u00e9n?<\/strong>\u201d.<\/p>\n<p>&nbsp;<\/p>\n<p>Por \u00faltimo,\u00a0<strong>celebr\u00f3 que se haya concretado la sesi\u00f3n de ayer en la Legislatura luego de las \u00faltimas dos suspensiones,\u00a0<\/strong>destacando su extensi\u00f3n de m\u00e1s de\u00a012 horas y el tratamiento\u00a0de 500 asuntos con un acompa\u00f1amiento pr\u00e1cticamente del 100% en su totalidad de los proyectos y con el cuerpo completo.<\/p>\n<\/div>\n<\/div>\n<\/div>\n","protected":false},"excerpt":{"rendered":"<p>Jorge Lechman respald\u00f3 el proyecto para la implementaci\u00f3n de la boleta \u00fanica de papel. El legislador provincial compar\u00f3<\/p>\n","protected":false},"author":8,"featured_media":5885,"comment_status":"open","ping_status":"open","sticky":false,"template":"","format":"standard","meta":{"footnotes":""},"categories":[2],"tags":[2328,328,668],"class_list":["post-5884","post","type-post","status-publish","format-standard","has-post-thumbnail","hentry","category-tierra-del-fuego","tag-boleta-unica-de-papel","tag-jorge-lechman","tag-somos-fueguinos"],"featured_image_urls":{"full":["https:\/\/opinionpublica.com.ar\/index\/wp-content\/uploads\/2024\/09\/20240823154111_jorge-lechman.jpg",880,512,false],"thumbnail":["https:\/\/opinionpublica.com.ar\/index\/wp-content\/uploads\/2024\/09\/20240823154111_jorge-lechman-150x150.jpg",150,150,true],"medium":["https:\/\/opinionpublica.com.ar\/index\/wp-content\/uploads\/2024\/09\/20240823154111_jorge-lechman-300x175.jpg",300,175,true],"medium_large":["https:\/\/opinionpublica.com.ar\/index\/wp-content\/uploads\/2024\/09\/20240823154111_jorge-lechman-768x447.jpg",640,373,true],"large":["https:\/\/opinionpublica.com.ar\/index\/wp-content\/uploads\/2024\/09\/20240823154111_jorge-lechman.jpg",640,372,false],"1536x1536":["https:\/\/opinionpublica.com.ar\/index\/wp-content\/uploads\/2024\/09\/20240823154111_jorge-lechman.jpg",880,512,false],"2048x2048":["https:\/\/opinionpublica.com.ar\/index\/wp-content\/uploads\/2024\/09\/20240823154111_jorge-lechman.jpg",880,512,false],"morenews-large":["https:\/\/opinionpublica.com.ar\/index\/wp-content\/uploads\/2024\/09\/20240823154111_jorge-lechman-825x512.jpg",825,512,true],"morenews-medium":["https:\/\/opinionpublica.com.ar\/index\/wp-content\/uploads\/2024\/09\/20240823154111_jorge-lechman-590x410.jpg",590,410,true]},"author_info":{"display_name":"RKing","author_link":"https:\/\/opinionpublica.com.ar\/index\/author\/rking\/"},"category_info":"<a href=\"https:\/\/opinionpublica.com.ar\/index\/category\/tierra-del-fuego\/\" rel=\"category tag\">Tierra del Fuego<\/a>","tag_info":"Tierra del Fuego","comment_count":"0","_links":{"self":[{"href":"https:\/\/opinionpublica.com.ar\/index\/wp-json\/wp\/v2\/posts\/5884","targetHints":{"allow":["GET"]}}],"collection":[{"href":"https:\/\/opinionpublica.com.ar\/index\/wp-json\/wp\/v2\/posts"}],"about":[{"href":"https:\/\/opinionpublica.com.ar\/index\/wp-json\/wp\/v2\/types\/post"}],"author":[{"embeddable":true,"href":"https:\/\/opinionpublica.com.ar\/index\/wp-json\/wp\/v2\/users\/8"}],"replies":[{"embeddable":true,"href":"https:\/\/opinionpublica.com.ar\/index\/wp-json\/wp\/v2\/comments?post=5884"}],"version-history":[{"count":1,"href":"https:\/\/opinionpublica.com.ar\/index\/wp-json\/wp\/v2\/posts\/5884\/revisions"}],"predecessor-version":[{"id":5886,"href":"https:\/\/opinionpublica.com.ar\/index\/wp-json\/wp\/v2\/posts\/5884\/revisions\/5886"}],"wp:featuredmedia":[{"embeddable":true,"href":"https:\/\/opinionpublica.com.ar\/index\/wp-json\/wp\/v2\/media\/5885"}],"wp:attachment":[{"href":"https:\/\/opinionpublica.com.ar\/index\/wp-json\/wp\/v2\/media?parent=5884"}],"wp:term":[{"taxonomy":"category","embeddable":true,"href":"https:\/\/opinionpublica.com.ar\/index\/wp-json\/wp\/v2\/categories?post=5884"},{"taxonomy":"post_tag","embeddable":true,"href":"https:\/\/opinionpublica.com.ar\/index\/wp-json\/wp\/v2\/tags?post=5884"}],"curies":[{"name":"wp","href":"https:\/\/api.w.org\/{rel}","templated":true}]}}