{"id":6237,"date":"2024-10-09T08:34:19","date_gmt":"2024-10-09T11:34:19","guid":{"rendered":"https:\/\/opinionpublica.com.ar\/index\/?p=6237"},"modified":"2024-10-09T08:34:19","modified_gmt":"2024-10-09T11:34:19","slug":"gremios-del-transporte-anunciaron-paro-de-24-horas","status":"publish","type":"post","link":"https:\/\/opinionpublica.com.ar\/index\/gremios-del-transporte-anunciaron-paro-de-24-horas\/","title":{"rendered":"Gremios del transporte anunciaron paro de 24 horas"},"content":{"rendered":"<p class=\"titulo_individual_noticia\">Gremios del transporte anunciaron paro de 24 horas<\/p>\n<div class=\"copete_individual_noticia\">La medida est\u00e1 prevista para el 30 de octubre. En el plenario se ausent\u00f3 la Uni\u00f3n Tranviarios Automotor (UTA), lo que hace suponer que no adherir\u00e1 a la protesta.<\/div>\n<div class=\"fecha_individual_noticia\"><\/div>\n<div class=\"clear_both\"><a href=\"https:\/\/opinionpublica.com.ar\/index\/wp-content\/uploads\/2024\/07\/colectivo_ushuaia.jpg\"><img fetchpriority=\"high\" decoding=\"async\" class=\"alignnone size-full wp-image-4376\" src=\"https:\/\/opinionpublica.com.ar\/index\/wp-content\/uploads\/2024\/07\/colectivo_ushuaia.jpg\" alt=\"\" width=\"1366\" height=\"765\" srcset=\"https:\/\/opinionpublica.com.ar\/index\/wp-content\/uploads\/2024\/07\/colectivo_ushuaia.jpg 1366w, https:\/\/opinionpublica.com.ar\/index\/wp-content\/uploads\/2024\/07\/colectivo_ushuaia-300x168.jpg 300w, https:\/\/opinionpublica.com.ar\/index\/wp-content\/uploads\/2024\/07\/colectivo_ushuaia-1024x573.jpg 1024w, https:\/\/opinionpublica.com.ar\/index\/wp-content\/uploads\/2024\/07\/colectivo_ushuaia-768x430.jpg 768w\" sizes=\"(max-width: 1366px) 100vw, 1366px\" \/><\/a><\/div>\n<div class=\"contenido_individual_noticia\">\n<div class=\"contenedor_primera_letra_individual_noticia\">La Mesa Nacional de Transporte, compuesta por todos los sindicatos del sector, decidi\u00f3 convocar a un paro nacional para el pr\u00f3ximo 30 de octubre. Por ahora, los colectivos contin\u00faan en duda debido a la ausencia de la Uni\u00f3n Tranviarios Automotor (UTA) en el plenario.<\/div>\n<p>Los sindicatos del transporte de la CATT y la UGATT reprogramaron la medida que estaba prevista para el 17 octubre.<\/p>\n<p>En la reuni\u00f3n celebrada este martes por la ma\u00f1ana se ausent\u00f3 la UTA, que se encuentra en plena negociaci\u00f3n salarial, lo que hace suponer que se bajar\u00e1 de la protesta.<\/p>\n<p>El paro ser\u00e1 por 24 horas y afectar\u00e1 el servicio de trenes, colectivos, aviones y barcos.<\/p>\n<p>\u00abLa Mesa Nacional de Transporte, compuesta por los sindicatos del sector, realizaron un plenario donde se determin\u00f3 realizar un paro nacional de transporte para el pr\u00f3ximo 30 de octubre\u00bb, sostuvieron desde Camioneros.<\/p>\n<\/div>\n<div class=\"contenedor_share_buttons_individual_noticia\">\n<div class=\"contenido_share_buttons_individual_noticia\">\n<div class=\"individual_share_buttons_individual_noticia transition_03 imprimir\"><\/div>\n<\/div>\n<\/div>\n<div class=\"tags_individual_noticia\">\n<div class=\"contenedor_tags_individual_noticia\"><\/div>\n<\/div>\n","protected":false},"excerpt":{"rendered":"<p>Gremios del transporte anunciaron paro de 24 horas La medida est\u00e1 prevista para el 30 de octubre. En<\/p>\n","protected":false},"author":8,"featured_media":3378,"comment_status":"open","ping_status":"open","sticky":false,"template":"","format":"standard","meta":{"footnotes":""},"categories":[3],"tags":[90,75,2088],"class_list":["post-6237","post","type-post","status-publish","format-standard","has-post-thumbnail","hentry","category-nacionales","tag-paro","tag-transporte","tag-uta"],"featured_image_urls":{"full":["https:\/\/opinionpublica.com.ar\/index\/wp-content\/uploads\/2024\/05\/transporte-colectivos.jpg",1312,738,false],"thumbnail":["https:\/\/opinionpublica.com.ar\/index\/wp-content\/uploads\/2024\/05\/transporte-colectivos-150x150.jpg",150,150,true],"medium":["https:\/\/opinionpublica.com.ar\/index\/wp-content\/uploads\/2024\/05\/transporte-colectivos-300x169.jpg",300,169,true],"medium_large":["https:\/\/opinionpublica.com.ar\/index\/wp-content\/uploads\/2024\/05\/transporte-colectivos-768x432.jpg",640,360,true],"large":["https:\/\/opinionpublica.com.ar\/index\/wp-content\/uploads\/2024\/05\/transporte-colectivos-1024x576.jpg",640,360,true],"1536x1536":["https:\/\/opinionpublica.com.ar\/index\/wp-content\/uploads\/2024\/05\/transporte-colectivos.jpg",1312,738,false],"2048x2048":["https:\/\/opinionpublica.com.ar\/index\/wp-content\/uploads\/2024\/05\/transporte-colectivos.jpg",1312,738,false],"morenews-large":["https:\/\/opinionpublica.com.ar\/index\/wp-content\/uploads\/2024\/05\/transporte-colectivos-825x575.jpg",825,575,true],"morenews-medium":["https:\/\/opinionpublica.com.ar\/index\/wp-content\/uploads\/2024\/05\/transporte-colectivos-590x410.jpg",590,410,true]},"author_info":{"display_name":"RKing","author_link":"https:\/\/opinionpublica.com.ar\/index\/author\/rking\/"},"category_info":"<a href=\"https:\/\/opinionpublica.com.ar\/index\/category\/nacionales\/\" rel=\"category tag\">Nacionales<\/a>","tag_info":"Nacionales","comment_count":"0","_links":{"self":[{"href":"https:\/\/opinionpublica.com.ar\/index\/wp-json\/wp\/v2\/posts\/6237","targetHints":{"allow":["GET"]}}],"collection":[{"href":"https:\/\/opinionpublica.com.ar\/index\/wp-json\/wp\/v2\/posts"}],"about":[{"href":"https:\/\/opinionpublica.com.ar\/index\/wp-json\/wp\/v2\/types\/post"}],"author":[{"embeddable":true,"href":"https:\/\/opinionpublica.com.ar\/index\/wp-json\/wp\/v2\/users\/8"}],"replies":[{"embeddable":true,"href":"https:\/\/opinionpublica.com.ar\/index\/wp-json\/wp\/v2\/comments?post=6237"}],"version-history":[{"count":1,"href":"https:\/\/opinionpublica.com.ar\/index\/wp-json\/wp\/v2\/posts\/6237\/revisions"}],"predecessor-version":[{"id":6238,"href":"https:\/\/opinionpublica.com.ar\/index\/wp-json\/wp\/v2\/posts\/6237\/revisions\/6238"}],"wp:featuredmedia":[{"embeddable":true,"href":"https:\/\/opinionpublica.com.ar\/index\/wp-json\/wp\/v2\/media\/3378"}],"wp:attachment":[{"href":"https:\/\/opinionpublica.com.ar\/index\/wp-json\/wp\/v2\/media?parent=6237"}],"wp:term":[{"taxonomy":"category","embeddable":true,"href":"https:\/\/opinionpublica.com.ar\/index\/wp-json\/wp\/v2\/categories?post=6237"},{"taxonomy":"post_tag","embeddable":true,"href":"https:\/\/opinionpublica.com.ar\/index\/wp-json\/wp\/v2\/tags?post=6237"}],"curies":[{"name":"wp","href":"https:\/\/api.w.org\/{rel}","templated":true}]}}