{"id":6239,"date":"2024-10-09T08:42:42","date_gmt":"2024-10-09T11:42:42","guid":{"rendered":"https:\/\/opinionpublica.com.ar\/index\/?p=6239"},"modified":"2024-10-09T08:42:42","modified_gmt":"2024-10-09T11:42:42","slug":"lechman-el-gobierno-provincial-tiene-que-rendir-cuentas-sobre-fondos-destinados-para-proteccion-de-bosques","status":"publish","type":"post","link":"https:\/\/opinionpublica.com.ar\/index\/lechman-el-gobierno-provincial-tiene-que-rendir-cuentas-sobre-fondos-destinados-para-proteccion-de-bosques\/","title":{"rendered":"Lechman: El Gobierno provincial tiene que rendir cuentas sobre fondos destinados para protecci\u00f3n de bosques"},"content":{"rendered":"<section class=\"principal\">\n<div class=\"fullpost__encabezado orden3\">\n<p class=\"fullpost__titulo\">Lechman: \u00abEl Gobierno provincial tiene que rendir cuentas sobre fondos destinados desde 2018 para protecci\u00f3n de bosques\u00bb<\/p>\n<p class=\"fullpost__copete\">El legislador Jorge Lechman, de Somos Fueguinos (SF), manifest\u00f3 su preocupaci\u00f3n ante la decisi\u00f3n del Ejecutivo nacional de disolver el Fondo Fiduciario para la Protecci\u00f3n Ambiental de los Bosques Nativos (FOBOSQUE), destinado a la protecci\u00f3n ambiental, mediante el Decreto 888\/2024.<\/p>\n<p><a href=\"https:\/\/opinionpublica.com.ar\/index\/wp-content\/uploads\/2024\/09\/Jorge-Lechman-2024.jpg\"><img fetchpriority=\"high\" decoding=\"async\" class=\"alignnone size-full wp-image-5592\" src=\"https:\/\/opinionpublica.com.ar\/index\/wp-content\/uploads\/2024\/09\/Jorge-Lechman-2024.jpg\" alt=\"\" width=\"1080\" height=\"732\" srcset=\"https:\/\/opinionpublica.com.ar\/index\/wp-content\/uploads\/2024\/09\/Jorge-Lechman-2024.jpg 1080w, https:\/\/opinionpublica.com.ar\/index\/wp-content\/uploads\/2024\/09\/Jorge-Lechman-2024-300x203.jpg 300w, https:\/\/opinionpublica.com.ar\/index\/wp-content\/uploads\/2024\/09\/Jorge-Lechman-2024-1024x694.jpg 1024w, https:\/\/opinionpublica.com.ar\/index\/wp-content\/uploads\/2024\/09\/Jorge-Lechman-2024-768x521.jpg 768w\" sizes=\"(max-width: 1080px) 100vw, 1080px\" \/><\/a><\/p>\n<p class=\"fullpost__copete\">\u00abEs preocupante que, debido a la mala gesti\u00f3n y falta de transparencia en el uso de los fondos entre la Naci\u00f3n y algunas provincias, el Ejecutivo nacional haya decidido dejar sin efecto este importante fondo destinado a la protecci\u00f3n ambiental. Espero que el Ejecutivo provincial no est\u00e9 dentro de esas observaciones de la Naci\u00f3n; tiene que dar detalles del dinero. Es un gran da\u00f1o ambiental para los fueguinos\u00bb, se\u00f1al\u00f3 Lechman.<\/p>\n<\/div>\n<\/section>\n<section class=\"extra1\">\n<div class=\"fullpost__main orden2  left\">\n<div class=\"bloque-html\">\n<div id=\"1598826685531\" class=\"medios-widget script\">\n<div id=\"M623177ScriptRootC983961_10659\">\n<div id=\"MarketGidComposite983961_10659\"><\/div>\n<\/div>\n<p><strong>Copiar C\u00f3digo AMP<\/strong><\/div>\n<\/div>\n<div class=\"fullpost__cuerpo\">\n<p>El legislador indic\u00f3 que la justificaci\u00f3n del gobierno nacional, basada en supuestas \u00abfalencias\u00bb, se fundamenta en un informe de auditor\u00eda de la Sindicatura General de la Naci\u00f3n (SIGEN) que revel\u00f3 deficiencias en los registros y en el seguimiento de las acciones, afectando a los Ordenamientos Territoriales de Bosques Nativos (OTBN) originalmente aprobados. Adem\u00e1s, se detect\u00f3 la ausencia de informes de gesti\u00f3n, estad\u00edsticas, indicadores y un manual operativo.<\/p>\n<p>\u00abEs una obligaci\u00f3n que el gobierno de la provincia rinda cuentas sobre qu\u00e9 se ha hecho con los fondos destinados a la protecci\u00f3n de los bosques nativos desde 2018 hasta la fecha. Espero estar equivocado, pero la realidad muestra que estos recursos no han llegado o no se han utilizado adecuadamente, a pesar de que se asignaron y recibieron sumas importantes de dinero. Para despejar dudas, el Ejecutivo tiene que detallar el dinero que percibi\u00f3 la provincia; estamos hablando de dinero de los contribuyentes, no del gobierno\u00bb, expres\u00f3 Lechman.<\/p>\n<\/div>\n<\/div>\n<\/section>\n","protected":false},"excerpt":{"rendered":"<p>Lechman: \u00abEl Gobierno provincial tiene que rendir cuentas sobre fondos destinados desde 2018 para protecci\u00f3n de bosques\u00bb El<\/p>\n","protected":false},"author":8,"featured_media":5885,"comment_status":"open","ping_status":"open","sticky":false,"template":"","format":"standard","meta":{"footnotes":""},"categories":[2],"tags":[2452,328,2275],"class_list":["post-6239","post","type-post","status-publish","format-standard","has-post-thumbnail","hentry","category-tierra-del-fuego","tag-bosques","tag-jorge-lechman","tag-legislatura-fueguina"],"featured_image_urls":{"full":["https:\/\/opinionpublica.com.ar\/index\/wp-content\/uploads\/2024\/09\/20240823154111_jorge-lechman.jpg",880,512,false],"thumbnail":["https:\/\/opinionpublica.com.ar\/index\/wp-content\/uploads\/2024\/09\/20240823154111_jorge-lechman-150x150.jpg",150,150,true],"medium":["https:\/\/opinionpublica.com.ar\/index\/wp-content\/uploads\/2024\/09\/20240823154111_jorge-lechman-300x175.jpg",300,175,true],"medium_large":["https:\/\/opinionpublica.com.ar\/index\/wp-content\/uploads\/2024\/09\/20240823154111_jorge-lechman-768x447.jpg",640,373,true],"large":["https:\/\/opinionpublica.com.ar\/index\/wp-content\/uploads\/2024\/09\/20240823154111_jorge-lechman.jpg",640,372,false],"1536x1536":["https:\/\/opinionpublica.com.ar\/index\/wp-content\/uploads\/2024\/09\/20240823154111_jorge-lechman.jpg",880,512,false],"2048x2048":["https:\/\/opinionpublica.com.ar\/index\/wp-content\/uploads\/2024\/09\/20240823154111_jorge-lechman.jpg",880,512,false],"morenews-large":["https:\/\/opinionpublica.com.ar\/index\/wp-content\/uploads\/2024\/09\/20240823154111_jorge-lechman-825x512.jpg",825,512,true],"morenews-medium":["https:\/\/opinionpublica.com.ar\/index\/wp-content\/uploads\/2024\/09\/20240823154111_jorge-lechman-590x410.jpg",590,410,true]},"author_info":{"display_name":"RKing","author_link":"https:\/\/opinionpublica.com.ar\/index\/author\/rking\/"},"category_info":"<a href=\"https:\/\/opinionpublica.com.ar\/index\/category\/tierra-del-fuego\/\" rel=\"category tag\">Tierra del Fuego<\/a>","tag_info":"Tierra del Fuego","comment_count":"0","_links":{"self":[{"href":"https:\/\/opinionpublica.com.ar\/index\/wp-json\/wp\/v2\/posts\/6239","targetHints":{"allow":["GET"]}}],"collection":[{"href":"https:\/\/opinionpublica.com.ar\/index\/wp-json\/wp\/v2\/posts"}],"about":[{"href":"https:\/\/opinionpublica.com.ar\/index\/wp-json\/wp\/v2\/types\/post"}],"author":[{"embeddable":true,"href":"https:\/\/opinionpublica.com.ar\/index\/wp-json\/wp\/v2\/users\/8"}],"replies":[{"embeddable":true,"href":"https:\/\/opinionpublica.com.ar\/index\/wp-json\/wp\/v2\/comments?post=6239"}],"version-history":[{"count":1,"href":"https:\/\/opinionpublica.com.ar\/index\/wp-json\/wp\/v2\/posts\/6239\/revisions"}],"predecessor-version":[{"id":6240,"href":"https:\/\/opinionpublica.com.ar\/index\/wp-json\/wp\/v2\/posts\/6239\/revisions\/6240"}],"wp:featuredmedia":[{"embeddable":true,"href":"https:\/\/opinionpublica.com.ar\/index\/wp-json\/wp\/v2\/media\/5885"}],"wp:attachment":[{"href":"https:\/\/opinionpublica.com.ar\/index\/wp-json\/wp\/v2\/media?parent=6239"}],"wp:term":[{"taxonomy":"category","embeddable":true,"href":"https:\/\/opinionpublica.com.ar\/index\/wp-json\/wp\/v2\/categories?post=6239"},{"taxonomy":"post_tag","embeddable":true,"href":"https:\/\/opinionpublica.com.ar\/index\/wp-json\/wp\/v2\/tags?post=6239"}],"curies":[{"name":"wp","href":"https:\/\/api.w.org\/{rel}","templated":true}]}}