{"id":6241,"date":"2024-10-09T08:48:15","date_gmt":"2024-10-09T11:48:15","guid":{"rendered":"https:\/\/opinionpublica.com.ar\/index\/?p=6241"},"modified":"2024-10-09T08:48:15","modified_gmt":"2024-10-09T11:48:15","slug":"alumnos-de-la-escuela-de-pesca-piden-que-la-armada-confirme-por-escrito-su-decision-de-cerrarla","status":"publish","type":"post","link":"https:\/\/opinionpublica.com.ar\/index\/alumnos-de-la-escuela-de-pesca-piden-que-la-armada-confirme-por-escrito-su-decision-de-cerrarla\/","title":{"rendered":"Alumnos de la Escuela de Pesca piden que la Armada confirme por escrito su decisi\u00f3n de cerrarla"},"content":{"rendered":"<div class=\"single-title\">Alumnos de la Escuela de Pesca piden que la Armada confirme por escrito su decisi\u00f3n de cerrarla<\/div>\n<div class=\"single-excerpt\">\n<p>Elevaron una nota al director del establecimiento, capit\u00e1n de Fragata Alejandro Lazarte. Solicitaron adem\u00e1s saber cu\u00e1les ser\u00e1n las medidas que proporcionar\u00e1 la Armada para poder cumplimentar con la formaci\u00f3n acad\u00e9mica.<\/p>\n<\/div>\n<div class=\"single-image\"><\/div>\n<div class=\"single-credits grid grid-center\"><a href=\"https:\/\/opinionpublica.com.ar\/index\/wp-content\/uploads\/2024\/10\/Revista-Puerto-Mar-del-Plata-Escuela-Nacional-de-Pesca-img-02.jpg\"><img fetchpriority=\"high\" decoding=\"async\" class=\"alignnone size-full wp-image-6242\" src=\"https:\/\/opinionpublica.com.ar\/index\/wp-content\/uploads\/2024\/10\/Revista-Puerto-Mar-del-Plata-Escuela-Nacional-de-Pesca-img-02.jpg\" alt=\"\" width=\"760\" height=\"507\" srcset=\"https:\/\/opinionpublica.com.ar\/index\/wp-content\/uploads\/2024\/10\/Revista-Puerto-Mar-del-Plata-Escuela-Nacional-de-Pesca-img-02.jpg 760w, https:\/\/opinionpublica.com.ar\/index\/wp-content\/uploads\/2024\/10\/Revista-Puerto-Mar-del-Plata-Escuela-Nacional-de-Pesca-img-02-300x200.jpg 300w\" sizes=\"(max-width: 760px) 100vw, 760px\" \/><\/a><\/div>\n<article id=\"post-71533\" class=\"post-71533 post type-post status-publish format-standard has-post-thumbnail hentry category-noticias\">Alumnos del Segundo Ciclo de Conductor de M\u00e1quinas Navales elevaron una notal al Director de la Escuela Nacional de Pesca \u201cLuis Piedra Buena\u201d en la que, adem\u00e1s de mostrar su total desacuerdo con las medidas tomadas, pidieron que la Armada avale por escrito lo anticipado por el director General de Educaci\u00f3n de la fuerza, contraalmirante Gustavo Adolfo Pr\u00edncipi.<\/p>\n<p>\u201cExigimos que tales dichos sean notificados de manera oficial, formal y escrita en el cual queden plasmados cu\u00e1l fue la motivaci\u00f3n que llev\u00f3 a tal decisi\u00f3n, donde se coarta nuestro derecho a la educaci\u00f3n, derecho que es reconocido en nuestra Constituci\u00f3n Nacional y por la Ley de Educaci\u00f3n Nacional\u201d, revela parte del escrito enviado al capit\u00e1n de Fragata Alejandro Lazarte y al cual tuvo acceso este medio.<\/p>\n<p>El anuncio de la Armada Argentina de cerrar el establecimiento mantiene en estado de alerta a su comunidad educativa, los 40 docentes y casi 200 alumnos, as\u00ed como a los gremios vinculados directamente con la formaci\u00f3n de los oficiales de la marina mercante, el Centro de Patrones y el SICONARA. Desde la Asociaci\u00f3n Argentina de Capitanes, lejos de condenar la decisi\u00f3n de la fuerza, se ofrecieron a que contin\u00fae en su centro de formaci\u00f3n CESMAR.<\/p>\n<p>\u201cDesestimamos el traspaso y el cierre de la Escuela de Pesca, adem\u00e1s de que debe asegurarse la igualdad, gratuidad y el acceso a todos los niveles del sistema educativo en el ejercicio de este derecho para toda la poblaci\u00f3n que vive en el pa\u00eds\u201d, sostuvieron los alumnos.<\/p>\n<p>Desde la Direcci\u00f3n de la Escuela respondieron que el pedido ser\u00e1 trasladado a las autoridades de la Armada, mientras mantienen el silencio oficial sobre la decisi\u00f3n de la fuerza de cerrar el establecimiento luego que se complete el a\u00f1o lectivo 2024.<\/p>\n<p>Pr\u00edncipi hab\u00eda anticipado el 27 de septiembre pasado no solo el cierre de la escuela a partir de diciembre pr\u00f3ximo sino que quedar\u00edan todos los alumnos que no egresan ahora sin poder concluir con la curr\u00edcula formativa acorde a los programas vigentes aprobados por la Subsecretar\u00eda de Puertos y V\u00edas Navegables.<\/p>\n<p>Seg\u00fan expusieron los alumnos, el Contraalmirante revel\u00f3 tambi\u00e9n que la Armada Argentina pretend\u00eda hacer uso del edificio de la Escuela Nacional de Pesca y sus instalaciones. \u201cEs una potestad que no le corresponde porque el edificio y el predio pertenecen al Consejo Federal Pesquero. Los cimientos se levantaron con recursos materiales y econ\u00f3micos donados por Jap\u00f3n, cuyo destino espec\u00edfico era y es formar, capacitar e instruir al personal de la pesca\u201d, aseguraron los estudiantes.<\/p>\n<p>Por otra parte los alumnos del segundo a\u00f1o de la especialidad de Conductor de Maquinistas Navales solicitaron que desde la Armada notifiquen cu\u00e1les ser\u00edan las medidas que proporcionar\u00e1 la Armada para poder cumplimentar la formaci\u00f3n acad\u00e9mica hasta la finalizaci\u00f3n y titulaci\u00f3n pertinente.<\/p>\n<p>El propio Lazarte reconoci\u00f3 a los estudiantes la semana pasada que la continuidad formativa \u201cno estaba garantizada\u201d. Desde el alumnado cuestionaron esa respuesta \u201ccuando era un compromiso asumido por la Escuela mediante acuerdo contractual de formaci\u00f3n entre alumno y el representante de dicha instituci\u00f3n\u201d.<\/p>\n<\/article>\n","protected":false},"excerpt":{"rendered":"<p>Alumnos de la Escuela de Pesca piden que la Armada confirme por escrito su decisi\u00f3n de cerrarla Elevaron<\/p>\n","protected":false},"author":8,"featured_media":6242,"comment_status":"open","ping_status":"open","sticky":false,"template":"","format":"standard","meta":{"footnotes":""},"categories":[3],"tags":[410,2453],"class_list":["post-6241","post","type-post","status-publish","format-standard","has-post-thumbnail","hentry","category-nacionales","tag-cierre","tag-escuela-de-pesca"],"featured_image_urls":{"full":["https:\/\/opinionpublica.com.ar\/index\/wp-content\/uploads\/2024\/10\/Revista-Puerto-Mar-del-Plata-Escuela-Nacional-de-Pesca-img-02.jpg",760,507,false],"thumbnail":["https:\/\/opinionpublica.com.ar\/index\/wp-content\/uploads\/2024\/10\/Revista-Puerto-Mar-del-Plata-Escuela-Nacional-de-Pesca-img-02-150x150.jpg",150,150,true],"medium":["https:\/\/opinionpublica.com.ar\/index\/wp-content\/uploads\/2024\/10\/Revista-Puerto-Mar-del-Plata-Escuela-Nacional-de-Pesca-img-02-300x200.jpg",300,200,true],"medium_large":["https:\/\/opinionpublica.com.ar\/index\/wp-content\/uploads\/2024\/10\/Revista-Puerto-Mar-del-Plata-Escuela-Nacional-de-Pesca-img-02.jpg",640,427,false],"large":["https:\/\/opinionpublica.com.ar\/index\/wp-content\/uploads\/2024\/10\/Revista-Puerto-Mar-del-Plata-Escuela-Nacional-de-Pesca-img-02.jpg",640,427,false],"1536x1536":["https:\/\/opinionpublica.com.ar\/index\/wp-content\/uploads\/2024\/10\/Revista-Puerto-Mar-del-Plata-Escuela-Nacional-de-Pesca-img-02.jpg",760,507,false],"2048x2048":["https:\/\/opinionpublica.com.ar\/index\/wp-content\/uploads\/2024\/10\/Revista-Puerto-Mar-del-Plata-Escuela-Nacional-de-Pesca-img-02.jpg",760,507,false],"morenews-large":["https:\/\/opinionpublica.com.ar\/index\/wp-content\/uploads\/2024\/10\/Revista-Puerto-Mar-del-Plata-Escuela-Nacional-de-Pesca-img-02.jpg",760,507,false],"morenews-medium":["https:\/\/opinionpublica.com.ar\/index\/wp-content\/uploads\/2024\/10\/Revista-Puerto-Mar-del-Plata-Escuela-Nacional-de-Pesca-img-02-590x410.jpg",590,410,true]},"author_info":{"display_name":"RKing","author_link":"https:\/\/opinionpublica.com.ar\/index\/author\/rking\/"},"category_info":"<a href=\"https:\/\/opinionpublica.com.ar\/index\/category\/nacionales\/\" rel=\"category tag\">Nacionales<\/a>","tag_info":"Nacionales","comment_count":"0","_links":{"self":[{"href":"https:\/\/opinionpublica.com.ar\/index\/wp-json\/wp\/v2\/posts\/6241","targetHints":{"allow":["GET"]}}],"collection":[{"href":"https:\/\/opinionpublica.com.ar\/index\/wp-json\/wp\/v2\/posts"}],"about":[{"href":"https:\/\/opinionpublica.com.ar\/index\/wp-json\/wp\/v2\/types\/post"}],"author":[{"embeddable":true,"href":"https:\/\/opinionpublica.com.ar\/index\/wp-json\/wp\/v2\/users\/8"}],"replies":[{"embeddable":true,"href":"https:\/\/opinionpublica.com.ar\/index\/wp-json\/wp\/v2\/comments?post=6241"}],"version-history":[{"count":1,"href":"https:\/\/opinionpublica.com.ar\/index\/wp-json\/wp\/v2\/posts\/6241\/revisions"}],"predecessor-version":[{"id":6244,"href":"https:\/\/opinionpublica.com.ar\/index\/wp-json\/wp\/v2\/posts\/6241\/revisions\/6244"}],"wp:featuredmedia":[{"embeddable":true,"href":"https:\/\/opinionpublica.com.ar\/index\/wp-json\/wp\/v2\/media\/6242"}],"wp:attachment":[{"href":"https:\/\/opinionpublica.com.ar\/index\/wp-json\/wp\/v2\/media?parent=6241"}],"wp:term":[{"taxonomy":"category","embeddable":true,"href":"https:\/\/opinionpublica.com.ar\/index\/wp-json\/wp\/v2\/categories?post=6241"},{"taxonomy":"post_tag","embeddable":true,"href":"https:\/\/opinionpublica.com.ar\/index\/wp-json\/wp\/v2\/tags?post=6241"}],"curies":[{"name":"wp","href":"https:\/\/api.w.org\/{rel}","templated":true}]}}