{"id":6245,"date":"2024-10-09T08:56:07","date_gmt":"2024-10-09T11:56:07","guid":{"rendered":"https:\/\/opinionpublica.com.ar\/index\/?p=6245"},"modified":"2024-10-09T08:56:07","modified_gmt":"2024-10-09T11:56:07","slug":"santiago-pauli-realizo-criticas-al-gobierno-y-los-municipios","status":"publish","type":"post","link":"https:\/\/opinionpublica.com.ar\/index\/santiago-pauli-realizo-criticas-al-gobierno-y-los-municipios\/","title":{"rendered":"Santiago Pauli realizo criticas al gobierno y los municipios"},"content":{"rendered":"<div class=\"pt3p pb3p g11 flr\">\n<p class=\"ffalt ctitle fz43 mb20 bold\">Santiago Pauli realizo criticas al gobierno y los municipios.<\/p>\n<p class=\"ffalt ctitle fz43 mb20 bold\">\u201cPretenden seguir con el mismo nivel de gasto, sin ning\u00fan ajuste\u201d<\/p>\n<p class=\"arial ctext fz18 lh25\">Lo dijo el diputado libertario, Santiago Pauli, sobre la falta de ajuste del gasto en el Gobierno y los municipios fueguinos, que en contrapartida reclaman permanentemente fondos a la gesti\u00f3n de Javier Milei. \u201cNo se quiere hacer ajustes por ning\u00fan lado y es insostenible la situaci\u00f3n\u201d, reproch\u00f3.<\/p>\n<p><a href=\"https:\/\/opinionpublica.com.ar\/index\/wp-content\/uploads\/2024\/04\/Santiago-Pauli.jpeg\"><img fetchpriority=\"high\" decoding=\"async\" class=\"alignnone size-full wp-image-2568\" src=\"https:\/\/opinionpublica.com.ar\/index\/wp-content\/uploads\/2024\/04\/Santiago-Pauli.jpeg\" alt=\"\" width=\"1024\" height=\"567\" srcset=\"https:\/\/opinionpublica.com.ar\/index\/wp-content\/uploads\/2024\/04\/Santiago-Pauli.jpeg 1024w, https:\/\/opinionpublica.com.ar\/index\/wp-content\/uploads\/2024\/04\/Santiago-Pauli-300x166.jpeg 300w, https:\/\/opinionpublica.com.ar\/index\/wp-content\/uploads\/2024\/04\/Santiago-Pauli-768x425.jpeg 768w\" sizes=\"(max-width: 1024px) 100vw, 1024px\" \/><\/a><\/p>\n<\/div>\n<section id=\"galeria-noticia\" class=\" g11 flr\">\n<div class=\"bx-wrapper\">\n<div class=\"bx-viewport\">\n<p>&nbsp;<\/p>\n<\/div>\n<\/div>\n<\/section>\n<div class=\"flr g10 arial ctext fz16 lh26 mb20\">\n<div class=\"wysiwyg mb15\">\n<p>El diputado nacional\u00a0<b>Santiago Pauli<\/b>\u00a0(Republicanos TDF) cuestion\u00f3 la\u00a0<b>falta de ajuste del gasto en el Gobierno provincial y los municipios fueguinos<\/b>, que en contrapartida reclaman permanentemente fondos a la gesti\u00f3n de Javier Milei. \u201c<b>No se quiere hacer ajustes por ning\u00fan lado y es insostenible la situaci\u00f3n<\/b>\u201d, reproch\u00f3.<\/p>\n<p>Para el representante fueguino en el Congreso \u201c<b>en muchas provincias, no solamente en Tierra del Fuego, no se est\u00e1 dispuesto a entrar en la discusi\u00f3n sobre el ajuste que hubo a nivel nacional y que tambi\u00e9n tiene que ser replicado por los sectores pol\u00edticos en las provincias y en las municipalidades<\/b>\u201d.<\/p>\n<p>\u201c<b>As\u00ed como se han eliminado una gran cantidad de ministerios, secretar\u00edas, subsecretar\u00edas y direcciones en la administraci\u00f3n p\u00fablica nacional, uno no ve que ese recorte tenga su contraparte en la mayor\u00eda de los gobiernos provinciales y municipales<\/b>\u201d, se\u00f1al\u00f3 Pauli en declaraciones a\u00a0<b>Radio Provincia<\/b>\u00a0de R\u00edo Grande.<\/p>\n<p>El diputado libertario consider\u00f3 que \u201c<b>desde el Gobierno provincial o desde un Municipio pretenden seguir con el mismo nivel de gasto, sin ning\u00fan tipo de ajuste, sobre todo en cosas superfluas<\/b>\u201d, entendiendo que \u201c<b>se quiere aumentar la recaudaci\u00f3n y no se quiere hacer ajustes por ning\u00fan lado<\/b>\u201d.<\/p>\n<p>En ese sentido, Pauli sostuvo que \u201c<b>dado el ajuste que se ha hecho a nivel nacional, el sector pol\u00edtico gobernante en Tierra del Fuego deber\u00eda plantearse achicar un poco el gasto<\/b>\u201d, reprochando que \u201c<b>siempre esperamos que todo se resuelva desde la Naci\u00f3n<\/b>\u201d.<\/p>\n<p>\u201cUna de las primeras discusiones que se dio a principios de a\u00f1o era la eliminaci\u00f3n de los ATN, a los que estaban acostumbrados los gobiernos provinciales.\u00a0<b>La clase pol\u00edtica en las provincias se acostumbr\u00f3 a vivir de aportes extraordinarios y estaban acostumbrados a tener un nivel de gastos mayor al nivel de ingresos. Hubo un ajuste tremendo que se dio en la administraci\u00f3n p\u00fablica nacional y no he visto esa discusi\u00f3n en otros niveles. Me parece que es hora de tenerla<\/b>\u201d, recomend\u00f3.<\/p>\n<p>Y cerr\u00f3: \u201c<b>Est\u00e1 bien que se siga peleando por los recursos y las transferencias, pero yo quisiera ver qu\u00e9 gasto pol\u00edtico se puede empezar a recortar en la provincia y en los municipios. Si no, las provincias viven en otra realidad, como si no hubieran cambiado los tiempos<\/b>\u201d.<\/p>\n<\/div>\n<\/div>\n","protected":false},"excerpt":{"rendered":"<p>Santiago Pauli realizo criticas al gobierno y los municipios. \u201cPretenden seguir con el mismo nivel de gasto, sin<\/p>\n","protected":false},"author":8,"featured_media":2721,"comment_status":"open","ping_status":"open","sticky":false,"template":"","format":"standard","meta":{"footnotes":""},"categories":[2],"tags":[2454,112,971],"class_list":["post-6245","post","type-post","status-publish","format-standard","has-post-thumbnail","hentry","category-tierra-del-fuego","tag-ajuste-del-gasto","tag-gobierno","tag-santiago-pauli"],"featured_image_urls":{"full":["https:\/\/opinionpublica.com.ar\/index\/wp-content\/uploads\/2024\/05\/Santiago-Pauli-Elecciones.jpeg",1280,720,false],"thumbnail":["https:\/\/opinionpublica.com.ar\/index\/wp-content\/uploads\/2024\/05\/Santiago-Pauli-Elecciones-150x150.jpeg",150,150,true],"medium":["https:\/\/opinionpublica.com.ar\/index\/wp-content\/uploads\/2024\/05\/Santiago-Pauli-Elecciones-300x169.jpeg",300,169,true],"medium_large":["https:\/\/opinionpublica.com.ar\/index\/wp-content\/uploads\/2024\/05\/Santiago-Pauli-Elecciones-768x432.jpeg",640,360,true],"large":["https:\/\/opinionpublica.com.ar\/index\/wp-content\/uploads\/2024\/05\/Santiago-Pauli-Elecciones-1024x576.jpeg",640,360,true],"1536x1536":["https:\/\/opinionpublica.com.ar\/index\/wp-content\/uploads\/2024\/05\/Santiago-Pauli-Elecciones.jpeg",1280,720,false],"2048x2048":["https:\/\/opinionpublica.com.ar\/index\/wp-content\/uploads\/2024\/05\/Santiago-Pauli-Elecciones.jpeg",1280,720,false],"morenews-large":["https:\/\/opinionpublica.com.ar\/index\/wp-content\/uploads\/2024\/05\/Santiago-Pauli-Elecciones-825x575.jpeg",825,575,true],"morenews-medium":["https:\/\/opinionpublica.com.ar\/index\/wp-content\/uploads\/2024\/05\/Santiago-Pauli-Elecciones-590x410.jpeg",590,410,true]},"author_info":{"display_name":"RKing","author_link":"https:\/\/opinionpublica.com.ar\/index\/author\/rking\/"},"category_info":"<a href=\"https:\/\/opinionpublica.com.ar\/index\/category\/tierra-del-fuego\/\" rel=\"category tag\">Tierra del Fuego<\/a>","tag_info":"Tierra del Fuego","comment_count":"0","_links":{"self":[{"href":"https:\/\/opinionpublica.com.ar\/index\/wp-json\/wp\/v2\/posts\/6245","targetHints":{"allow":["GET"]}}],"collection":[{"href":"https:\/\/opinionpublica.com.ar\/index\/wp-json\/wp\/v2\/posts"}],"about":[{"href":"https:\/\/opinionpublica.com.ar\/index\/wp-json\/wp\/v2\/types\/post"}],"author":[{"embeddable":true,"href":"https:\/\/opinionpublica.com.ar\/index\/wp-json\/wp\/v2\/users\/8"}],"replies":[{"embeddable":true,"href":"https:\/\/opinionpublica.com.ar\/index\/wp-json\/wp\/v2\/comments?post=6245"}],"version-history":[{"count":1,"href":"https:\/\/opinionpublica.com.ar\/index\/wp-json\/wp\/v2\/posts\/6245\/revisions"}],"predecessor-version":[{"id":6246,"href":"https:\/\/opinionpublica.com.ar\/index\/wp-json\/wp\/v2\/posts\/6245\/revisions\/6246"}],"wp:featuredmedia":[{"embeddable":true,"href":"https:\/\/opinionpublica.com.ar\/index\/wp-json\/wp\/v2\/media\/2721"}],"wp:attachment":[{"href":"https:\/\/opinionpublica.com.ar\/index\/wp-json\/wp\/v2\/media?parent=6245"}],"wp:term":[{"taxonomy":"category","embeddable":true,"href":"https:\/\/opinionpublica.com.ar\/index\/wp-json\/wp\/v2\/categories?post=6245"},{"taxonomy":"post_tag","embeddable":true,"href":"https:\/\/opinionpublica.com.ar\/index\/wp-json\/wp\/v2\/tags?post=6245"}],"curies":[{"name":"wp","href":"https:\/\/api.w.org\/{rel}","templated":true}]}}