{"id":6300,"date":"2024-10-10T15:20:08","date_gmt":"2024-10-10T18:20:08","guid":{"rendered":"https:\/\/opinionpublica.com.ar\/index\/?p=6300"},"modified":"2024-10-10T15:20:08","modified_gmt":"2024-10-10T18:20:08","slug":"el-gobierno-nombro-como-vicepresidente-de-la-uif-a-un-recomendado-por-santiago-caputo","status":"publish","type":"post","link":"https:\/\/opinionpublica.com.ar\/index\/el-gobierno-nombro-como-vicepresidente-de-la-uif-a-un-recomendado-por-santiago-caputo\/","title":{"rendered":"El Gobierno nombr\u00f3 como vicepresidente de la UIF a un recomendado por Santiago Caputo."},"content":{"rendered":"<div class=\"header-container --no-app\">\n<div class=\"common-header-container\">\n<header class=\"common-header flex flex-column w-100\">\n<div>\n<div class=\"common-main-header border border-bottom border-thin relative bg-light-50 border-neutral-light-100 fixed_l top-0 w-100 z-1500\">\n<div class=\"content\">\n<div class=\"container grid gap-16 gap-32_lg lay-container h-64 h-64 h-86_md h-56_l\"><\/div>\n<\/div>\n<\/div>\n<\/div>\n<\/header>\n<\/div>\n<div>\n<div class=\"wrapper-dropdown\" tabindex=\"0\" role=\"button\">\n<div class=\"overlay\" tabindex=\"0\" aria-label=\"overlay\">El Gobierno nombr\u00f3 como vicepresidente de la UIF a un recomendado por Santiago Caputo.<\/div>\n<\/div>\n<\/div>\n<\/div>\n<p><main id=\"content\" class=\"--header-fixed-margin\"><\/p>\n<div class=\"lay-sidebar\">\n<div class=\"sidebar__main\">\n<div class=\"row\">\n<div class=\"col-12 \">\n<p class=\"com-subhead --bajada --m-xs-\">Se design\u00f3 a Santiago Mart\u00edn Gonz\u00e1lez Rodr\u00edguez, por medio del Bolet\u00edn Oficial; su postulaci\u00f3n hab\u00eda sido rechazada por \u201cinexperto\u201d<\/p>\n<div class=\"mod-date-container flex flex-column gap-8 mb-16 text-neutral-light-600 jc-between flex-row_sm ai-center_sm\"><\/div>\n<div>\n<section class=\"mod-opening\">\n<div class=\"content-media\">\n<section id=\"ANLVKVMWHFHUBAYRAD2KKQFC2I\" class=\"mod-media   \" role=\"button\">\n<figure class=\"mod-figure --horizontal\" role=\"button\">\n<div class=\"placeholder \">\n<div class=\"com-image\"><a href=\"https:\/\/opinionpublica.com.ar\/index\/wp-content\/uploads\/2024\/10\/GZiEO8gWAAMUPmT-Santiago-Martin-Gonzalez-Rodriguez-e1728584317914.jpg\"><img fetchpriority=\"high\" decoding=\"async\" class=\"alignnone size-full wp-image-6301\" src=\"https:\/\/opinionpublica.com.ar\/index\/wp-content\/uploads\/2024\/10\/GZiEO8gWAAMUPmT-Santiago-Martin-Gonzalez-Rodriguez-e1728584317914.jpg\" alt=\"\" width=\"1080\" height=\"532\" srcset=\"https:\/\/opinionpublica.com.ar\/index\/wp-content\/uploads\/2024\/10\/GZiEO8gWAAMUPmT-Santiago-Martin-Gonzalez-Rodriguez-e1728584317914.jpg 1080w, https:\/\/opinionpublica.com.ar\/index\/wp-content\/uploads\/2024\/10\/GZiEO8gWAAMUPmT-Santiago-Martin-Gonzalez-Rodriguez-e1728584317914-300x148.jpg 300w, https:\/\/opinionpublica.com.ar\/index\/wp-content\/uploads\/2024\/10\/GZiEO8gWAAMUPmT-Santiago-Martin-Gonzalez-Rodriguez-e1728584317914-1024x504.jpg 1024w, https:\/\/opinionpublica.com.ar\/index\/wp-content\/uploads\/2024\/10\/GZiEO8gWAAMUPmT-Santiago-Martin-Gonzalez-Rodriguez-e1728584317914-768x378.jpg 768w\" sizes=\"(max-width: 1080px) 100vw, 1080px\" \/><\/a><\/div>\n<\/div><figcaption class=\"mod-figcaption\"><span class=\"com-text --caption --twoxs\">El abogado Santiago Mart\u00edn Gonz\u00e1lez Rodr\u00edguez fue designado como vicepresidente de la U<\/span><\/figcaption><\/figure>\n<\/section>\n<\/div>\n<\/section>\n<\/div>\n<\/div>\n<\/div>\n<section class=\"cuerpo__nota\" data-mrf-recirculation=\"n_links\">\n<div class=\"row\">\n<div class=\"col-12 col-desksm-1\">\n<div class=\"mod-share-container py-12 mb-16 mb-0_l border border-bottom border-thin border-neutral-light-100 border-0_l --no-app sticky float-l_l z-101 transition transition-all transition-duration-250 top-73_min1024\">\n<div class=\"mod-share flex mb-0 p-0_l\">\n<div id=\"v-share\" class=\"share flex relative z-100 flex-column_l bg-light-0 pb-16_l pt-8_l px-8_l\">\n<div id=\"first-button-group\" class=\"first-buttons-group flex gap-16 pr-8_max1023 pb-16_l flex-column_l\">Desde el 3 de julio, el cargo de vicepresidente de la <strong>Unidad de Informaci\u00f3n Financiera (UIF)<\/strong>\u00a0qued\u00f3 vacante tras la renuncia de<strong>\u00a0<\/strong><strong>Manuel Tessio<\/strong>\u00a0por conflictos con el Gobierno. Ahora, el Ministerio de Justicia design\u00f3 en su lugar a un postulado por\u00a0<strong>Santiago Caputo<\/strong>.<\/div>\n<\/div>\n<\/div>\n<\/div>\n<\/div>\n<div class=\"col-deskxl-10 offset-deskxl-1 col-desksm-11\">\n<div class=\"row\">\n<div class=\"col-12\">\n<p class=\"com-paragraph   --s\">Tal como hab\u00eda anticipado\u00a0LA NACION, se trata de\u00a0<strong>Santiago Mart\u00edn Gonz\u00e1lez Rodr\u00edguez<\/strong>, un inexperto abogado de 44 a\u00f1os que cont\u00f3 con el respaldo de la Casa Rosada. A pesar de su nombramiento, no cuenta con experiencia en la lucha contra el lavado, financiamiento del terrorismo, delitos econ\u00f3micos, evasi\u00f3n tributaria o el fraude corporativo.<\/p>\n<div class=\"ln-banner-container --middle_1_dsk\">\n<div class=\"AV6201684596d6851f9c661ec4\">\n<div id=\"aniBox\">\n<div id=\"aniplayer_AV6201684596d6851f9c661ec4-1728583264797\">\n<div id=\"aniplayer_AV6201684596d6851f9c661ec4-1728583264797gui\">\n<div id=\"av-caption\">\n<div id=\"av-close-btn-overlay\" class=\"av-pos-top-left\"><\/div>\n<\/div>\n<\/div>\n<\/div>\n<\/div>\n<\/div>\n<div id=\"middle_1_dsk\" class=\"ln-banner\" data-slot-group=\"nota\" data-device=\"desktop\" data-subscription=\"true\" data-ad-unit-path=\"\/133919216\/la_nacion_desktop\/Nota\/middle_1_dsk\" data-targeting=\"{&quot;sitio&quot;:&quot;lanacion&quot;,&quot;seccion&quot;:&quot;nota&quot;}\" data-without-hide=\"true\" data-size=\"[[1,1],[640,360],[640,480],[728,90]]\" data-sizemap=\"[]\" data-prebid-enabled=\"true\" data-google-query-id=\"CM3W46KyhIkDFck9uQYdrYYcIw\">\n<div id=\"google_ads_iframe_\/133919216\/la_nacion_desktop\/Nota\/middle_1_dsk_0__container__\"><\/div>\n<\/div>\n<\/div>\n<p class=\"com-paragraph   --s\">La medida se comunic\u00f3 a trav\u00e9s del\u00a0decreto 896\/2024, publicada en el Bolet\u00edn Oficial, donde el Gobierno expres\u00f3 que Gonz\u00e1lez Rodr\u00edguez fue propuesto por el Ministerio de Justicia, cuyo titular es Mariano C\u00faneo Libarona. Generalmente, el Poder Ejecutivo analiza opciones brindadas por la cartera.<\/p>\n<p><a href=\"https:\/\/opinionpublica.com.ar\/index\/wp-content\/uploads\/2024\/09\/santiago-caputo-6.jpg\"><img decoding=\"async\" class=\"alignnone size-full wp-image-5446\" src=\"https:\/\/opinionpublica.com.ar\/index\/wp-content\/uploads\/2024\/09\/santiago-caputo-6.jpg\" alt=\"\" width=\"600\" height=\"600\" srcset=\"https:\/\/opinionpublica.com.ar\/index\/wp-content\/uploads\/2024\/09\/santiago-caputo-6.jpg 600w, https:\/\/opinionpublica.com.ar\/index\/wp-content\/uploads\/2024\/09\/santiago-caputo-6-300x300.jpg 300w, https:\/\/opinionpublica.com.ar\/index\/wp-content\/uploads\/2024\/09\/santiago-caputo-6-150x150.jpg 150w\" sizes=\"(max-width: 600px) 100vw, 600px\" \/><\/a><\/p>\n<p class=\"com-paragraph   --s\">Por su parte, la postulaci\u00f3n del abogado hab\u00eda sido rechazada semanas atr\u00e1s por la dirigente de Republicanos Unidos y exvicepresidenta de la UIF,\u00a0<strong>Mar\u00eda Eugenia Talerico<\/strong>, por la Fundaci\u00f3n Apolo, quienes lo tacharon de \u201c<strong>no reunir los requerimientos de idoneidad t\u00e9cnica exigidos por la ley 25.246<\/strong>\u2033, mediante la cual se cre\u00f3 la unidad.<\/p>\n<p class=\"com-paragraph   --s\">De esta manera Gonz\u00e1lez Rodr\u00edguez ser\u00e1 a partir de la publicaci\u00f3n del decreto el n\u00famero 2 de Ignacio Mart\u00edn Yacobucci, presidente de la UIF.<\/p>\n<p>&nbsp;<\/p>\n<p>&nbsp;<\/p>\n<\/div>\n<\/div>\n<\/div>\n<\/div>\n<\/section>\n<\/div>\n<\/div>\n<p><\/main><\/p>\n","protected":false},"excerpt":{"rendered":"<p>El Gobierno nombr\u00f3 como vicepresidente de la UIF a un recomendado por Santiago Caputo. Se design\u00f3 a Santiago<\/p>\n","protected":false},"author":8,"featured_media":6301,"comment_status":"open","ping_status":"open","sticky":false,"template":"","format":"standard","meta":{"footnotes":""},"categories":[3],"tags":[1926,2474,2473],"class_list":["post-6300","post","type-post","status-publish","format-standard","has-post-thumbnail","hentry","category-nacionales","tag-santiago-caputo","tag-santiago-martin-gonzalez-rodriguez","tag-uif"],"featured_image_urls":{"full":["https:\/\/opinionpublica.com.ar\/index\/wp-content\/uploads\/2024\/10\/GZiEO8gWAAMUPmT-Santiago-Martin-Gonzalez-Rodriguez-e1728584317914.jpg",1080,532,false],"thumbnail":["https:\/\/opinionpublica.com.ar\/index\/wp-content\/uploads\/2024\/10\/GZiEO8gWAAMUPmT-Santiago-Martin-Gonzalez-Rodriguez-e1728584317914-150x150.jpg",150,150,true],"medium":["https:\/\/opinionpublica.com.ar\/index\/wp-content\/uploads\/2024\/10\/GZiEO8gWAAMUPmT-Santiago-Martin-Gonzalez-Rodriguez-e1728584317914-300x148.jpg",300,148,true],"medium_large":["https:\/\/opinionpublica.com.ar\/index\/wp-content\/uploads\/2024\/10\/GZiEO8gWAAMUPmT-Santiago-Martin-Gonzalez-Rodriguez-e1728584317914-768x378.jpg",640,315,true],"large":["https:\/\/opinionpublica.com.ar\/index\/wp-content\/uploads\/2024\/10\/GZiEO8gWAAMUPmT-Santiago-Martin-Gonzalez-Rodriguez-e1728584317914-1024x504.jpg",640,315,true],"1536x1536":["https:\/\/opinionpublica.com.ar\/index\/wp-content\/uploads\/2024\/10\/GZiEO8gWAAMUPmT-Santiago-Martin-Gonzalez-Rodriguez-e1728584317914.jpg",1080,532,false],"2048x2048":["https:\/\/opinionpublica.com.ar\/index\/wp-content\/uploads\/2024\/10\/GZiEO8gWAAMUPmT-Santiago-Martin-Gonzalez-Rodriguez-e1728584317914.jpg",1080,532,false],"morenews-large":["https:\/\/opinionpublica.com.ar\/index\/wp-content\/uploads\/2024\/10\/GZiEO8gWAAMUPmT-Santiago-Martin-Gonzalez-Rodriguez-e1728584317914-825x532.jpg",825,532,true],"morenews-medium":["https:\/\/opinionpublica.com.ar\/index\/wp-content\/uploads\/2024\/10\/GZiEO8gWAAMUPmT-Santiago-Martin-Gonzalez-Rodriguez-e1728584317914-590x410.jpg",590,410,true]},"author_info":{"display_name":"RKing","author_link":"https:\/\/opinionpublica.com.ar\/index\/author\/rking\/"},"category_info":"<a href=\"https:\/\/opinionpublica.com.ar\/index\/category\/nacionales\/\" rel=\"category tag\">Nacionales<\/a>","tag_info":"Nacionales","comment_count":"0","_links":{"self":[{"href":"https:\/\/opinionpublica.com.ar\/index\/wp-json\/wp\/v2\/posts\/6300","targetHints":{"allow":["GET"]}}],"collection":[{"href":"https:\/\/opinionpublica.com.ar\/index\/wp-json\/wp\/v2\/posts"}],"about":[{"href":"https:\/\/opinionpublica.com.ar\/index\/wp-json\/wp\/v2\/types\/post"}],"author":[{"embeddable":true,"href":"https:\/\/opinionpublica.com.ar\/index\/wp-json\/wp\/v2\/users\/8"}],"replies":[{"embeddable":true,"href":"https:\/\/opinionpublica.com.ar\/index\/wp-json\/wp\/v2\/comments?post=6300"}],"version-history":[{"count":1,"href":"https:\/\/opinionpublica.com.ar\/index\/wp-json\/wp\/v2\/posts\/6300\/revisions"}],"predecessor-version":[{"id":6302,"href":"https:\/\/opinionpublica.com.ar\/index\/wp-json\/wp\/v2\/posts\/6300\/revisions\/6302"}],"wp:featuredmedia":[{"embeddable":true,"href":"https:\/\/opinionpublica.com.ar\/index\/wp-json\/wp\/v2\/media\/6301"}],"wp:attachment":[{"href":"https:\/\/opinionpublica.com.ar\/index\/wp-json\/wp\/v2\/media?parent=6300"}],"wp:term":[{"taxonomy":"category","embeddable":true,"href":"https:\/\/opinionpublica.com.ar\/index\/wp-json\/wp\/v2\/categories?post=6300"},{"taxonomy":"post_tag","embeddable":true,"href":"https:\/\/opinionpublica.com.ar\/index\/wp-json\/wp\/v2\/tags?post=6300"}],"curies":[{"name":"wp","href":"https:\/\/api.w.org\/{rel}","templated":true}]}}