{"id":6304,"date":"2024-10-12T21:18:58","date_gmt":"2024-10-13T00:18:58","guid":{"rendered":"https:\/\/opinionpublica.com.ar\/index\/?p=6304"},"modified":"2024-10-12T21:18:58","modified_gmt":"2024-10-13T00:18:58","slug":"140-anos-de-ushuaia-poca-concurrencia-y-palco-con-custodia","status":"publish","type":"post","link":"https:\/\/opinionpublica.com.ar\/index\/140-anos-de-ushuaia-poca-concurrencia-y-palco-con-custodia\/","title":{"rendered":"140 a\u00f1os de Ushuaia: Poca concurrencia y palco con custodia"},"content":{"rendered":"<section class=\"principal\">\n<div class=\"fullpost__encabezado orden3\">\n<p>140 a\u00f1os de Ushuaia: Poca concurrencia y palco con custodia.<\/p>\n<p class=\"fullpost__copete\">Este a\u00f1o, los festejos por los 140 a\u00f1os de Ushuaia estuvieron marcados por una notable baja en la concurrencia, en contraste con ediciones anteriores que sol\u00edan convocar a multitudes. La informaci\u00f3n fue confirmada por diversos mensajes de seguidores que se\u00f1alaron el escaso inter\u00e9s por la celebraci\u00f3n.<\/p>\n<p><a href=\"https:\/\/opinionpublica.com.ar\/index\/wp-content\/uploads\/2024\/10\/festejos-104-ushuaia.webp\"><img fetchpriority=\"high\" decoding=\"async\" class=\"alignnone size-full wp-image-6305\" src=\"https:\/\/opinionpublica.com.ar\/index\/wp-content\/uploads\/2024\/10\/festejos-104-ushuaia.webp\" alt=\"\" width=\"1270\" height=\"827\" srcset=\"https:\/\/opinionpublica.com.ar\/index\/wp-content\/uploads\/2024\/10\/festejos-104-ushuaia.webp 1270w, https:\/\/opinionpublica.com.ar\/index\/wp-content\/uploads\/2024\/10\/festejos-104-ushuaia-300x195.webp 300w, https:\/\/opinionpublica.com.ar\/index\/wp-content\/uploads\/2024\/10\/festejos-104-ushuaia-1024x667.webp 1024w, https:\/\/opinionpublica.com.ar\/index\/wp-content\/uploads\/2024\/10\/festejos-104-ushuaia-768x500.webp 768w\" sizes=\"(max-width: 1270px) 100vw, 1270px\" \/><\/a><\/p>\n<p><span class=\"fullpost__categoria\">Entre las principales razones que ex<\/span>plican esta baja participaci\u00f3n, se destacan el creciente descontento hacia la gesti\u00f3n del ejecutivo local y el rechazo a la figura del intendente. Este malestar social parece haber impactado negativamente en eventos tradicionales como el almuerzo, el desfile y otras actividades protocolares, que hist\u00f3ricamente han sido s\u00edmbolo de identidad y uni\u00f3n comunitaria.<\/div>\n<\/section>\n<section class=\"extra1\">\n<div><a href=\"https:\/\/opinionpublica.com.ar\/index\/wp-content\/uploads\/2024\/10\/20241012172719_photo_2024_10_12_16_52_34-festejos-ushuaia.jpg\"><img decoding=\"async\" class=\"alignnone size-full wp-image-6306\" src=\"https:\/\/opinionpublica.com.ar\/index\/wp-content\/uploads\/2024\/10\/20241012172719_photo_2024_10_12_16_52_34-festejos-ushuaia.jpg\" alt=\"\" width=\"880\" height=\"586\" srcset=\"https:\/\/opinionpublica.com.ar\/index\/wp-content\/uploads\/2024\/10\/20241012172719_photo_2024_10_12_16_52_34-festejos-ushuaia.jpg 880w, https:\/\/opinionpublica.com.ar\/index\/wp-content\/uploads\/2024\/10\/20241012172719_photo_2024_10_12_16_52_34-festejos-ushuaia-300x200.jpg 300w, https:\/\/opinionpublica.com.ar\/index\/wp-content\/uploads\/2024\/10\/20241012172719_photo_2024_10_12_16_52_34-festejos-ushuaia-768x511.jpg 768w\" sizes=\"(max-width: 880px) 100vw, 880px\" \/><\/a><\/div>\n<div class=\"fullpost__main orden2  left\">\n<div class=\"fullpost__cuerpo\">\n<p>La falta de asistencia refleja una desconexi\u00f3n entre las autoridades y la ciudadan\u00eda, afectando lo que sol\u00eda ser un evento emblem\u00e1tico para la comunidad. Adem\u00e1s, el palco oficial estuvo cercado y fuertemente custodiado por personal policial, tanto uniformado como de civil, para prevenir posibles agravios hacia el jefe del ejecutivo, lo que contribuy\u00f3 a acentuar la tensi\u00f3n en el ambiente.<\/p>\n<\/div>\n<div class=\"fullpost__etiquetas\"><\/div>\n<\/div>\n<\/section>\n","protected":false},"excerpt":{"rendered":"<p>140 a\u00f1os de Ushuaia: Poca concurrencia y palco con custodia. Este a\u00f1o, los festejos por los 140 a\u00f1os<\/p>\n","protected":false},"author":8,"featured_media":6307,"comment_status":"open","ping_status":"open","sticky":false,"template":"","format":"standard","meta":{"footnotes":""},"categories":[21],"tags":[2475,6,538],"class_list":["post-6304","post","type-post","status-publish","format-standard","has-post-thumbnail","hentry","category-ushuaia","tag-celebracion","tag-ushuaia","tag-walter-vuoto"],"featured_image_urls":{"full":["https:\/\/opinionpublica.com.ar\/index\/wp-content\/uploads\/2024\/10\/PALCO-1024x683-ushuaia-140.jpg",1024,683,false],"thumbnail":["https:\/\/opinionpublica.com.ar\/index\/wp-content\/uploads\/2024\/10\/PALCO-1024x683-ushuaia-140-150x150.jpg",150,150,true],"medium":["https:\/\/opinionpublica.com.ar\/index\/wp-content\/uploads\/2024\/10\/PALCO-1024x683-ushuaia-140-300x200.jpg",300,200,true],"medium_large":["https:\/\/opinionpublica.com.ar\/index\/wp-content\/uploads\/2024\/10\/PALCO-1024x683-ushuaia-140-768x512.jpg",640,427,true],"large":["https:\/\/opinionpublica.com.ar\/index\/wp-content\/uploads\/2024\/10\/PALCO-1024x683-ushuaia-140.jpg",640,427,false],"1536x1536":["https:\/\/opinionpublica.com.ar\/index\/wp-content\/uploads\/2024\/10\/PALCO-1024x683-ushuaia-140.jpg",1024,683,false],"2048x2048":["https:\/\/opinionpublica.com.ar\/index\/wp-content\/uploads\/2024\/10\/PALCO-1024x683-ushuaia-140.jpg",1024,683,false],"morenews-large":["https:\/\/opinionpublica.com.ar\/index\/wp-content\/uploads\/2024\/10\/PALCO-1024x683-ushuaia-140-825x575.jpg",825,575,true],"morenews-medium":["https:\/\/opinionpublica.com.ar\/index\/wp-content\/uploads\/2024\/10\/PALCO-1024x683-ushuaia-140-590x410.jpg",590,410,true]},"author_info":{"display_name":"RKing","author_link":"https:\/\/opinionpublica.com.ar\/index\/author\/rking\/"},"category_info":"<a href=\"https:\/\/opinionpublica.com.ar\/index\/category\/ushuaia\/\" rel=\"category tag\">Ushuaia<\/a>","tag_info":"Ushuaia","comment_count":"0","_links":{"self":[{"href":"https:\/\/opinionpublica.com.ar\/index\/wp-json\/wp\/v2\/posts\/6304","targetHints":{"allow":["GET"]}}],"collection":[{"href":"https:\/\/opinionpublica.com.ar\/index\/wp-json\/wp\/v2\/posts"}],"about":[{"href":"https:\/\/opinionpublica.com.ar\/index\/wp-json\/wp\/v2\/types\/post"}],"author":[{"embeddable":true,"href":"https:\/\/opinionpublica.com.ar\/index\/wp-json\/wp\/v2\/users\/8"}],"replies":[{"embeddable":true,"href":"https:\/\/opinionpublica.com.ar\/index\/wp-json\/wp\/v2\/comments?post=6304"}],"version-history":[{"count":1,"href":"https:\/\/opinionpublica.com.ar\/index\/wp-json\/wp\/v2\/posts\/6304\/revisions"}],"predecessor-version":[{"id":6308,"href":"https:\/\/opinionpublica.com.ar\/index\/wp-json\/wp\/v2\/posts\/6304\/revisions\/6308"}],"wp:featuredmedia":[{"embeddable":true,"href":"https:\/\/opinionpublica.com.ar\/index\/wp-json\/wp\/v2\/media\/6307"}],"wp:attachment":[{"href":"https:\/\/opinionpublica.com.ar\/index\/wp-json\/wp\/v2\/media?parent=6304"}],"wp:term":[{"taxonomy":"category","embeddable":true,"href":"https:\/\/opinionpublica.com.ar\/index\/wp-json\/wp\/v2\/categories?post=6304"},{"taxonomy":"post_tag","embeddable":true,"href":"https:\/\/opinionpublica.com.ar\/index\/wp-json\/wp\/v2\/tags?post=6304"}],"curies":[{"name":"wp","href":"https:\/\/api.w.org\/{rel}","templated":true}]}}