{"id":6309,"date":"2024-10-15T09:32:45","date_gmt":"2024-10-15T12:32:45","guid":{"rendered":"https:\/\/opinionpublica.com.ar\/index\/?p=6309"},"modified":"2024-10-15T09:32:45","modified_gmt":"2024-10-15T12:32:45","slug":"acuerdo-salarial-mercantil-en-rio-grande","status":"publish","type":"post","link":"https:\/\/opinionpublica.com.ar\/index\/acuerdo-salarial-mercantil-en-rio-grande\/","title":{"rendered":"Acuerdo salarial mercantil en R\u00edo Grande"},"content":{"rendered":"<p class=\"titulo-ficha\">Acuerdo salarial mercantil en R\u00edo Grande.<\/p>\n<div class=\"copete-ficha\">\n<p>El Centro Empleados de Comercio de R\u00edo Grande y Tolhuin firm\u00f3 un acuerdo salarial con la C\u00e1mara de Comercio local para el per\u00edodo setiembre-octubre 2024. Las partes volver\u00e1n a reunirse en el mes de noviembre.<\/p>\n<\/div>\n<div class=\"box-media-ficha\">\n<div class=\"galeria-ficha\">\n<div id=\"carousel\" class=\"carousel slide\" data-ride=\"carousel\">\n<div class=\"carousel-inner\" role=\"listbox\">\n<div class=\"item active\">\n<figure><a href=\"https:\/\/opinionpublica.com.ar\/index\/wp-content\/uploads\/2024\/10\/24520-daniel-rivarola.jpg\"><img fetchpriority=\"high\" decoding=\"async\" class=\"alignnone size-full wp-image-6310\" src=\"https:\/\/opinionpublica.com.ar\/index\/wp-content\/uploads\/2024\/10\/24520-daniel-rivarola.jpg\" alt=\"\" width=\"570\" height=\"440\" srcset=\"https:\/\/opinionpublica.com.ar\/index\/wp-content\/uploads\/2024\/10\/24520-daniel-rivarola.jpg 570w, https:\/\/opinionpublica.com.ar\/index\/wp-content\/uploads\/2024\/10\/24520-daniel-rivarola-300x232.jpg 300w\" sizes=\"(max-width: 570px) 100vw, 570px\" \/><\/a><\/figure>\n<div class=\"epigrafe\">Por el Centro Empleados de Comercio de R\u00edo Grande y Tolhuin, el acuerdo lo firm\u00f3 el Secretario General, Daniel Rivarola; mientras que por la C\u00e1mara de Comercio lo rubric\u00f3 el Tesorero, Carlos Tolaba.<\/div>\n<\/div>\n<\/div>\n<\/div>\n<\/div>\n<\/div>\n<div class=\"desarrollo-nota clearfix\">\n<div class=\"extras-nota hide-print\"><\/div>\n<p>\u201cEn el d\u00eda de hoy, firmamos un nuevo acuerdo paritario con la C\u00e1mara de Comercio local, con vigencia septiembre y octubre 2024 aplicando el acuerdo nacional, m\u00e1s dos sumas no remunerativas de $10.000 para septiembre,\u00a0 y\u00a0 de $15.000 para octubre\u201d, publicaron en el Face de la entidad sindical y agregaron, \u201cla suma y el aumento de septiembre debe ser abonado como anticipo antes del 17 de octubre, inclusive, y declararlo en el recibo de octubre\u201d.<\/p>\n<p>Por el Centro Empleados de Comercio de R\u00edo Grande y Tolhuin el acuerdo lo firm\u00f3 el Secretario General, Daniel Rivarola; mientras que por la C\u00e1mara de Comercio lo rubric\u00f3 el Tesorero, Carlos Tolaba.<\/p>\n<p>Las partes acordaron volver a reunirse en el mes de noviembre del presente a\u00f1o.<\/p>\n<\/div>\n","protected":false},"excerpt":{"rendered":"<p>Acuerdo salarial mercantil en R\u00edo Grande. El Centro Empleados de Comercio de R\u00edo Grande y Tolhuin firm\u00f3 un<\/p>\n","protected":false},"author":8,"featured_media":6310,"comment_status":"open","ping_status":"open","sticky":false,"template":"","format":"standard","meta":{"footnotes":""},"categories":[25],"tags":[339,7,2476],"class_list":["post-6309","post","type-post","status-publish","format-standard","has-post-thumbnail","hentry","category-rio-grande","tag-acuerdo-salarial","tag-rio-grande","tag-trabajadores-de-comercio"],"featured_image_urls":{"full":["https:\/\/opinionpublica.com.ar\/index\/wp-content\/uploads\/2024\/10\/24520-daniel-rivarola.jpg",570,440,false],"thumbnail":["https:\/\/opinionpublica.com.ar\/index\/wp-content\/uploads\/2024\/10\/24520-daniel-rivarola-150x150.jpg",150,150,true],"medium":["https:\/\/opinionpublica.com.ar\/index\/wp-content\/uploads\/2024\/10\/24520-daniel-rivarola-300x232.jpg",300,232,true],"medium_large":["https:\/\/opinionpublica.com.ar\/index\/wp-content\/uploads\/2024\/10\/24520-daniel-rivarola.jpg",570,440,false],"large":["https:\/\/opinionpublica.com.ar\/index\/wp-content\/uploads\/2024\/10\/24520-daniel-rivarola.jpg",570,440,false],"1536x1536":["https:\/\/opinionpublica.com.ar\/index\/wp-content\/uploads\/2024\/10\/24520-daniel-rivarola.jpg",570,440,false],"2048x2048":["https:\/\/opinionpublica.com.ar\/index\/wp-content\/uploads\/2024\/10\/24520-daniel-rivarola.jpg",570,440,false],"morenews-large":["https:\/\/opinionpublica.com.ar\/index\/wp-content\/uploads\/2024\/10\/24520-daniel-rivarola.jpg",570,440,false],"morenews-medium":["https:\/\/opinionpublica.com.ar\/index\/wp-content\/uploads\/2024\/10\/24520-daniel-rivarola-570x410.jpg",570,410,true]},"author_info":{"display_name":"RKing","author_link":"https:\/\/opinionpublica.com.ar\/index\/author\/rking\/"},"category_info":"<a href=\"https:\/\/opinionpublica.com.ar\/index\/category\/rio-grande\/\" rel=\"category tag\">Rio Grande<\/a>","tag_info":"Rio Grande","comment_count":"0","_links":{"self":[{"href":"https:\/\/opinionpublica.com.ar\/index\/wp-json\/wp\/v2\/posts\/6309","targetHints":{"allow":["GET"]}}],"collection":[{"href":"https:\/\/opinionpublica.com.ar\/index\/wp-json\/wp\/v2\/posts"}],"about":[{"href":"https:\/\/opinionpublica.com.ar\/index\/wp-json\/wp\/v2\/types\/post"}],"author":[{"embeddable":true,"href":"https:\/\/opinionpublica.com.ar\/index\/wp-json\/wp\/v2\/users\/8"}],"replies":[{"embeddable":true,"href":"https:\/\/opinionpublica.com.ar\/index\/wp-json\/wp\/v2\/comments?post=6309"}],"version-history":[{"count":1,"href":"https:\/\/opinionpublica.com.ar\/index\/wp-json\/wp\/v2\/posts\/6309\/revisions"}],"predecessor-version":[{"id":6311,"href":"https:\/\/opinionpublica.com.ar\/index\/wp-json\/wp\/v2\/posts\/6309\/revisions\/6311"}],"wp:featuredmedia":[{"embeddable":true,"href":"https:\/\/opinionpublica.com.ar\/index\/wp-json\/wp\/v2\/media\/6310"}],"wp:attachment":[{"href":"https:\/\/opinionpublica.com.ar\/index\/wp-json\/wp\/v2\/media?parent=6309"}],"wp:term":[{"taxonomy":"category","embeddable":true,"href":"https:\/\/opinionpublica.com.ar\/index\/wp-json\/wp\/v2\/categories?post=6309"},{"taxonomy":"post_tag","embeddable":true,"href":"https:\/\/opinionpublica.com.ar\/index\/wp-json\/wp\/v2\/tags?post=6309"}],"curies":[{"name":"wp","href":"https:\/\/api.w.org\/{rel}","templated":true}]}}