{"id":6331,"date":"2024-10-15T11:40:39","date_gmt":"2024-10-15T14:40:39","guid":{"rendered":"https:\/\/opinionpublica.com.ar\/index\/?p=6331"},"modified":"2024-10-15T11:40:39","modified_gmt":"2024-10-15T14:40:39","slug":"en-la-provincia-la-venta-de-usados-crecio-un-219","status":"publish","type":"post","link":"https:\/\/opinionpublica.com.ar\/index\/en-la-provincia-la-venta-de-usados-crecio-un-219\/","title":{"rendered":"En la provincia la venta de usados creci\u00f3 un 21,9%"},"content":{"rendered":"<p class=\"titulo_individual_noticia\">En la provincia la venta de usados creci\u00f3 un 21,9%.<\/p>\n<div class=\"copete_individual_noticia\">Durante el mes de septiembre se registraron en la Provincia 899 transferencias de autos usados, lo que marca una importante recuperaci\u00f3n respecto de igual mes del a\u00f1o pasado.<\/div>\n<div><\/div>\n<div class=\"clear_both\"><a href=\"https:\/\/opinionpublica.com.ar\/index\/wp-content\/uploads\/2024\/07\/comprar-autos-0km.png\"><img fetchpriority=\"high\" decoding=\"async\" class=\"alignnone  wp-image-4305\" src=\"https:\/\/opinionpublica.com.ar\/index\/wp-content\/uploads\/2024\/07\/comprar-autos-0km.png\" alt=\"\" width=\"807\" height=\"444\" srcset=\"https:\/\/opinionpublica.com.ar\/index\/wp-content\/uploads\/2024\/07\/comprar-autos-0km.png 700w, https:\/\/opinionpublica.com.ar\/index\/wp-content\/uploads\/2024\/07\/comprar-autos-0km-300x165.png 300w\" sizes=\"(max-width: 807px) 100vw, 807px\" \/><\/a><\/div>\n<div class=\"contenido_individual_noticia\">\n<div class=\"contenedor_primera_letra_individual_noticia\">La C\u00e1mara del Comercio Automotor (CCA) inform\u00f3 que en septiembre se vendieron en Tierra del Fuego 899 autom\u00f3viles usados, cantidad que representa un alza del 21,9% en relaci\u00f3n con el mismo mes de 2023, cuando se registraron 737 unidades. Sin embargo, en comparaci\u00f3n con agosto de este a\u00f1o (902), las transferencias presentaron una leve ca\u00edda del 0,3%.<\/div>\n<p>En lo que respecta al acumulado entre enero y septiembre de este a\u00f1o, el volumen alcanza las 6.956 unidades, lo que implica en este caso una suba del 0,80% frente a igual per\u00edodo de 2023 (6.901 veh\u00edculos).<\/p>\n<p>En cuanto a lo sucedido en todo el pa\u00eds, la CCA inform\u00f3 que se comercializaron 162.515 veh\u00edculos usados cuando, en igual mes de 2023, se hab\u00edan vendido 143.807 unidades, lo que representa un crecimiento del 13%. Si se compara con agosto (176.435 veh\u00edculos), hubo una baja del 7,89%.<\/p>\n<p>En los nueve primeros meses del a\u00f1o se vendieron 1.262.016 unidades, una suba del 0,28% en comparaci\u00f3n con igual per\u00edodo de 2023 (1.258.507 unidades).<\/p>\n<p>Las provincias que crecieron en ventas, en el per\u00edodo enero-septiembre 2024, fueron: Mendoza: 4%; Santa Cruz: 3,53%; Neuqu\u00e9n: 3,47%; Santa Fe: 3,14% y La Pampa: 1,92%.<\/p>\n<p>Las provincias que bajaron en ventas, en el per\u00edodo enero-septiembre 2024, fueron: Formosa: 18,37%; Misiones: 12,17%; Jujuy: 10,43%; La Rioja: 10,13% y Santiago del Estero: 7,41%.<\/p>\n<p>El ranking de los 10 autos usados m\u00e1s vendidos en septiembre, fueron: VW Gol y Trend: 10.625; Toyota Hilux: 7.048; Chevrolet Corsa y Classic: 5.775; VW Amarok: 4.960; Ford Ranger: 4.913; Toyota Corolla: 4.161; Renault Clio: 4.137; Ford Fiesta: 3.710; Ford Ecosport: 3.660 y Peugeot 208: 3.613<\/p>\n<p>Alejandro Lamas, secretario de la CCA explic\u00f3: \u00abAl contabilizar septiembre vemos con agrado un crecimiento con respecto a igual mes del a\u00f1o 2023, pero tambi\u00e9n que ya se han superado las cifras del per\u00edodo enero-septiembre con igual per\u00edodo de 2023, lo que significa que empezamos un lento camino de recuperaci\u00f3n de la actividad\u00bb.<\/p>\n<\/div>\n<div class=\"contenedor_share_buttons_individual_noticia\">\n<div class=\"contenido_share_buttons_individual_noticia\">\n<div class=\"individual_share_buttons_individual_noticia transition_03 imprimir\"><\/div>\n<\/div>\n<\/div>\n<div class=\"tags_individual_noticia\">\n<div class=\"contenedor_tags_individual_noticia\"><\/div>\n<\/div>\n","protected":false},"excerpt":{"rendered":"<p>En la provincia la venta de usados creci\u00f3 un 21,9%. Durante el mes de septiembre se registraron en<\/p>\n","protected":false},"author":8,"featured_media":2428,"comment_status":"open","ping_status":"open","sticky":false,"template":"","format":"standard","meta":{"footnotes":""},"categories":[2],"tags":[2482,87,5],"class_list":["post-6331","post","type-post","status-publish","format-standard","has-post-thumbnail","hentry","category-tierra-del-fuego","tag-aumento-ventas","tag-autos-usados","tag-tierra-del-fuego"],"featured_image_urls":{"full":["https:\/\/opinionpublica.com.ar\/index\/wp-content\/uploads\/2024\/04\/entrega-auto.jpg",1000,667,false],"thumbnail":["https:\/\/opinionpublica.com.ar\/index\/wp-content\/uploads\/2024\/04\/entrega-auto-150x150.jpg",150,150,true],"medium":["https:\/\/opinionpublica.com.ar\/index\/wp-content\/uploads\/2024\/04\/entrega-auto-300x200.jpg",300,200,true],"medium_large":["https:\/\/opinionpublica.com.ar\/index\/wp-content\/uploads\/2024\/04\/entrega-auto-768x512.jpg",640,427,true],"large":["https:\/\/opinionpublica.com.ar\/index\/wp-content\/uploads\/2024\/04\/entrega-auto.jpg",640,427,false],"1536x1536":["https:\/\/opinionpublica.com.ar\/index\/wp-content\/uploads\/2024\/04\/entrega-auto.jpg",1000,667,false],"2048x2048":["https:\/\/opinionpublica.com.ar\/index\/wp-content\/uploads\/2024\/04\/entrega-auto.jpg",1000,667,false],"morenews-large":["https:\/\/opinionpublica.com.ar\/index\/wp-content\/uploads\/2024\/04\/entrega-auto-825x575.jpg",825,575,true],"morenews-medium":["https:\/\/opinionpublica.com.ar\/index\/wp-content\/uploads\/2024\/04\/entrega-auto-590x410.jpg",590,410,true]},"author_info":{"display_name":"RKing","author_link":"https:\/\/opinionpublica.com.ar\/index\/author\/rking\/"},"category_info":"<a href=\"https:\/\/opinionpublica.com.ar\/index\/category\/tierra-del-fuego\/\" rel=\"category tag\">Tierra del Fuego<\/a>","tag_info":"Tierra del Fuego","comment_count":"0","_links":{"self":[{"href":"https:\/\/opinionpublica.com.ar\/index\/wp-json\/wp\/v2\/posts\/6331","targetHints":{"allow":["GET"]}}],"collection":[{"href":"https:\/\/opinionpublica.com.ar\/index\/wp-json\/wp\/v2\/posts"}],"about":[{"href":"https:\/\/opinionpublica.com.ar\/index\/wp-json\/wp\/v2\/types\/post"}],"author":[{"embeddable":true,"href":"https:\/\/opinionpublica.com.ar\/index\/wp-json\/wp\/v2\/users\/8"}],"replies":[{"embeddable":true,"href":"https:\/\/opinionpublica.com.ar\/index\/wp-json\/wp\/v2\/comments?post=6331"}],"version-history":[{"count":2,"href":"https:\/\/opinionpublica.com.ar\/index\/wp-json\/wp\/v2\/posts\/6331\/revisions"}],"predecessor-version":[{"id":6333,"href":"https:\/\/opinionpublica.com.ar\/index\/wp-json\/wp\/v2\/posts\/6331\/revisions\/6333"}],"wp:featuredmedia":[{"embeddable":true,"href":"https:\/\/opinionpublica.com.ar\/index\/wp-json\/wp\/v2\/media\/2428"}],"wp:attachment":[{"href":"https:\/\/opinionpublica.com.ar\/index\/wp-json\/wp\/v2\/media?parent=6331"}],"wp:term":[{"taxonomy":"category","embeddable":true,"href":"https:\/\/opinionpublica.com.ar\/index\/wp-json\/wp\/v2\/categories?post=6331"},{"taxonomy":"post_tag","embeddable":true,"href":"https:\/\/opinionpublica.com.ar\/index\/wp-json\/wp\/v2\/tags?post=6331"}],"curies":[{"name":"wp","href":"https:\/\/api.w.org\/{rel}","templated":true}]}}