{"id":6481,"date":"2024-10-21T11:35:46","date_gmt":"2024-10-21T14:35:46","guid":{"rendered":"https:\/\/opinionpublica.com.ar\/index\/?p=6481"},"modified":"2024-10-21T11:35:46","modified_gmt":"2024-10-21T14:35:46","slug":"exportaciones-argentinas-crecen-un-206","status":"publish","type":"post","link":"https:\/\/opinionpublica.com.ar\/index\/exportaciones-argentinas-crecen-un-206\/","title":{"rendered":"Exportaciones argentinas crecen un 20,6%"},"content":{"rendered":"<p class=\"titulo_individual_noticia\">Exportaciones argentinas crecen un 20,6%<\/p>\n<div class=\"copete_individual_noticia\">El acumulado de los primeros nueve meses de 2024 muestra un super\u00e1vit comercial de 15.132 millones de d\u00f3lares.<\/div>\n<div><a href=\"https:\/\/opinionpublica.com.ar\/index\/wp-content\/uploads\/2024\/04\/puerto-buenos-aires.jpg\"><img fetchpriority=\"high\" decoding=\"async\" class=\"alignnone size-full wp-image-2534\" src=\"https:\/\/opinionpublica.com.ar\/index\/wp-content\/uploads\/2024\/04\/puerto-buenos-aires.jpg\" alt=\"\" width=\"1280\" height=\"720\" srcset=\"https:\/\/opinionpublica.com.ar\/index\/wp-content\/uploads\/2024\/04\/puerto-buenos-aires.jpg 1280w, https:\/\/opinionpublica.com.ar\/index\/wp-content\/uploads\/2024\/04\/puerto-buenos-aires-300x169.jpg 300w, https:\/\/opinionpublica.com.ar\/index\/wp-content\/uploads\/2024\/04\/puerto-buenos-aires-1024x576.jpg 1024w, https:\/\/opinionpublica.com.ar\/index\/wp-content\/uploads\/2024\/04\/puerto-buenos-aires-768x432.jpg 768w\" sizes=\"(max-width: 1280px) 100vw, 1280px\" \/><\/a><\/div>\n<div><\/div>\n<div class=\"contenido_individual_noticia\">\n<div class=\"contenedor_primera_letra_individual_noticia\">En septiembre de 2024, la Argentina registr\u00f3 un super\u00e1vit comercial de 981 millones de d\u00f3lares, marcando diez meses consecutivos de saldo positivo. Sin embargo, este saldo fue el m\u00e1s bajo desde enero, y la econom\u00eda mostr\u00f3 una mejora significativa en relaci\u00f3n con el d\u00e9ficit comercial de 774 millones de d\u00f3lares que se hab\u00eda registrado en el mismo mes de 2023, logrando una reversi\u00f3n de 1755 millones de d\u00f3lares en solo un a\u00f1o.<\/div>\n<p>El acumulado de los primeros nueve meses de 2024 muestra un super\u00e1vit comercial de 15.132 millones de d\u00f3lares, en marcado contraste con el d\u00e9ficit de 6944 millones de d\u00f3lares que se registr\u00f3 en el mismo per\u00edodo de 2023.<\/p>\n<p>Este resultado se ubica entre los m\u00e1s altos de las \u00faltimas tres d\u00e9cadas y evidencia la recuperaci\u00f3n de la balanza comercial, impulsada tanto por un aumento de las exportaciones como por una moderaci\u00f3n en la ca\u00edda de las importaciones. Las proyecciones apuntan a un super\u00e1vit cercano a los 19.954 millones de d\u00f3lares para el total de 2024. Sin embargo, se espera que la estacionalidad sea desfavorable en el \u00faltimo trimestre del a\u00f1o.<\/p>\n<p>&nbsp;<\/p>\n<p><strong>Aumento de exportaciones<\/strong><\/p>\n<p><strong>\u00a0<\/strong><\/p>\n<p>Las exportaciones en septiembre alcanzaron los 6934 millones de d\u00f3lares, lo que representa un incremento interanual del 20,6%. Este aumento fue impulsado por un fuerte crecimiento en las cantidades exportadas, que subieron un 25,9%, mientras que los precios experimentaron una ca\u00edda del 4,2%. Este crecimiento en cantidades permiti\u00f3 que el pa\u00eds mantuviera una senda ascendente, sumando ya nueve meses consecutivos de aumentos interanuales en las ventas externas.<\/p>\n<p>Entre los sectores m\u00e1s destacados, las Manufacturas de Origen Agropecuario (MOA) experimentaron un crecimiento notable del 47,8% en valor, alcanzando los 2672 millones de d\u00f3lares. Este incremento fue en gran parte traccionado por residuos y desperdicios de alimentos, que crecieron un 62,5% interanual.<\/p>\n<p>Adem\u00e1s, las Manufacturas de Origen Industrial (MOI) tambi\u00e9n mostraron un avance, con un aumento del 7,2% interanual, impulsadas por mayores ventas de productos qu\u00edmicos y metales preciosos.<\/p>\n<p>El sector energ\u00e9tico tambi\u00e9n aport\u00f3 al crecimiento de las exportaciones, con un aumento interanual del 33,5%, impulsado por un fuerte incremento en las cantidades exportadas de petr\u00f3leo crudo y gas de petr\u00f3leo. Sin embargo, los precios de estos productos sufrieron una ca\u00edda significativa, lo que moder\u00f3 el impacto positivo en el total exportado.<\/p>\n<p><a href=\"https:\/\/opinionpublica.com.ar\/index\/wp-content\/uploads\/2024\/04\/puerto-conteiner.jpeg\"><img decoding=\"async\" class=\"alignnone size-full wp-image-2231\" src=\"https:\/\/opinionpublica.com.ar\/index\/wp-content\/uploads\/2024\/04\/puerto-conteiner.jpeg\" alt=\"\" width=\"1280\" height=\"853\" srcset=\"https:\/\/opinionpublica.com.ar\/index\/wp-content\/uploads\/2024\/04\/puerto-conteiner.jpeg 1280w, https:\/\/opinionpublica.com.ar\/index\/wp-content\/uploads\/2024\/04\/puerto-conteiner-300x200.jpeg 300w, https:\/\/opinionpublica.com.ar\/index\/wp-content\/uploads\/2024\/04\/puerto-conteiner-1024x682.jpeg 1024w, https:\/\/opinionpublica.com.ar\/index\/wp-content\/uploads\/2024\/04\/puerto-conteiner-768x512.jpeg 768w\" sizes=\"(max-width: 1280px) 100vw, 1280px\" \/><\/a><\/p>\n<p>&nbsp;<\/p>\n<p><strong>Menor ca\u00edda en las importaciones<\/strong><\/p>\n<p><strong>\u00a0<\/strong><\/p>\n<p>En cuanto a las importaciones, se registr\u00f3 una disminuci\u00f3n del 8,8% interanual, totalizando 5954 millones de d\u00f3lares. Esta contracci\u00f3n fue menor a las ca\u00eddas observadas en meses anteriores, reflejando una incipiente reactivaci\u00f3n econ\u00f3mica y las primeras medidas de liberalizaci\u00f3n, como la baja del Impuesto Pa\u00eds, que impulsaron la demanda de bienes importados.<\/p>\n<p>No obstante, las importaciones han ca\u00eddo un 24,2% en lo que va del a\u00f1o, aunque mostrando signos de desaceleraci\u00f3n en su contracci\u00f3n.<\/p>\n<p>Los rubros que m\u00e1s contribuyeron a la ca\u00edda de las importaciones fueron los Combustibles y Lubricantes, que se desplomaron un 67,9% interanual, y las piezas y accesorios para bienes de capital, que cayeron un 13,6%. Por otro lado, las importaciones de bienes de consumo crecieron un 15% interanual, mostrando una recuperaci\u00f3n por primera vez desde noviembre de 2023.<\/p>\n<p>&nbsp;<\/p>\n<p><strong>Comercio con Brasil: d\u00e9ficit en aumento<\/strong><\/p>\n<p><strong>\u00a0<\/strong><\/p>\n<p>En el comercio bilateral con Brasil, Argentina registr\u00f3 un d\u00e9ficit de 151 millones de d\u00f3lares en septiembre, el m\u00e1s alto desde noviembre de 2023. A pesar de que las exportaciones hacia Brasil fueron las m\u00e1s altas desde octubre de 2023, alcanzando los 1312 millones de d\u00f3lares, las importaciones desde ese pa\u00eds totalizaron USD 1.463 millones, lo que gener\u00f3 un saldo negativo.<\/p>\n<p>Este resultado revierte el super\u00e1vit que se hab\u00eda registrado en agosto y refleja el complejo escenario del comercio con el principal socio comercial de Argentina en la regi\u00f3n.<\/p>\n<\/div>\n<div class=\"contenedor_share_buttons_individual_noticia\">\n<div class=\"contenido_share_buttons_individual_noticia\">\n<div class=\"individual_share_buttons_individual_noticia transition_03 imprimir\"><\/div>\n<div class=\"individual_share_buttons_individual_noticia transition_03 imprimir\"><\/div>\n<div class=\"individual_share_buttons_individual_noticia transition_03 googleplus\"><\/div>\n<div class=\"individual_share_buttons_individual_noticia transition_03 twitter\"><\/div>\n<div class=\"individual_share_buttons_individual_noticia transition_03 facebook\"><\/div>\n<\/div>\n<\/div>\n<div class=\"tags_individual_noticia\">\n<div class=\"titulo_tags_individual_noticias\">\u00a0Etiquetas<\/div>\n<div class=\"contenedor_tags_individual_noticia\"><\/div>\n<\/div>\n","protected":false},"excerpt":{"rendered":"<p>Exportaciones argentinas crecen un 20,6% El acumulado de los primeros nueve meses de 2024 muestra un super\u00e1vit comercial<\/p>\n","protected":false},"author":8,"featured_media":2953,"comment_status":"open","ping_status":"open","sticky":false,"template":"","format":"standard","meta":{"footnotes":""},"categories":[3],"tags":[505],"class_list":["post-6481","post","type-post","status-publish","format-standard","has-post-thumbnail","hentry","category-nacionales","tag-exportaciones"],"featured_image_urls":{"full":["https:\/\/opinionpublica.com.ar\/index\/wp-content\/uploads\/2024\/05\/exportacion-ushuaia.jpg",1024,576,false],"thumbnail":["https:\/\/opinionpublica.com.ar\/index\/wp-content\/uploads\/2024\/05\/exportacion-ushuaia-150x150.jpg",150,150,true],"medium":["https:\/\/opinionpublica.com.ar\/index\/wp-content\/uploads\/2024\/05\/exportacion-ushuaia-300x169.jpg",300,169,true],"medium_large":["https:\/\/opinionpublica.com.ar\/index\/wp-content\/uploads\/2024\/05\/exportacion-ushuaia-768x432.jpg",640,360,true],"large":["https:\/\/opinionpublica.com.ar\/index\/wp-content\/uploads\/2024\/05\/exportacion-ushuaia.jpg",640,360,false],"1536x1536":["https:\/\/opinionpublica.com.ar\/index\/wp-content\/uploads\/2024\/05\/exportacion-ushuaia.jpg",1024,576,false],"2048x2048":["https:\/\/opinionpublica.com.ar\/index\/wp-content\/uploads\/2024\/05\/exportacion-ushuaia.jpg",1024,576,false],"morenews-large":["https:\/\/opinionpublica.com.ar\/index\/wp-content\/uploads\/2024\/05\/exportacion-ushuaia-825x575.jpg",825,575,true],"morenews-medium":["https:\/\/opinionpublica.com.ar\/index\/wp-content\/uploads\/2024\/05\/exportacion-ushuaia-590x410.jpg",590,410,true]},"author_info":{"display_name":"RKing","author_link":"https:\/\/opinionpublica.com.ar\/index\/author\/rking\/"},"category_info":"<a href=\"https:\/\/opinionpublica.com.ar\/index\/category\/nacionales\/\" rel=\"category tag\">Nacionales<\/a>","tag_info":"Nacionales","comment_count":"0","_links":{"self":[{"href":"https:\/\/opinionpublica.com.ar\/index\/wp-json\/wp\/v2\/posts\/6481","targetHints":{"allow":["GET"]}}],"collection":[{"href":"https:\/\/opinionpublica.com.ar\/index\/wp-json\/wp\/v2\/posts"}],"about":[{"href":"https:\/\/opinionpublica.com.ar\/index\/wp-json\/wp\/v2\/types\/post"}],"author":[{"embeddable":true,"href":"https:\/\/opinionpublica.com.ar\/index\/wp-json\/wp\/v2\/users\/8"}],"replies":[{"embeddable":true,"href":"https:\/\/opinionpublica.com.ar\/index\/wp-json\/wp\/v2\/comments?post=6481"}],"version-history":[{"count":1,"href":"https:\/\/opinionpublica.com.ar\/index\/wp-json\/wp\/v2\/posts\/6481\/revisions"}],"predecessor-version":[{"id":6482,"href":"https:\/\/opinionpublica.com.ar\/index\/wp-json\/wp\/v2\/posts\/6481\/revisions\/6482"}],"wp:featuredmedia":[{"embeddable":true,"href":"https:\/\/opinionpublica.com.ar\/index\/wp-json\/wp\/v2\/media\/2953"}],"wp:attachment":[{"href":"https:\/\/opinionpublica.com.ar\/index\/wp-json\/wp\/v2\/media?parent=6481"}],"wp:term":[{"taxonomy":"category","embeddable":true,"href":"https:\/\/opinionpublica.com.ar\/index\/wp-json\/wp\/v2\/categories?post=6481"},{"taxonomy":"post_tag","embeddable":true,"href":"https:\/\/opinionpublica.com.ar\/index\/wp-json\/wp\/v2\/tags?post=6481"}],"curies":[{"name":"wp","href":"https:\/\/api.w.org\/{rel}","templated":true}]}}