{"id":6545,"date":"2024-10-23T11:05:50","date_gmt":"2024-10-23T14:05:50","guid":{"rendered":"https:\/\/opinionpublica.com.ar\/index\/?p=6545"},"modified":"2024-10-23T11:05:50","modified_gmt":"2024-10-23T14:05:50","slug":"docentes-revelan-que-tierra-del-fuego-tuvo-los-aumentos-salariales-mas-altos","status":"publish","type":"post","link":"https:\/\/opinionpublica.com.ar\/index\/docentes-revelan-que-tierra-del-fuego-tuvo-los-aumentos-salariales-mas-altos\/","title":{"rendered":"Docentes: Revelan que Tierra del Fuego tuvo los aumentos salariales m\u00e1s altos"},"content":{"rendered":"<div class=\"et_pb_row et_pb_row_0_tb_body\">\n<div class=\"et_pb_column et_pb_column_4_4 et_pb_column_0_tb_body  et_pb_css_mix_blend_mode_passthrough et-last-child\">\n<div class=\"et_pb_module et_pb_post_title et_pb_post_title_0_tb_body et_pb_bg_layout_light  et_pb_text_align_left\">\n<div class=\"et_pb_title_container\">Docentes: Revelan que Tierra del Fuego tuvo los aumentos salariales m\u00e1s altos.<\/div>\n<\/div>\n<\/div>\n<\/div>\n<div class=\"et_pb_row et_pb_row_1_tb_body slender-post-layout et_pb_gutters1 et_pb_row_1-4_3-4\">\n<div class=\"et_pb_column et_pb_column_3_4 et_pb_column_2_tb_body  et_pb_css_mix_blend_mode_passthrough et-last-child\">\n<div class=\"et_pb_module et_pb_post_content et_pb_post_content_0_tb_body\">Un informe muestra que los docentes fueguinos recibieron el mayor aumento salarial del pa\u00eds. Sin embargo, las paritarias con el SUTEF no lograron cerrar un acuerdo para el \u00faltimo trimestre.<\/div>\n<div><a href=\"https:\/\/opinionpublica.com.ar\/index\/wp-content\/uploads\/2024\/10\/sutef-tdf.webp\"><img fetchpriority=\"high\" decoding=\"async\" class=\"alignnone size-full wp-image-6547\" src=\"https:\/\/opinionpublica.com.ar\/index\/wp-content\/uploads\/2024\/10\/sutef-tdf.webp\" alt=\"\" width=\"800\" height=\"533\" srcset=\"https:\/\/opinionpublica.com.ar\/index\/wp-content\/uploads\/2024\/10\/sutef-tdf.webp 800w, https:\/\/opinionpublica.com.ar\/index\/wp-content\/uploads\/2024\/10\/sutef-tdf-300x200.webp 300w, https:\/\/opinionpublica.com.ar\/index\/wp-content\/uploads\/2024\/10\/sutef-tdf-768x512.webp 768w\" sizes=\"(max-width: 800px) 100vw, 800px\" \/><\/a><\/div>\n<div class=\"et_pb_module et_pb_post_content et_pb_post_content_0_tb_body\">\n<p>Un estudio reciente realizado por el Consejo Federal de Responsabilidad Fiscal destac\u00f3 que los docentes de Tierra del Fuego obtuvieron el mayor aumento salarial en comparaci\u00f3n con el resto del pa\u00eds.<\/p>\n<p>El informe pone de manifiesto que el incremento otorgado por el gobierno provincial fueguino se encuentra muy por encima de los acordados en otras jurisdicciones.<\/p>\n<p>En este sentido, la provincia supera ampliamente a distritos como la provincia de Buenos Aires, que otorg\u00f3 un 94% de aumento, y la Ciudad Aut\u00f3noma de Buenos Aires (CABA), que acord\u00f3 poco m\u00e1s del 81% en el mismo per\u00edodo. La provincia de Santa Cruz ocupa el segundo lugar en este ranking, lo que refleja la tendencia favorable para los docentes en la regi\u00f3n patag\u00f3nica.<\/p>\n<p>El panorama salarial de los trabajadores de la educaci\u00f3n en Tierra del Fuego los posiciona como los segundos mejor pagos del pa\u00eds, solo superados por los docentes de la provincia de R\u00edo Negro. En esa jurisdicci\u00f3n, un maestro de grado con jornada simple y sin antig\u00fcedad percibe un salario de poco m\u00e1s de 931 mil pesos, mientras que en Tierra del Fuego ese mismo cargo alcanza los 850 mil pesos. Esta diferencia, aunque notable, coloca a los docentes fueguinos en una posici\u00f3n destacada a nivel nacional, sobre todo si se compara con otras provincias, como Entre R\u00edos, San Juan o Santiago del Estero, donde los haberes para la misma funci\u00f3n est\u00e1n por debajo de los 500 mil pesos.<\/p>\n<p>Sin embargo, a pesar de este incremento salarial significativo, las negociaciones entre el gobierno provincial de Tierra del Fuego y el\u00a0Sindicato Unificado de Trabajadoras y Trabajadores de la Educaci\u00f3n Fueguina\u00a0(SUTEF) no fueron exitosas en este \u00faltimo tramo del a\u00f1o.<\/p>\n<p>De hecho, en las paritarias llevadas adelante para definir los aumentos correspondientes al \u00faltimo trimestre, las partes no lograron llegar a un acuerdo. La negativa del gremio a aceptar la propuesta presentada por el Ejecutivo provincial refleja la persistencia de discordia en torno a las condiciones laborales y salariales de los docentes, en un contexto econ\u00f3mico que sigue siendo complejo para todos los trabajadores, tanto del sector p\u00fablico como del privado.<\/p>\n<p>Pese a este escenario, desde el gobierno fueguino insiste en que el principal objetivo de las pol\u00edticas salariales fue evitar que los sueldos pierdan poder adquisitivo, algo que, seg\u00fan sostienen, se logr\u00f3 con las medidas tomadas hasta el momento.<\/p>\n<p><a href=\"https:\/\/opinionpublica.com.ar\/index\/wp-content\/uploads\/2024\/10\/20240906173150_sutef.jpg\"><img decoding=\"async\" class=\"alignnone size-full wp-image-6546\" src=\"https:\/\/opinionpublica.com.ar\/index\/wp-content\/uploads\/2024\/10\/20240906173150_sutef.jpg\" alt=\"\" width=\"880\" height=\"512\" srcset=\"https:\/\/opinionpublica.com.ar\/index\/wp-content\/uploads\/2024\/10\/20240906173150_sutef.jpg 880w, https:\/\/opinionpublica.com.ar\/index\/wp-content\/uploads\/2024\/10\/20240906173150_sutef-300x175.jpg 300w, https:\/\/opinionpublica.com.ar\/index\/wp-content\/uploads\/2024\/10\/20240906173150_sutef-768x447.jpg 768w\" sizes=\"(max-width: 880px) 100vw, 880px\" \/><\/a><\/p>\n<p>A su vez, destacaron la importancia de mantener abiertos los canales de di\u00e1logo con los gremios, con el prop\u00f3sito de encontrar soluciones a los desaf\u00edos que enfrentan los trabajadores de la educaci\u00f3n.\u00a0<strong><em>\u00abSer serios y responsables para garantizar el pago en tiempo y forma\u00bb<\/em><\/strong>\u00a0resumi\u00f3 una fuente oficial, m\u00e1s teniendo en cuenta que en diciembre se deber\u00e1 afrontar el pago del aguinaldo, un desaf\u00edo financiero que pone a prueba la capacidad de gesti\u00f3n del gobierno fueguino.<\/p>\n<p>El debate salarial en Tierra del Fuego se inserta en un contexto nacional de alta inflaci\u00f3n y volatilidad econ\u00f3mica, donde cada ajuste en las remuneraciones adquiere una relevancia particular. Para los docentes, el salario es no solo un reconocimiento a su labor, sino tambi\u00e9n una herramienta clave para hacer frente al aumento del costo de vida. En este sentido, el conflicto en torno a las paritarias del \u00faltimo trimestre del a\u00f1o refleja las tensiones latentes entre la necesidad de mejorar los ingresos de los trabajadores y las limitaciones presupuestarias que enfrentan las autoridades.<\/p>\n<p>&nbsp;<\/p>\n<\/div>\n<\/div>\n<\/div>\n","protected":false},"excerpt":{"rendered":"<p>Docentes: Revelan que Tierra del Fuego tuvo los aumentos salariales m\u00e1s altos. Un informe muestra que los docentes<\/p>\n","protected":false},"author":8,"featured_media":4769,"comment_status":"open","ping_status":"open","sticky":false,"template":"","format":"standard","meta":{"footnotes":""},"categories":[2],"tags":[2552,85,805],"class_list":["post-6545","post","type-post","status-publish","format-standard","has-post-thumbnail","hentry","category-tierra-del-fuego","tag-aumento-salarial","tag-docentes","tag-sutef"],"featured_image_urls":{"full":["https:\/\/opinionpublica.com.ar\/index\/wp-content\/uploads\/2024\/08\/20240608195153_20240520121728-sutef.jpg",880,512,false],"thumbnail":["https:\/\/opinionpublica.com.ar\/index\/wp-content\/uploads\/2024\/08\/20240608195153_20240520121728-sutef-150x150.jpg",150,150,true],"medium":["https:\/\/opinionpublica.com.ar\/index\/wp-content\/uploads\/2024\/08\/20240608195153_20240520121728-sutef-300x175.jpg",300,175,true],"medium_large":["https:\/\/opinionpublica.com.ar\/index\/wp-content\/uploads\/2024\/08\/20240608195153_20240520121728-sutef-768x447.jpg",640,373,true],"large":["https:\/\/opinionpublica.com.ar\/index\/wp-content\/uploads\/2024\/08\/20240608195153_20240520121728-sutef.jpg",640,372,false],"1536x1536":["https:\/\/opinionpublica.com.ar\/index\/wp-content\/uploads\/2024\/08\/20240608195153_20240520121728-sutef.jpg",880,512,false],"2048x2048":["https:\/\/opinionpublica.com.ar\/index\/wp-content\/uploads\/2024\/08\/20240608195153_20240520121728-sutef.jpg",880,512,false],"morenews-large":["https:\/\/opinionpublica.com.ar\/index\/wp-content\/uploads\/2024\/08\/20240608195153_20240520121728-sutef-825x512.jpg",825,512,true],"morenews-medium":["https:\/\/opinionpublica.com.ar\/index\/wp-content\/uploads\/2024\/08\/20240608195153_20240520121728-sutef-590x410.jpg",590,410,true]},"author_info":{"display_name":"RKing","author_link":"https:\/\/opinionpublica.com.ar\/index\/author\/rking\/"},"category_info":"<a href=\"https:\/\/opinionpublica.com.ar\/index\/category\/tierra-del-fuego\/\" rel=\"category tag\">Tierra del Fuego<\/a>","tag_info":"Tierra del Fuego","comment_count":"0","_links":{"self":[{"href":"https:\/\/opinionpublica.com.ar\/index\/wp-json\/wp\/v2\/posts\/6545","targetHints":{"allow":["GET"]}}],"collection":[{"href":"https:\/\/opinionpublica.com.ar\/index\/wp-json\/wp\/v2\/posts"}],"about":[{"href":"https:\/\/opinionpublica.com.ar\/index\/wp-json\/wp\/v2\/types\/post"}],"author":[{"embeddable":true,"href":"https:\/\/opinionpublica.com.ar\/index\/wp-json\/wp\/v2\/users\/8"}],"replies":[{"embeddable":true,"href":"https:\/\/opinionpublica.com.ar\/index\/wp-json\/wp\/v2\/comments?post=6545"}],"version-history":[{"count":1,"href":"https:\/\/opinionpublica.com.ar\/index\/wp-json\/wp\/v2\/posts\/6545\/revisions"}],"predecessor-version":[{"id":6548,"href":"https:\/\/opinionpublica.com.ar\/index\/wp-json\/wp\/v2\/posts\/6545\/revisions\/6548"}],"wp:featuredmedia":[{"embeddable":true,"href":"https:\/\/opinionpublica.com.ar\/index\/wp-json\/wp\/v2\/media\/4769"}],"wp:attachment":[{"href":"https:\/\/opinionpublica.com.ar\/index\/wp-json\/wp\/v2\/media?parent=6545"}],"wp:term":[{"taxonomy":"category","embeddable":true,"href":"https:\/\/opinionpublica.com.ar\/index\/wp-json\/wp\/v2\/categories?post=6545"},{"taxonomy":"post_tag","embeddable":true,"href":"https:\/\/opinionpublica.com.ar\/index\/wp-json\/wp\/v2\/tags?post=6545"}],"curies":[{"name":"wp","href":"https:\/\/api.w.org\/{rel}","templated":true}]}}