{"id":6673,"date":"2024-10-29T09:42:32","date_gmt":"2024-10-29T12:42:32","guid":{"rendered":"https:\/\/opinionpublica.com.ar\/index\/?p=6673"},"modified":"2024-10-29T09:42:32","modified_gmt":"2024-10-29T12:42:32","slug":"arde-la-interna-del-pj-cfk-y-quintela-involucran-a-milei-en-el-medio-y-esperan-una-senal-de-la-justicia","status":"publish","type":"post","link":"https:\/\/opinionpublica.com.ar\/index\/arde-la-interna-del-pj-cfk-y-quintela-involucran-a-milei-en-el-medio-y-esperan-una-senal-de-la-justicia\/","title":{"rendered":"Arde la interna del PJ: CFK y Quintela involucran a Milei en el medio y esperan una se\u00f1al de la Justicia"},"content":{"rendered":"<header class=\"article-header-wrapper\">\n<div class=\"article-header\">\n<p id=\"arde-la-interna-del-pj:-cfk-y-quintela-involucran-a-milei-en-el-medio-y-esperan-una-senal-de-la-justicia\" class=\"article-headline left\">Arde la interna del PJ: CFK y Quintela involucran a Milei en el medio y esperan una se\u00f1al de la Justicia.<\/p>\n<p class=\"article-subheadline left\">La ex presidenta aguarda un fallo ejemplar de la jueza Mar\u00eda Servini y acusa al riojano de tener un acuerdo con el actual mandatario. El Gobernador anticip\u00f3 que est\u00e1 dispuesto a ir a la Corte Suprema.<\/p>\n<\/div>\n<\/header>\n<article class=\"article\">\n<div class=\"sharebar-container\">\n<div class=\"sharebar-buttons-container\">\n<div class=\"sharebar-buttons-separator\"><a href=\"https:\/\/opinionpublica.com.ar\/index\/wp-content\/uploads\/2024\/10\/883604-cristina-jpg.jpeg\"><img fetchpriority=\"high\" decoding=\"async\" class=\"alignnone size-full wp-image-6674\" src=\"https:\/\/opinionpublica.com.ar\/index\/wp-content\/uploads\/2024\/10\/883604-cristina-jpg.jpeg\" alt=\"\" width=\"960\" height=\"640\" srcset=\"https:\/\/opinionpublica.com.ar\/index\/wp-content\/uploads\/2024\/10\/883604-cristina-jpg.jpeg 960w, https:\/\/opinionpublica.com.ar\/index\/wp-content\/uploads\/2024\/10\/883604-cristina-jpg-300x200.jpeg 300w, https:\/\/opinionpublica.com.ar\/index\/wp-content\/uploads\/2024\/10\/883604-cristina-jpg-768x512.jpeg 768w\" sizes=\"(max-width: 960px) 100vw, 960px\" \/><\/a><\/div>\n<p><button class=\"sharemenu-buttons\" aria-label=\"Compartir en Telegram\"><\/button><button class=\"sharemenu-buttons\" aria-label=\"Compartir en Linkedin\"><\/button><button class=\"sharemenu-buttons\" aria-label=\"Compartir en Twitter\"><\/button><button class=\"sharemenu-buttons\" aria-label=\"Compartir en Whatsapp\"><\/button><button class=\"sharemenu-buttons\" aria-label=\"Compartir en Facebook\"><\/button><\/div>\n<\/div>\n<div class=\"body-article \">\n<div class=\" visual__image\">Cristina Kirchner y Ricardo Quintela juegan a fondo en la interna del Partido Justicialista<\/div>\n<p class=\"paragraph\" data-mrf-recirculation=\"Links inline\">Todav\u00eda queda un paso m\u00e1s y\u00a0<b>Ricardo Quintela<\/b>\u00a0est\u00e1 dispuesto a darlo. El riojano que se plant\u00f3 ante\u00a0<b>Cristina Kirchner<\/b>\u00a0quiere competir en las elecciones del PJ y est\u00e1 desbloqueando niveles de complejidad en la disputa electoral. Ayer present\u00f3 un\u00a0recurso de apelaci\u00f3n\u00a0ante la Junta Electoral del partido, que fue elevado a la jueza federal, con competencia electoral, Mar\u00eda Servini.\u00a0<b>Si ella rechaza su reclamo, entonces tiene decidido apelar ante la Corte Suprema.<\/b><\/p>\n<div class=\"news-module\" data-mrf-recirculation=\"IL_2_GB_9O-QPaEgG0T7rEvhQ\" data-testid=\"text-html\" data-mrf-experience=\"IL_2_GB_9O-QPaEgG0T7rEvhQ\">\n<div class=\"recommended-card__info\"><\/div>\n<\/div>\n<p class=\"paragraph\" data-mrf-recirculation=\"Links inline\"><b>Quintela quiere competir<\/b>. Y sino, como opci\u00f3n alternativa, quiere que\u00a0<b>el proceso electoral no culmine hasta que el proceso judicial no llegue a su fin.<\/b>\u00a0En otras palabras, no quiere que la ex vicepresidenta asuma la conducci\u00f3n del partido si su reclamo sigue flotando en la justicia federal. Eso fue lo que le plante\u00f3, a trav\u00e9s de un escrito de sus apoderados, a la hist\u00f3rica jueza federal.<\/p>\n<div class=\"inline ad-wrapper\">\n<div class=\"dfpAd ad-inline\">\n<div id=\"infobae\/politica\/nota\/inline\" class=\"infobae\/politica\/nota\/inline arcad\" data-google-query-id=\"CJu0yYzMs4kDFRdRuAQdHSgpHw\">\n<div id=\"google_ads_iframe_\/1058609\/infobae\/politica\/nota\/inline_0__container__\"><\/div>\n<\/div>\n<\/div>\n<\/div>\n<p class=\"paragraph\" data-mrf-recirculation=\"Links inline\">El riojano denunci\u00f3 parcialidad absoluta de la junta electoral del PJ Nacional.\u00a0Asegur\u00f3 que no organiz\u00f3 la elecci\u00f3n por el solo hecho de que no hab\u00eda intenci\u00f3n de hacerla y que el objetivo final era entronizar a CFK en la presidencia del partido. Los acus\u00f3 de comandar un proceso electoral poco transparente y viciado de irregularidades.<\/p>\n<p class=\"paragraph\" data-mrf-recirculation=\"Links inline\"><b>\u201cLa mayor\u00eda de los dirigentes que la integran responden al kirchnerismo\u201d<\/b>, aseguraron cerca del gobernador de La Rioja, donde afirman que siempre quisieron competir pero la junta electoral complot\u00f3 contra su voluntad. El reclamo es porque consideran que les robaron avales y les manipularon parte de la documentaci\u00f3n presentada en el partido dos semanas atr\u00e1s. Dicen tener pruebas para demostrarlo en la justicia.<\/p>\n<p data-mrf-recirculation=\"Links inline\"><a href=\"https:\/\/opinionpublica.com.ar\/index\/wp-content\/uploads\/2024\/10\/2BreyGJXi_1300x655__1-cristina-kirchner.webp\"><img decoding=\"async\" class=\"alignnone size-full wp-image-6226\" src=\"https:\/\/opinionpublica.com.ar\/index\/wp-content\/uploads\/2024\/10\/2BreyGJXi_1300x655__1-cristina-kirchner.webp\" alt=\"\" width=\"1300\" height=\"655\" srcset=\"https:\/\/opinionpublica.com.ar\/index\/wp-content\/uploads\/2024\/10\/2BreyGJXi_1300x655__1-cristina-kirchner.webp 1300w, https:\/\/opinionpublica.com.ar\/index\/wp-content\/uploads\/2024\/10\/2BreyGJXi_1300x655__1-cristina-kirchner-300x151.webp 300w, https:\/\/opinionpublica.com.ar\/index\/wp-content\/uploads\/2024\/10\/2BreyGJXi_1300x655__1-cristina-kirchner-1024x516.webp 1024w, https:\/\/opinionpublica.com.ar\/index\/wp-content\/uploads\/2024\/10\/2BreyGJXi_1300x655__1-cristina-kirchner-768x387.webp 768w\" sizes=\"(max-width: 1300px) 100vw, 1300px\" \/><\/a><\/p>\n<div class=\" visual__image\">La ex presidenta quiere competir a fondo pero le endilga a Quintela no tener los avales suficientes para ir a un mano a mano en las urnas<\/div>\n<div class=\"inline_2_DSK ad-wrapper ad-desktop\">\n<div class=\"dfpAd ad-inline\">\n<div id=\"infobae\/politica\/nota\/inline_2_DSK\" class=\"infobae\/politica\/nota\/inline_2_DSK arcad\" data-google-query-id=\"CLe28IzMs4kDFe9NuAQdg4golg\">\n<div id=\"google_ads_iframe_\/1058609\/infobae\/politica\/nota\/inline_2_DSK_0__container__\"><\/div>\n<\/div>\n<\/div>\n<\/div>\n<p class=\"paragraph\" data-mrf-recirculation=\"Links inline\">La defensa del kirchnerismo se asienta sobre la diversidad de nombres. De los quince integrantes de la junta electoral, seis no est\u00e1n alineados a CFK. No hay unanimidad. Algunos nombres para sostener esa postura son los del ministro de Obras P\u00fablicas bonaerense,\u00a0<b>Gabriel Katopodis<\/b>, que actualmente est\u00e1 en el armado de Axel Kicillof, el principal enemigo de camporismo; y el de la ex senadora de San Luis,\u00a0<b>Mar\u00eda Eugenia Catanfalmo<\/b>, alineada al ex gobernador puntano Alberto Rodr\u00edguez Sa\u00e1, que es el actual candidato a vicepresidenta de Quintela.<\/p>\n<div class=\"news-module\" data-mrf-recirculation=\"IL_JkB3GTBFTj2urpbOlzOORQ\" data-testid=\"text-html\" data-mrf-experience=\"IL_JkB3GTBFTj2urpbOlzOORQ\">\n<div class=\"recommended-card__info\">\n<div class=\"recommended-card__info-button recommended-card__info-button--deportes\"><\/div>\n<\/div>\n<\/div>\n<p class=\"paragraph\" data-mrf-recirculation=\"Links inline\">En esa lista tambi\u00e9n est\u00e1 la diputada riojana\u00a0<b>Hilda<\/b>\u00a0<b>\u201cBeba\u201d Aguirre de Soria,<\/b>\u00a0que responde directamente a Quintela y la ex legisladora santafesina<b>\u00a0Silvina Frana<\/b>, que forma parte del armado pol\u00edtico del \u00faltimo candidato a gobernador de Santa Fe Marcelo Lewandowski, que camina por la vereda de enfrente al kirchnerismo.<\/p>\n<p class=\"paragraph\" data-mrf-recirculation=\"Links inline\">Otros nombres a resaltar son el de\u00a0<b>Ariel Monz\u00f3n<\/b>, sindicalista de Aguas Sanitarias, que responde a su titular Jos\u00e9 Luis Lingeri, uno de los hist\u00f3ricos de la CGT, que forma parte del grupo de los que est\u00e1n lejos del kirchnerismo y el de la legisladora provincial\u00a0<b>Viviana Guzzo<\/b>, de estrecha relaci\u00f3n con la jefa de Asesores del gobierno bonaerense, Cristina \u00c1lvarez Rodr\u00edguez. Los nueve restantes tienen vinculaciones con el armado de Cristina Kirchner. Con ella directo, con M\u00e1ximo Kirchner o con integrantes de su lista.<\/p>\n<p class=\"paragraph\" data-mrf-recirculation=\"Links inline\">En el Instituto Patria jugaron r\u00e1pido su ficha en el tablero del lunes y acusaron al riojano de estar atado al gobierno de Javier Milei por la situaci\u00f3n econ\u00f3mica de su provincia.\u00a0<b>\u201cLa Rosada es el sponsor de Quintela\u201d<\/b>, aseguraron despu\u00e9s de conocer que Jorge Yoma, uno de los apoderados de Quintela, se hab\u00eda reunido con el jefe de Gabinete, Guillermo Francos. Vincularon la elecci\u00f3n partidaria, los reclamos del riojano y el recibimiento en Casa Rosada.<\/p>\n<p data-mrf-recirculation=\"Links inline\"><a href=\"https:\/\/opinionpublica.com.ar\/index\/wp-content\/uploads\/2024\/10\/RQ_WIkipedia-quintela-ricardo.jpg\"><img decoding=\"async\" class=\"alignnone size-full wp-image-6199\" src=\"https:\/\/opinionpublica.com.ar\/index\/wp-content\/uploads\/2024\/10\/RQ_WIkipedia-quintela-ricardo.jpg\" alt=\"\" width=\"1280\" height=\"853\" srcset=\"https:\/\/opinionpublica.com.ar\/index\/wp-content\/uploads\/2024\/10\/RQ_WIkipedia-quintela-ricardo.jpg 1280w, https:\/\/opinionpublica.com.ar\/index\/wp-content\/uploads\/2024\/10\/RQ_WIkipedia-quintela-ricardo-300x200.jpg 300w, https:\/\/opinionpublica.com.ar\/index\/wp-content\/uploads\/2024\/10\/RQ_WIkipedia-quintela-ricardo-1024x682.jpg 1024w, https:\/\/opinionpublica.com.ar\/index\/wp-content\/uploads\/2024\/10\/RQ_WIkipedia-quintela-ricardo-768x512.jpg 768w\" sizes=\"(max-width: 1280px) 100vw, 1280px\" \/><\/a><\/p>\n<div class=\" visual__image\">Ricardo Quintela durante una de los encuentros que encabez\u00f3 en su gira de campa\u00f1a<\/div>\n<p class=\"paragraph\" data-mrf-recirculation=\"Links inline\"><b>\u201cMe parece grave que el apoderado de Quintela haya ido a la Rosada \u00bfQu\u00e9 es lo que busca? \u00bfQuieren que el Milei termine conduciendo el PJ?\u201d<\/b>\u00a0se pregunt\u00f3 la diputada y la titular del gremio de judiciales Vanesa Siley, en una entrevista brindada al canal\u00a0<i>Eva TV<\/i>. Cercana a la c\u00fapula de La C\u00e1mpora, asegur\u00f3: \u201cEn estas circunstancias pol\u00edticas no debe ser un gobernador el que conduce al PJ\u201d. Un mensaje que va en sinton\u00eda con lo que el formose\u00f1o Gildo Insfr\u00e1n le plante\u00f3 a CFK el d\u00eda que le dio su apoyo para que sea candidata en el PJ.<\/p>\n<p class=\"paragraph\" data-mrf-recirculation=\"Links inline\">Yoma dijo luego del encuentro que el cara a cara con el ministro hab\u00eda sido para hablar sobre la demanda interpuesta ante la Corte Suprema por una deuda de U$D 320 millones de la naci\u00f3n a la provincia. M\u00e1s all\u00e1 de las explicaciones de rigor,\u00a0<b>el gesto pol\u00edtico fue confuso<\/b>\u00a0y dej\u00f3 lugar para las suspicacias, debido a que se dio el mismo d\u00eda que el riojano decidi\u00f3 recurrir a la justicia federal para que resuelva el conflicto electoral del PJ.<\/p>\n<p class=\"paragraph\" data-mrf-recirculation=\"Links inline\">La interna del partido est\u00e1 al rojo vivo, en detrimento de la interna bonaerense, que sus propios protagonistas han decidido calmar. Al menos, por un rato. Aunque siguen existiendo mensajes filosos como los que enviaron M\u00e1ximo Kirchner y Andr\u00e9s \u201cCuervo\u201d Larroque en los \u00faltimos d\u00edas. Pero no hay un ida y vuelta sistem\u00e1tico y picante como el que protagonizan Cristina Kirchner y Ricardo Quintela, en una interna del PJ que le abri\u00f3 la puerta a un nuevo conflicto dentro del peronismo. Uno m\u00e1s.<\/p>\n<p data-mrf-recirculation=\"Links inline\">\n<\/div>\n<\/article>\n","protected":false},"excerpt":{"rendered":"<p>Arde la interna del PJ: CFK y Quintela involucran a Milei en el medio y esperan una se\u00f1al<\/p>\n","protected":false},"author":8,"featured_media":6674,"comment_status":"open","ping_status":"open","sticky":false,"template":"","format":"standard","meta":{"footnotes":""},"categories":[27],"tags":[758,1768,145,400,2450],"class_list":["post-6673","post","type-post","status-publish","format-standard","has-post-thumbnail","hentry","category-politica","tag-cristina-kirchner","tag-kirchnerismo","tag-peronismo","tag-pj","tag-ricardo-quintela"],"featured_image_urls":{"full":["https:\/\/opinionpublica.com.ar\/index\/wp-content\/uploads\/2024\/10\/883604-cristina-jpg.jpeg",960,640,false],"thumbnail":["https:\/\/opinionpublica.com.ar\/index\/wp-content\/uploads\/2024\/10\/883604-cristina-jpg-150x150.jpeg",150,150,true],"medium":["https:\/\/opinionpublica.com.ar\/index\/wp-content\/uploads\/2024\/10\/883604-cristina-jpg-300x200.jpeg",300,200,true],"medium_large":["https:\/\/opinionpublica.com.ar\/index\/wp-content\/uploads\/2024\/10\/883604-cristina-jpg-768x512.jpeg",640,427,true],"large":["https:\/\/opinionpublica.com.ar\/index\/wp-content\/uploads\/2024\/10\/883604-cristina-jpg.jpeg",640,427,false],"1536x1536":["https:\/\/opinionpublica.com.ar\/index\/wp-content\/uploads\/2024\/10\/883604-cristina-jpg.jpeg",960,640,false],"2048x2048":["https:\/\/opinionpublica.com.ar\/index\/wp-content\/uploads\/2024\/10\/883604-cristina-jpg.jpeg",960,640,false],"morenews-large":["https:\/\/opinionpublica.com.ar\/index\/wp-content\/uploads\/2024\/10\/883604-cristina-jpg-825x575.jpeg",825,575,true],"morenews-medium":["https:\/\/opinionpublica.com.ar\/index\/wp-content\/uploads\/2024\/10\/883604-cristina-jpg-590x410.jpeg",590,410,true]},"author_info":{"display_name":"RKing","author_link":"https:\/\/opinionpublica.com.ar\/index\/author\/rking\/"},"category_info":"<a href=\"https:\/\/opinionpublica.com.ar\/index\/category\/politica\/\" rel=\"category tag\">Politica<\/a>","tag_info":"Politica","comment_count":"0","_links":{"self":[{"href":"https:\/\/opinionpublica.com.ar\/index\/wp-json\/wp\/v2\/posts\/6673","targetHints":{"allow":["GET"]}}],"collection":[{"href":"https:\/\/opinionpublica.com.ar\/index\/wp-json\/wp\/v2\/posts"}],"about":[{"href":"https:\/\/opinionpublica.com.ar\/index\/wp-json\/wp\/v2\/types\/post"}],"author":[{"embeddable":true,"href":"https:\/\/opinionpublica.com.ar\/index\/wp-json\/wp\/v2\/users\/8"}],"replies":[{"embeddable":true,"href":"https:\/\/opinionpublica.com.ar\/index\/wp-json\/wp\/v2\/comments?post=6673"}],"version-history":[{"count":1,"href":"https:\/\/opinionpublica.com.ar\/index\/wp-json\/wp\/v2\/posts\/6673\/revisions"}],"predecessor-version":[{"id":6675,"href":"https:\/\/opinionpublica.com.ar\/index\/wp-json\/wp\/v2\/posts\/6673\/revisions\/6675"}],"wp:featuredmedia":[{"embeddable":true,"href":"https:\/\/opinionpublica.com.ar\/index\/wp-json\/wp\/v2\/media\/6674"}],"wp:attachment":[{"href":"https:\/\/opinionpublica.com.ar\/index\/wp-json\/wp\/v2\/media?parent=6673"}],"wp:term":[{"taxonomy":"category","embeddable":true,"href":"https:\/\/opinionpublica.com.ar\/index\/wp-json\/wp\/v2\/categories?post=6673"},{"taxonomy":"post_tag","embeddable":true,"href":"https:\/\/opinionpublica.com.ar\/index\/wp-json\/wp\/v2\/tags?post=6673"}],"curies":[{"name":"wp","href":"https:\/\/api.w.org\/{rel}","templated":true}]}}