{"id":6798,"date":"2024-11-01T10:41:43","date_gmt":"2024-11-01T13:41:43","guid":{"rendered":"https:\/\/opinionpublica.com.ar\/index\/?p=6798"},"modified":"2024-11-01T10:41:43","modified_gmt":"2024-11-01T13:41:43","slug":"fuerte-critica-del-sector-turistico-pero-con-disposicion-al-dialogo","status":"publish","type":"post","link":"https:\/\/opinionpublica.com.ar\/index\/fuerte-critica-del-sector-turistico-pero-con-disposicion-al-dialogo\/","title":{"rendered":"Fuerte cr\u00edtica del sector tur\u00edstico, pero con disposici\u00f3n al di\u00e1logo"},"content":{"rendered":"<div class=\"et_pb_row et_pb_row_0_tb_body\">\n<div class=\"et_pb_column et_pb_column_4_4 et_pb_column_0_tb_body  et_pb_css_mix_blend_mode_passthrough et-last-child\">\n<div class=\"et_pb_module et_pb_post_title et_pb_post_title_0_tb_body et_pb_bg_layout_light  et_pb_text_align_left\">\n<div class=\"et_pb_title_container\">\n<p class=\"entry-title\">Fuerte cr\u00edtica del sector tur\u00edstico, pero con disposici\u00f3n al di\u00e1logo.<\/p>\n<\/div>\n<\/div>\n<\/div>\n<\/div>\n<div class=\"et_pb_row et_pb_row_1_tb_body slender-post-layout et_pb_gutters1 et_pb_row_1-4_3-4\">\n<div class=\"et_pb_column et_pb_column_3_4 et_pb_column_2_tb_body  et_pb_css_mix_blend_mode_passthrough et-last-child\">\n<div class=\"et_pb_module et_pb_post_content et_pb_post_content_0_tb_body\">\n<p class=\"has-medium-font-size\">La creaci\u00f3n del Ente Ushuaia Turismo (ENUTUR) obtuvo parcial sanci\u00f3n en el Concejo Deliberante, generando reacciones mixtas en el \u00e1mbito tur\u00edstico local, que cuestion\u00f3 el proceso, aunque mantiene una apertura al debate sobre el proyecto.<\/p>\n<p><a href=\"https:\/\/opinionpublica.com.ar\/index\/wp-content\/uploads\/2024\/06\/ushuaia-turismo-1.webp\"><img fetchpriority=\"high\" decoding=\"async\" class=\"alignnone size-full wp-image-4218\" src=\"https:\/\/opinionpublica.com.ar\/index\/wp-content\/uploads\/2024\/06\/ushuaia-turismo-1.webp\" alt=\"\" width=\"1200\" height=\"675\" srcset=\"https:\/\/opinionpublica.com.ar\/index\/wp-content\/uploads\/2024\/06\/ushuaia-turismo-1.webp 1200w, https:\/\/opinionpublica.com.ar\/index\/wp-content\/uploads\/2024\/06\/ushuaia-turismo-1-300x169.webp 300w, https:\/\/opinionpublica.com.ar\/index\/wp-content\/uploads\/2024\/06\/ushuaia-turismo-1-1024x576.webp 1024w, https:\/\/opinionpublica.com.ar\/index\/wp-content\/uploads\/2024\/06\/ushuaia-turismo-1-768x432.webp 768w\" sizes=\"(max-width: 1200px) 100vw, 1200px\" \/><\/a><\/p>\n<p>El avance de la propuesta para establecer el ENUTUR fue recibido con escepticismo y descontento por parte de las principales organizaciones tur\u00edsticas de Ushuaia, quienes se\u00f1alaron que no se respetaron sus expectativas en el tratamiento legislativo. Patricio Cornejo, vocero del sector, expres\u00f3 que los empresarios del turismo se sienten defraudados por el modo en que se avanz\u00f3, y subray\u00f3 que, si bien la iniciativa contiene aspectos positivos, la C\u00e1mara a\u00fan considera fundamental alcanzar acuerdos m\u00e1s s\u00f3lidos para asegurar que el nuevo ente funcione efectivamente en beneficio del turismo local.<\/p>\n<p>Cornejo, representante de la C\u00e1mara de Turismo, hizo p\u00fablica en\u00a0FM Master\u2019s\u00a0su decepci\u00f3n ante\u00a0dichos de Viviana Manfredotti, secretaria Municipal de Turismo, y destac\u00f3 que el proceso, desde la presentaci\u00f3n inicial del proyecto hasta su reciente aprobaci\u00f3n parcial, dej\u00f3 al sector privado en un rol perif\u00e9rico en la toma de decisiones.\u00a0<strong><em>\u00abLa sensaci\u00f3n es la misma que tuvimos cuando present\u00f3 el proyecto y despu\u00e9s se reuni\u00f3 con nosotros en la mesa del Bur\u00f3 para contarnos de qu\u00e9 se trataba. Lo cort\u00e9s no quita lo valiente, por usar una frase trillada. Varios colegas m\u00edos incluso se lo dijeron en confianza, pero la sensaci\u00f3n fue de traici\u00f3n\u00bb<\/em><\/strong>, se\u00f1al\u00f3.<\/p>\n<p>Desde su perspectiva, el sector privado ha mostrado disposici\u00f3n para colaborar y trabajar junto al Municipio, pero subray\u00f3 que la gesti\u00f3n de esta iniciativa no fue inclusiva.<\/p>\n<p>Uno de los principales puntos de conflicto para el sector es la posible disoluci\u00f3n del Ushuaia Bur\u00f3, una instituci\u00f3n que consideran clave para la promoci\u00f3n de la ciudad. Cornejo consider\u00f3 que, de no modificarse el proyecto, el financiamiento para el Bur\u00f3 corre serio riesgo.\u00a0<strong><em>\u00abHoy me tengo que guiar en lo que est\u00e1 escrito, y lo que est\u00e1 escrito es que se desfinancia el Ushuaia Bur\u00f3. Punto. Es tajante. Lo dice ah\u00ed: muere el Ushuaia Bur\u00f3\u00bb<\/em><\/strong>, manifest\u00f3. Agreg\u00f3 que promesas verbales de buscar alternativas de financiamiento para el Bur\u00f3 no bastan, y pidi\u00f3 que se incorporen los detalles necesarios en la redacci\u00f3n final de la ordenanza.<\/p>\n<p>La C\u00e1mara de Turismo tampoco oculta sus reservas sobre la implementaci\u00f3n de una tasa tur\u00edstica para financiar parte de las actividades del nuevo ente. Seg\u00fan Cornejo, uno de los aspectos m\u00e1s controversiales es la falta de claridad sobre el destino de esos fondos y el mecanismo para su cobro.\u00a0<strong><em>\u00abEstamos en contra de la creaci\u00f3n de la tasa, siempre y cuando sea en las condiciones en que lo est\u00e1n planteando. Porque no dice qu\u00e9 servicio espec\u00edficamente va a pagar la tasa, c\u00f3mo se va a cobrar para que se vea justo y se le cobre a todos los que van a usar el servicio\u00bb<\/em><\/strong>, expres\u00f3. En su opini\u00f3n, se necesitan mayores detalles sobre el servicio que cubrir\u00eda esta tasa y su costo, para as\u00ed garantizar que sea justa y proporcional para los beneficiarios.<\/p>\n<p><a href=\"https:\/\/opinionpublica.com.ar\/index\/wp-content\/uploads\/2024\/10\/blogthe-lighthouse-at-the-end-of-the-world-an-unforgettable-place-in-argentina-ushuaia.png\"><img decoding=\"async\" class=\"alignnone size-full wp-image-6713\" src=\"https:\/\/opinionpublica.com.ar\/index\/wp-content\/uploads\/2024\/10\/blogthe-lighthouse-at-the-end-of-the-world-an-unforgettable-place-in-argentina-ushuaia.png\" alt=\"\" width=\"1024\" height=\"768\" srcset=\"https:\/\/opinionpublica.com.ar\/index\/wp-content\/uploads\/2024\/10\/blogthe-lighthouse-at-the-end-of-the-world-an-unforgettable-place-in-argentina-ushuaia.png 1024w, https:\/\/opinionpublica.com.ar\/index\/wp-content\/uploads\/2024\/10\/blogthe-lighthouse-at-the-end-of-the-world-an-unforgettable-place-in-argentina-ushuaia-300x225.png 300w, https:\/\/opinionpublica.com.ar\/index\/wp-content\/uploads\/2024\/10\/blogthe-lighthouse-at-the-end-of-the-world-an-unforgettable-place-in-argentina-ushuaia-768x576.png 768w\" sizes=\"(max-width: 1024px) 100vw, 1024px\" \/><\/a><\/p>\n<p>Tambi\u00e9n hizo hincapi\u00e9 en la necesidad de analizar si las atribuciones del ENUTUR se solapan o diferencian realmente de las que actualmente posee la Secretar\u00eda de Turismo.\u00a0<strong><em>\u00abSi vamos a crear un ente para categorizar, para darle m\u00e1s entidad, m\u00e1s valor y dem\u00e1s al turismo, desmenucemos los art\u00edculos donde est\u00e1n todas las atribuciones y facultades de este nuevo ente y veamos si son las mismas de la Secretar\u00eda de Turismo, o si son m\u00e1s\u00bb<\/em><\/strong>, sostuvo. A su juicio, la creaci\u00f3n del ENUTUR deber\u00eda estar acompa\u00f1ada de una reestructuraci\u00f3n clara que evite redundancias y maximice la eficacia del nuevo organismo.<\/p>\n<p>La controversia se profundiz\u00f3 despu\u00e9s de que Manfredotti calificara de \u00abmentirosos\u00bb a los representantes del sector en algunos de sus comentarios a la prensa, lo que increment\u00f3 la distancia entre la Municipalidad y los actores privados.\u00a0<strong><em>\u00abMe parece que nosotros la hemos tratado con el debido respeto, seguir\u00e1 siendo as\u00ed. Llamar abiertamente a las instituciones, a las personas que la integran y que trabajan ad honorem, tratarnos de mentirosos, me parece grave\u00bb<\/em><\/strong>, puntualiz\u00f3 finalmente.<\/p>\n<p>Aunque el sector tur\u00edstico no descarta el valor de un ente espec\u00edfico para el turismo, exige claridad en el texto final de la ordenanza y consideran esencial una planificaci\u00f3n consensuada y detallada.<\/p>\n<p>&nbsp;<\/p>\n<\/div>\n<\/div>\n<\/div>\n","protected":false},"excerpt":{"rendered":"<p>Fuerte cr\u00edtica del sector tur\u00edstico, pero con disposici\u00f3n al di\u00e1logo. La creaci\u00f3n del Ente Ushuaia Turismo (ENUTUR) obtuvo<\/p>\n","protected":false},"author":8,"featured_media":2679,"comment_status":"open","ping_status":"open","sticky":false,"template":"","format":"standard","meta":{"footnotes":""},"categories":[2,21],"tags":[560,2579,6],"class_list":["post-6798","post","type-post","status-publish","format-standard","has-post-thumbnail","hentry","category-tierra-del-fuego","category-ushuaia","tag-ecotasa","tag-ente-ushuaia-turismo","tag-ushuaia"],"featured_image_urls":{"full":["https:\/\/opinionpublica.com.ar\/index\/wp-content\/uploads\/2024\/05\/Ushuaia-Terramar.jpg",1200,800,false],"thumbnail":["https:\/\/opinionpublica.com.ar\/index\/wp-content\/uploads\/2024\/05\/Ushuaia-Terramar-150x150.jpg",150,150,true],"medium":["https:\/\/opinionpublica.com.ar\/index\/wp-content\/uploads\/2024\/05\/Ushuaia-Terramar-300x200.jpg",300,200,true],"medium_large":["https:\/\/opinionpublica.com.ar\/index\/wp-content\/uploads\/2024\/05\/Ushuaia-Terramar-768x512.jpg",640,427,true],"large":["https:\/\/opinionpublica.com.ar\/index\/wp-content\/uploads\/2024\/05\/Ushuaia-Terramar-1024x683.jpg",640,427,true],"1536x1536":["https:\/\/opinionpublica.com.ar\/index\/wp-content\/uploads\/2024\/05\/Ushuaia-Terramar.jpg",1200,800,false],"2048x2048":["https:\/\/opinionpublica.com.ar\/index\/wp-content\/uploads\/2024\/05\/Ushuaia-Terramar.jpg",1200,800,false],"morenews-large":["https:\/\/opinionpublica.com.ar\/index\/wp-content\/uploads\/2024\/05\/Ushuaia-Terramar-825x575.jpg",825,575,true],"morenews-medium":["https:\/\/opinionpublica.com.ar\/index\/wp-content\/uploads\/2024\/05\/Ushuaia-Terramar-590x410.jpg",590,410,true]},"author_info":{"display_name":"RKing","author_link":"https:\/\/opinionpublica.com.ar\/index\/author\/rking\/"},"category_info":"<a href=\"https:\/\/opinionpublica.com.ar\/index\/category\/tierra-del-fuego\/\" rel=\"category tag\">Tierra del Fuego<\/a> <a href=\"https:\/\/opinionpublica.com.ar\/index\/category\/ushuaia\/\" rel=\"category tag\">Ushuaia<\/a>","tag_info":"Ushuaia","comment_count":"0","_links":{"self":[{"href":"https:\/\/opinionpublica.com.ar\/index\/wp-json\/wp\/v2\/posts\/6798","targetHints":{"allow":["GET"]}}],"collection":[{"href":"https:\/\/opinionpublica.com.ar\/index\/wp-json\/wp\/v2\/posts"}],"about":[{"href":"https:\/\/opinionpublica.com.ar\/index\/wp-json\/wp\/v2\/types\/post"}],"author":[{"embeddable":true,"href":"https:\/\/opinionpublica.com.ar\/index\/wp-json\/wp\/v2\/users\/8"}],"replies":[{"embeddable":true,"href":"https:\/\/opinionpublica.com.ar\/index\/wp-json\/wp\/v2\/comments?post=6798"}],"version-history":[{"count":1,"href":"https:\/\/opinionpublica.com.ar\/index\/wp-json\/wp\/v2\/posts\/6798\/revisions"}],"predecessor-version":[{"id":6799,"href":"https:\/\/opinionpublica.com.ar\/index\/wp-json\/wp\/v2\/posts\/6798\/revisions\/6799"}],"wp:featuredmedia":[{"embeddable":true,"href":"https:\/\/opinionpublica.com.ar\/index\/wp-json\/wp\/v2\/media\/2679"}],"wp:attachment":[{"href":"https:\/\/opinionpublica.com.ar\/index\/wp-json\/wp\/v2\/media?parent=6798"}],"wp:term":[{"taxonomy":"category","embeddable":true,"href":"https:\/\/opinionpublica.com.ar\/index\/wp-json\/wp\/v2\/categories?post=6798"},{"taxonomy":"post_tag","embeddable":true,"href":"https:\/\/opinionpublica.com.ar\/index\/wp-json\/wp\/v2\/tags?post=6798"}],"curies":[{"name":"wp","href":"https:\/\/api.w.org\/{rel}","templated":true}]}}