{"id":685,"date":"2024-03-17T19:10:12","date_gmt":"2024-03-17T19:10:12","guid":{"rendered":"https:\/\/opinionpublica.com.ar\/index\/?p=685"},"modified":"2024-03-17T19:10:12","modified_gmt":"2024-03-17T19:10:12","slug":"newsan-por-que-el-mayor-grupo-electronico-del-pais-anticipa-un-proceso-de-gran-caida","status":"publish","type":"post","link":"https:\/\/opinionpublica.com.ar\/index\/newsan-por-que-el-mayor-grupo-electronico-del-pais-anticipa-un-proceso-de-gran-caida\/","title":{"rendered":"NEWSAN: Por qu\u00e9 el mayor grupo electr\u00f3nico del pa\u00eds anticipa un proceso de gran ca\u00edda"},"content":{"rendered":"<p>El holding advierte sobre la inflaci\u00f3n y la evoluci\u00f3n de salario real que ser\u00e1n afectados por el programa de ordenamiento del gobierno libertario de Milei.<\/p>\n<p>Durante el a\u00f1o pasado, el contexto nacional del mercado de electr\u00f3nica de consumo y electrodom\u00e9sticos se mantuvo en una meseta, con un leve crecimiento cercano al 1% en promedio con respecto a las operaciones del 2022.<\/p>\n<p>&nbsp;<\/p>\n<p>El escenario se debi\u00f3, en mayor parte a la compleja situaci\u00f3n econ\u00f3mica del pa\u00eds, sumada a un contexto de incertidumbre pol\u00edtica por las elecciones presidenciales que consagraron a Javier Milei como nuevo presidente del pa\u00eds.<\/p>\n<p>&nbsp;<\/p>\n<p>La fuerte sequ\u00eda tambi\u00e9n implic\u00f3 una suma sustancialmente menor de d\u00f3lares por exportaciones del sector agropecuario que termin\u00f3 por afectar la evoluci\u00f3n macro a partir de medidas tomadas por la anterior administraci\u00f3n ante la falta de divisas como medidas para regular el acceso al mercado cambiario.<\/p>\n<p>&nbsp;<\/p>\n<p>&nbsp;<\/p>\n<p>El objetivo perseguido fue normalizar la situaci\u00f3n ante una alta demanda de divisas y un clima de presi\u00f3n devaluatoria que conllev\u00f3 a los importadores a renegociar las condiciones comerciales y de plazo de pago con sus proveedores internacionales.<\/p>\n<p>&nbsp;<\/p>\n<p>Se presentaron dificultades para el pago al exterior, incrementando el nivel de deuda de Argentina y de las empresas privadas con proveedores internacionales, adem\u00e1s de haberse establecido el Impuesto para una Argentina Inclusiva y Solidaria (PAIS), para las importaciones de bienes y determinados servicios, situaci\u00f3n acompa\u00f1ada por un alto nivel de inflaci\u00f3n.<\/p>\n<p>&nbsp;<\/p>\n<p>Problemas \u00abchinos\u00bb<\/p>\n<p>De hecho, en agosto, SinoSure (ente asegurador de cr\u00e9dito de exportaci\u00f3n de la Rep\u00fablica China) inform\u00f3 a las empresas argentinas de distintos rubros que suspender\u00eda embarques y no autorizar\u00eda la entrega de las mercader\u00edas que estuviesen llegando a los puertos argentinos.<\/p>\n<p>&nbsp;<\/p>\n<p>Esta decisi\u00f3n se origin\u00f3 por las deudas acumuladas, no por falta de voluntad de las empresas compradoras, sino por las condiciones de contexto generadas por las medidas tomadas por el gobierno de Alberto Fern\u00e1ndez y el Ministerio de Econom\u00eda a cargo de Sergio Massa.<\/p>\n<p>&nbsp;<\/p>\n<p>Una de las empresas afectadas por este contexto fue Newsan, el mayor grupo de electrodom\u00e9sticos y electr\u00f3nica de la Argentina que adem\u00e1s tiene ramificaciones en las industrias pesquera y automotriz.<\/p>\n<p>&nbsp;<\/p>\n<p>Newsan es el mayor grupo ensamblador argentino del sector de electr\u00f3nica y electrodom\u00e9sticos de la Argentina<\/p>\n<p>Newsan es el mayor grupo ensamblador argentino del sector de electr\u00f3nica y electrodom\u00e9sticos de la Argentina<\/p>\n<p>Para destrabar el cepo de la aseguradora asi\u00e1tica el holding de la familia Chernajovsky comenz\u00f3 una negociaci\u00f3n utilizando una combinaci\u00f3n de instrumentos de pago diversos como cartas de cr\u00e9dito, financiaci\u00f3n de importaciones, pago en yuanes, entre otros.<\/p>\n<p>&nbsp;<\/p>\n<p>Con esta opci\u00f3n, logr\u00f3 hacer frente a las restricciones, asegurando el abastecimiento permanente de insumos de producci\u00f3n para poder seguir sosteniendo sus operaciones en el mercado dom\u00e9stico de electr\u00f3nica de consumo y de electrodom\u00e9sticos.<\/p>\n<p>&nbsp;<\/p>\n<p>Mercado amesetado<\/p>\n<p>Lo hizo en un contexto en el cual, de acuerdo con la Uni\u00f3n Industrial Fueguina, el mercado de celulares se mantuvo estable, en 9,8 millones de unidades vs. 10 en 2022 y el de aire acondicionados aument\u00f3 de 1,3 millones en 2022 a 1,5 millones en 2023. La excepci\u00f3n fue el mercado de televisi\u00f3n que, debido a ser un a\u00f1o post Mundial de futbol, disminuy\u00f3 de 3,3 millones a 2,3 millones de unidades.<\/p>\n<p>&nbsp;<\/p>\n<p>Las razones esgrimidas por el grupo y en el resto del sector para justificar el amesetamiento evidenciado por el sector se vinculan con las malas condiciones internacionales; la profundizaci\u00f3n de las restricciones para importar productos terminados; las regulaciones del comercio exterior que frenaron la importaci\u00f3n de insumos mediante mecanismos SIRA y las demoras en los pagos al exterior.<\/p>\n<p>&nbsp;<\/p>\n<p>Newsan sufri\u00f3 las consecuencias de este escenario en todos los segmentos donde participa tanto dom\u00e9stico de consumo como el de exportaci\u00f3n de alimentos, fundamentalmente productos derivados de la pesca as\u00ed como otros productos de origen agroindustrial a trav\u00e9s de su controlada, Newsan Food.<\/p>\n<p>&nbsp;<\/p>\n<p>En el holding estiman que a pesar del fuerte proceso de estabilizaci\u00f3n, ordenamiento econ\u00f3mico financiero y adecuaci\u00f3n de precios relativos que est\u00e1 liderando el actual Gobierno, habr\u00e1 \u00abproceso de gran ca\u00edda de mercado\u00bb.<\/p>\n<p>&nbsp;<\/p>\n<p>Ordenamiento financiero<\/p>\n<p>Mediante un comunicado enviado a la Comisi\u00f3n Nacional de Valores (CNV), el grupo enumera los \u00abprincipales aspectos que influir\u00e1n en el mercado interno de electr\u00f3nica de consumo y electrodom\u00e9sticos durante 2024\u00bb.<\/p>\n<p>&nbsp;<\/p>\n<p>a pesar del fuerte proceso de estabilizaci\u00f3n, ordenamiento econ\u00f3mico financiero y adecuaci\u00f3n de precios relativos que est\u00e1 liderando el actual Gobierno, habr\u00e1<\/p>\n<p>A pesar del proceso de estabilizaci\u00f3n, ordenamiento econ\u00f3mico financiero y adecuaci\u00f3n de precios habr\u00e1 \u00abproceso de gran ca\u00edda de mercado\u00bb.<\/p>\n<p>En este sentido, destaca la inflaci\u00f3n y la evoluci\u00f3n de salario real, aspectos que considera ser\u00e1n afectados por el programa de ordenamiento del gobierno libertario debido a que, seg\u00fan sus ejecutivos, trae aparejado una situaci\u00f3n coyuntural de rigor econ\u00f3mico, con alta inflaci\u00f3n y ca\u00edda de poder adquisitivo, que se encuentra concentrado en el corto plazo.<\/p>\n<p>&nbsp;<\/p>\n<p>Ocurre que para este a\u00f1o, de acuerdo al Relevamiento de Expectativa de mercado (R.E.M.) se espera una ca\u00edda de la actividad econ\u00f3mica del orden de 3% respecto del 2023; una inflaci\u00f3n anual en el orden de 227% y una tasa de desocupaci\u00f3n del orden 7.7%.<\/p>\n<p>&nbsp;<\/p>\n<p>Adem\u00e1s, se tomar\u00e1n medidas de ordenamiento financiero tanto de la deuda en pesos como en d\u00f3lares como la emisi\u00f3n de los instrumentos BOPREAL que han sido licitados por empresas argentinas para regularizar sus deudas con proveedores extranjeros.<\/p>\n<p>&nbsp;<\/p>\n<p>Adem\u00e1s, se est\u00e1 permitiendo el acceso al MULC para nuevos pagos al exterior, a trav\u00e9s de un esquema de pagos fijado cada uno de ellos en el 25% del valor FOB, a los 30, 60, 90 y 120 d\u00edas desde el registro de ingreso aduanero de los bienes.<\/p>\n<p>&nbsp;<\/p>\n<p>Si bien en ning\u00fan momento de este complejo proceso, Newsan sufri\u00f3 una disrupci\u00f3n de su cadena de aprovisionamiento y actualmente se encuentra al presente en situaci\u00f3n de regularizaci\u00f3n de pagos y compromisos al exterior, pondr\u00e1 en marcha un nuevo plan de negocios para afrontar el \u00abcomplejo\u00bb escenario que le espera en este 2024.<\/p>\n<p>&nbsp;<\/p>\n<p>Parte de ese proceso se basar\u00e1 en el desarrollo de nuevos productos y negocios, diversificaci\u00f3n de su portafolio con la potencial adquisici\u00f3n de activos.<\/p>\n<p>&nbsp;<\/p>\n<p>Tambi\u00e9n seguir\u00e1 impulsando el negocio de exportaci\u00f3n, como el ingreso en sectores comerciales en donde pueda generar valor, adem\u00e1s de profundizar su rol como socio estrat\u00e9gico de marcas internacionales, y posicionarse como el socio local elegido por las principales compa\u00f1\u00edas tecnol\u00f3gicas del mundo.<\/p>\n<p>&nbsp;<\/p>\n<p>Junto con Motorola, LG, Hisense, Bosch, Whirlpool buscar\u00e1 seguir desarrollando alianzas, mientras que en el caso de Newsan Food, el foco estar\u00e1 puesto en incrementar las exportaciones de alimentos, as\u00ed como desplegar el nuevo negocio de acuicultura.<\/p>\n<p>&nbsp;<\/p>\n<p>Las bases de este proyecto est\u00e1n dadas por los resultados que Newsan logr\u00f3 el a\u00f1o pasado, con ventas por $771.627 millones; ganancias financieras por $98.876 millones y un resultado neto consolidado de $154.951 millones.<\/p>\n<p>&nbsp;<\/p>\n<p>El mercado de electr\u00f3nica de consumo y electrodom\u00e9sticos tuvo un leve crecimiento cercano al 1%<\/p>\n<p>Gesti\u00f3n condicionada<\/p>\n<p>Para Newsan, el 2023 fue un a\u00f1o en el cual la gesti\u00f3n financiera marc\u00f3 una ventaja competitiva en un contexto que fue extremadamente complejo en materia de pago de importaciones.<\/p>\n<p>Los problemas de la macro condicionaron sus importaciones y condujeron al fortalecimiento de medidas de control de capitales a un punto en el que las operaciones de importaci\u00f3n y giro de pagos comerciales al exterior se vieron afectadas, condicionando el desenvolvimiento normal de la actividad.<\/p>\n<p>En materia cambiaria y frente a la volatilidad de la moneda, los diferentes tipos de cambios y la complejidad para cancelar las deudas con el exterior, el grupo ejecut\u00f3 la adquisici\u00f3n de instrumentos financieros que le permitieron resguardarse de los efectos devaluatorios.<\/p>\n<p>Para cubrirse de ese riesgo y salvaguardar el valor de los activos, recurri\u00f3 a distintas alternativas combinadas de cobertura como mercados de futuros como Rofex; compra de bonos duales que ajustan por inflaci\u00f3n o d\u00f3lar o fondos comunes de inversi\u00f3n que inviertan en bonos d\u00f3lar linked.<\/p>\n<p>Asimismo, adquiri\u00f3 deuda privada d\u00f3lar linked de empresas exportadoras; se enfoc\u00f3 tanto en la optimizaci\u00f3n de la estructura y costos, como as\u00ed tambi\u00e9n en la b\u00fasqueda de fuentes de financiaci\u00f3n.<\/p>\n<p>&nbsp;<\/p>\n<p>\u00abContinuamos gestionando nuestras l\u00edneas de cr\u00e9dito bancarias e incrementando las mismas en un 10% en d\u00f3lares durante 2023 y renovamos nuestra presencia en el mercado de capitales, con resultados que superaron las mejores expectativas, demostrando una vez m\u00e1s el s\u00f3lido acceso al Mercado de Capitales y la confianza que los inversores tienen en los resultados y las perspectivas de la Sociedad\u00bb, resalta el documento de Newsan.<\/p>\n","protected":false},"excerpt":{"rendered":"<p>El holding advierte sobre la inflaci\u00f3n y la evoluci\u00f3n de salario real que ser\u00e1n afectados por el programa<\/p>\n","protected":false},"author":8,"featured_media":686,"comment_status":"open","ping_status":"open","sticky":false,"template":"","format":"standard","meta":{"footnotes":""},"categories":[3,2],"tags":[16,150,151,5],"class_list":["post-685","post","type-post","status-publish","format-standard","has-post-thumbnail","hentry","category-nacionales","category-tierra-del-fuego","tag-nacionales","tag-newsan","tag-produccion","tag-tierra-del-fuego"],"featured_image_urls":{"full":["https:\/\/opinionpublica.com.ar\/index\/wp-content\/uploads\/2024\/03\/487271.webp",640,345,false],"thumbnail":["https:\/\/opinionpublica.com.ar\/index\/wp-content\/uploads\/2024\/03\/487271-150x150.webp",150,150,true],"medium":["https:\/\/opinionpublica.com.ar\/index\/wp-content\/uploads\/2024\/03\/487271-300x162.webp",300,162,true],"medium_large":["https:\/\/opinionpublica.com.ar\/index\/wp-content\/uploads\/2024\/03\/487271.webp",640,345,false],"large":["https:\/\/opinionpublica.com.ar\/index\/wp-content\/uploads\/2024\/03\/487271.webp",640,345,false],"1536x1536":["https:\/\/opinionpublica.com.ar\/index\/wp-content\/uploads\/2024\/03\/487271.webp",640,345,false],"2048x2048":["https:\/\/opinionpublica.com.ar\/index\/wp-content\/uploads\/2024\/03\/487271.webp",640,345,false],"morenews-large":["https:\/\/opinionpublica.com.ar\/index\/wp-content\/uploads\/2024\/03\/487271.webp",640,345,false],"morenews-medium":["https:\/\/opinionpublica.com.ar\/index\/wp-content\/uploads\/2024\/03\/487271-590x345.webp",590,345,true]},"author_info":{"display_name":"RKing","author_link":"https:\/\/opinionpublica.com.ar\/index\/author\/rking\/"},"category_info":"<a href=\"https:\/\/opinionpublica.com.ar\/index\/category\/nacionales\/\" rel=\"category tag\">Nacionales<\/a> <a href=\"https:\/\/opinionpublica.com.ar\/index\/category\/tierra-del-fuego\/\" rel=\"category tag\">Tierra del Fuego<\/a>","tag_info":"Tierra del Fuego","comment_count":"0","_links":{"self":[{"href":"https:\/\/opinionpublica.com.ar\/index\/wp-json\/wp\/v2\/posts\/685","targetHints":{"allow":["GET"]}}],"collection":[{"href":"https:\/\/opinionpublica.com.ar\/index\/wp-json\/wp\/v2\/posts"}],"about":[{"href":"https:\/\/opinionpublica.com.ar\/index\/wp-json\/wp\/v2\/types\/post"}],"author":[{"embeddable":true,"href":"https:\/\/opinionpublica.com.ar\/index\/wp-json\/wp\/v2\/users\/8"}],"replies":[{"embeddable":true,"href":"https:\/\/opinionpublica.com.ar\/index\/wp-json\/wp\/v2\/comments?post=685"}],"version-history":[{"count":1,"href":"https:\/\/opinionpublica.com.ar\/index\/wp-json\/wp\/v2\/posts\/685\/revisions"}],"predecessor-version":[{"id":687,"href":"https:\/\/opinionpublica.com.ar\/index\/wp-json\/wp\/v2\/posts\/685\/revisions\/687"}],"wp:featuredmedia":[{"embeddable":true,"href":"https:\/\/opinionpublica.com.ar\/index\/wp-json\/wp\/v2\/media\/686"}],"wp:attachment":[{"href":"https:\/\/opinionpublica.com.ar\/index\/wp-json\/wp\/v2\/media?parent=685"}],"wp:term":[{"taxonomy":"category","embeddable":true,"href":"https:\/\/opinionpublica.com.ar\/index\/wp-json\/wp\/v2\/categories?post=685"},{"taxonomy":"post_tag","embeddable":true,"href":"https:\/\/opinionpublica.com.ar\/index\/wp-json\/wp\/v2\/tags?post=685"}],"curies":[{"name":"wp","href":"https:\/\/api.w.org\/{rel}","templated":true}]}}