{"id":6964,"date":"2024-11-07T11:15:20","date_gmt":"2024-11-07T14:15:20","guid":{"rendered":"https:\/\/opinionpublica.com.ar\/index\/?p=6964"},"modified":"2024-11-07T11:15:20","modified_gmt":"2024-11-07T14:15:20","slug":"la-plataforma-precio-bajo-tiene-30-mil-visitas-de-los-vecinos-que-entran-todos-los-dias","status":"publish","type":"post","link":"https:\/\/opinionpublica.com.ar\/index\/la-plataforma-precio-bajo-tiene-30-mil-visitas-de-los-vecinos-que-entran-todos-los-dias\/","title":{"rendered":"La plataforma Precio Bajo tiene 30 mil visitas de los vecinos que entran todos los d\u00edas"},"content":{"rendered":"<header class=\"header-interior\">\n<p id=\"nota-title\">La plataforma Precio Bajo tiene 30 mil visitas de los vecinos que entran todos los d\u00edas.<\/p>\n<\/header>\n<div id=\"main\" class=\"column\">\n<div class=\"cont-nota\">\n<article class=\"cont-cuerpo\">\n<section class=\"texto\">El secretario de Representaci\u00f3n Pol\u00edtica de la Provincia, Federico Gim\u00e9nez, dialog\u00f3 con Minuto Fueguino donde realiz\u00f3 un balance del funcionamiento de la plataforma \u201cPrecio Bajo\u201d.<\/p>\n<div class=\"google-auto-placed ap_container\"><ins class=\"adsbygoogle adsbygoogle-noablate\" data-ad-format=\"auto\" data-ad-client=\"ca-pub-3145312838215700\" data-adsbygoogle-status=\"done\" data-ad-status=\"filled\"><\/p>\n<div id=\"aswift_4_host\"><a href=\"https:\/\/opinionpublica.com.ar\/index\/wp-content\/uploads\/2024\/11\/IMG_20240324_223319_843-precio-bajo.jpg\"><img fetchpriority=\"high\" decoding=\"async\" class=\"alignnone size-full wp-image-6965\" src=\"https:\/\/opinionpublica.com.ar\/index\/wp-content\/uploads\/2024\/11\/IMG_20240324_223319_843-precio-bajo.jpg\" alt=\"\" width=\"1280\" height=\"855\" srcset=\"https:\/\/opinionpublica.com.ar\/index\/wp-content\/uploads\/2024\/11\/IMG_20240324_223319_843-precio-bajo.jpg 1280w, https:\/\/opinionpublica.com.ar\/index\/wp-content\/uploads\/2024\/11\/IMG_20240324_223319_843-precio-bajo-300x200.jpg 300w, https:\/\/opinionpublica.com.ar\/index\/wp-content\/uploads\/2024\/11\/IMG_20240324_223319_843-precio-bajo-1024x684.jpg 1024w, https:\/\/opinionpublica.com.ar\/index\/wp-content\/uploads\/2024\/11\/IMG_20240324_223319_843-precio-bajo-768x513.jpg 768w\" sizes=\"(max-width: 1280px) 100vw, 1280px\" \/><\/a><\/div>\n<p><\/ins><\/div>\n<p>Al respecto, coment\u00f3 que \u201cla p\u00e1gina viene muy bien. Nosotros tenemos 20 operadores de calle que hacen el relevamiento y son el nexo desde los que trabajamos en las oficinas con los vecinos y nos van transmitiendo. En un momento, como todo cuando arranca, hubo quejas y sugerencias. Hoy poder tener una comunicaci\u00f3n con el comerciante y el vecino consumidor, nos ayuda. Seguro vendr\u00e1n cosas nuevas para la plataforma, pero hoy la recepci\u00f3n es bastante buena.\u201d<\/p>\n<div class=\"autors-widget\">\n<div>\n<div>\n<div id=\"autors-container-0\"><\/div>\n<\/div>\n<\/div>\n<\/div>\n<div class=\"banner banner banner-hide\">\n<div id=\"banner-ad-interior-1\" data-slot=\"interior1\"><\/div>\n<\/div>\n<p>En este sentido, indic\u00f3 que \u201cmes a mes notamos el incremento en algunos productos de la canasta b\u00e1sica que el mes pasado estuvo cerca del 4% y hab\u00eda subido un punto. Notamos que un precio puede llegar a no ser competitivo para el comerciante, pero s\u00ed baja un poco el costo; lo que estaba a 5 al otro d\u00eda apareci\u00f3 a 4 porque el comerciante busca una rotaci\u00f3n en sus productos y tambi\u00e9n est\u00e1 a disposici\u00f3n el segmento de ofertas donde el comerciante puede armarse un usuario y poner una oferta de un producto determinado por el tiempo que considere. Es todo muy cuidado para que nadie tenga la posibilidad de entrar y poner algo que no corresponde y generar falsas expectativas.\u201d<\/p>\n<div class=\"google-auto-placed ap_container\"><ins class=\"adsbygoogle adsbygoogle-noablate\" data-ad-format=\"auto\" data-ad-client=\"ca-pub-3145312838215700\" data-adsbygoogle-status=\"done\" data-ad-status=\"filled\"><\/p>\n<div id=\"aswift_6_host\"><\/div>\n<p><\/ins><\/div>\n<p>Seg\u00fan precis\u00f3 Gim\u00e9nez, \u201ctenemos un promedio de entre 28 mil a 30 mil futuros clientes o usuarios que visitan a diario las p\u00e1ginas.\u201d<\/p>\n<\/section>\n<\/article>\n<\/div>\n<\/div>\n","protected":false},"excerpt":{"rendered":"<p>La plataforma Precio Bajo tiene 30 mil visitas de los vecinos que entran todos los d\u00edas. El secretario<\/p>\n","protected":false},"author":8,"featured_media":6965,"comment_status":"open","ping_status":"open","sticky":false,"template":"","format":"standard","meta":{"footnotes":""},"categories":[2],"tags":[2668,388,389],"class_list":["post-6964","post","type-post","status-publish","format-standard","has-post-thumbnail","hentry","category-tierra-del-fuego","tag-federico-gimenez","tag-plataforma","tag-precio-bajo"],"featured_image_urls":{"full":["https:\/\/opinionpublica.com.ar\/index\/wp-content\/uploads\/2024\/11\/IMG_20240324_223319_843-precio-bajo.jpg",1280,855,false],"thumbnail":["https:\/\/opinionpublica.com.ar\/index\/wp-content\/uploads\/2024\/11\/IMG_20240324_223319_843-precio-bajo-150x150.jpg",150,150,true],"medium":["https:\/\/opinionpublica.com.ar\/index\/wp-content\/uploads\/2024\/11\/IMG_20240324_223319_843-precio-bajo-300x200.jpg",300,200,true],"medium_large":["https:\/\/opinionpublica.com.ar\/index\/wp-content\/uploads\/2024\/11\/IMG_20240324_223319_843-precio-bajo-768x513.jpg",640,428,true],"large":["https:\/\/opinionpublica.com.ar\/index\/wp-content\/uploads\/2024\/11\/IMG_20240324_223319_843-precio-bajo-1024x684.jpg",640,428,true],"1536x1536":["https:\/\/opinionpublica.com.ar\/index\/wp-content\/uploads\/2024\/11\/IMG_20240324_223319_843-precio-bajo.jpg",1280,855,false],"2048x2048":["https:\/\/opinionpublica.com.ar\/index\/wp-content\/uploads\/2024\/11\/IMG_20240324_223319_843-precio-bajo.jpg",1280,855,false],"morenews-large":["https:\/\/opinionpublica.com.ar\/index\/wp-content\/uploads\/2024\/11\/IMG_20240324_223319_843-precio-bajo-825x575.jpg",825,575,true],"morenews-medium":["https:\/\/opinionpublica.com.ar\/index\/wp-content\/uploads\/2024\/11\/IMG_20240324_223319_843-precio-bajo-590x410.jpg",590,410,true]},"author_info":{"display_name":"RKing","author_link":"https:\/\/opinionpublica.com.ar\/index\/author\/rking\/"},"category_info":"<a href=\"https:\/\/opinionpublica.com.ar\/index\/category\/tierra-del-fuego\/\" rel=\"category tag\">Tierra del Fuego<\/a>","tag_info":"Tierra del Fuego","comment_count":"0","_links":{"self":[{"href":"https:\/\/opinionpublica.com.ar\/index\/wp-json\/wp\/v2\/posts\/6964","targetHints":{"allow":["GET"]}}],"collection":[{"href":"https:\/\/opinionpublica.com.ar\/index\/wp-json\/wp\/v2\/posts"}],"about":[{"href":"https:\/\/opinionpublica.com.ar\/index\/wp-json\/wp\/v2\/types\/post"}],"author":[{"embeddable":true,"href":"https:\/\/opinionpublica.com.ar\/index\/wp-json\/wp\/v2\/users\/8"}],"replies":[{"embeddable":true,"href":"https:\/\/opinionpublica.com.ar\/index\/wp-json\/wp\/v2\/comments?post=6964"}],"version-history":[{"count":1,"href":"https:\/\/opinionpublica.com.ar\/index\/wp-json\/wp\/v2\/posts\/6964\/revisions"}],"predecessor-version":[{"id":6966,"href":"https:\/\/opinionpublica.com.ar\/index\/wp-json\/wp\/v2\/posts\/6964\/revisions\/6966"}],"wp:featuredmedia":[{"embeddable":true,"href":"https:\/\/opinionpublica.com.ar\/index\/wp-json\/wp\/v2\/media\/6965"}],"wp:attachment":[{"href":"https:\/\/opinionpublica.com.ar\/index\/wp-json\/wp\/v2\/media?parent=6964"}],"wp:term":[{"taxonomy":"category","embeddable":true,"href":"https:\/\/opinionpublica.com.ar\/index\/wp-json\/wp\/v2\/categories?post=6964"},{"taxonomy":"post_tag","embeddable":true,"href":"https:\/\/opinionpublica.com.ar\/index\/wp-json\/wp\/v2\/tags?post=6964"}],"curies":[{"name":"wp","href":"https:\/\/api.w.org\/{rel}","templated":true}]}}