{"id":7002,"date":"2024-11-08T15:11:09","date_gmt":"2024-11-08T18:11:09","guid":{"rendered":"https:\/\/opinionpublica.com.ar\/index\/?p=7002"},"modified":"2024-11-08T15:11:09","modified_gmt":"2024-11-08T18:11:09","slug":"aduana-nuevo-requerimiento-para-vehiculos-prestados-que-salgan-por-la-frontera","status":"publish","type":"post","link":"https:\/\/opinionpublica.com.ar\/index\/aduana-nuevo-requerimiento-para-vehiculos-prestados-que-salgan-por-la-frontera\/","title":{"rendered":"Aduana: Nuevo requerimiento para veh\u00edculos prestados que salgan por la frontera"},"content":{"rendered":"<div class=\"td-post-header td-container\">\n<div class=\"td-post-header-holder td-image-gradient\">\n<header class=\"td-post-title\">\n<p class=\"entry-title\">Aduana: Nuevo requerimiento para veh\u00edculos prestados que salgan por la frontera.<\/p>\n<\/header>\n<\/div>\n<\/div>\n<div class=\"td-container\">\n<div class=\"td-pb-row\">\n<div class=\"td-pb-span12 td-main-content\" role=\"main\">\n<div class=\"td-ss-main-content\">\n<div class=\"td-post-content tagdiv-type\">\n<p>En la actualidad con la eliminaci\u00f3n de la c\u00e9dula de autorizaci\u00f3n para conducir, ese documento fue reemplazado por un poder ante escribano que resulta mas oneroso y burocr\u00e1tico para el conductor que sale en un veh\u00edculo \u201cprestado\u201d o no es de su titularidad.<\/p>\n<p><a href=\"https:\/\/opinionpublica.com.ar\/index\/wp-content\/uploads\/2024\/04\/paso-a-chile.jpg\"><img fetchpriority=\"high\" decoding=\"async\" class=\"alignnone size-full wp-image-1396\" src=\"https:\/\/opinionpublica.com.ar\/index\/wp-content\/uploads\/2024\/04\/paso-a-chile.jpg\" alt=\"\" width=\"1403\" height=\"693\" srcset=\"https:\/\/opinionpublica.com.ar\/index\/wp-content\/uploads\/2024\/04\/paso-a-chile.jpg 1403w, https:\/\/opinionpublica.com.ar\/index\/wp-content\/uploads\/2024\/04\/paso-a-chile-300x148.jpg 300w, https:\/\/opinionpublica.com.ar\/index\/wp-content\/uploads\/2024\/04\/paso-a-chile-1024x506.jpg 1024w, https:\/\/opinionpublica.com.ar\/index\/wp-content\/uploads\/2024\/04\/paso-a-chile-768x379.jpg 768w\" sizes=\"(max-width: 1403px) 100vw, 1403px\" \/><\/a><\/p>\n<p>El sistema termin\u00f3 complejizando la situaci\u00f3n por lo que se busca un nuevo instrumento para que el conductor autorizado circule con seguridad y sin problemas en los tr\u00e1mites fronterizos.<\/p>\n<p>Atentos a la proximidad de la salida vacacional, la Aduana inform\u00f3 hoy a los operadores de un nuevo sistema de autorizaciones de manejo a un tercero, que vayan a salir de la provincia con destino a Chile o bien al pa\u00eds vecino en tr\u00e1nsito hacia el territorio nacional continental.<\/p>\n<p>Las aduanas fueguinas tramitar\u00e1n autorizaciones para la cual los residentes en Tierra del Fuego podr\u00e1n concurrir a sus oficinas administrativas; tanto el titular del rodado como\u00a0 el conductor autorizado, ambos con DNI y c\u00e9dula del automotor del titular o t\u00edtulo de propiedad del automotor.<\/p>\n<p>Esta autorizaci\u00f3n aduanera deber\u00e1 ser tramitada en la oficina aduanera de su ciudad de residencia; los capitalinos en la Aduana de Ushuaia y los de R\u00edo Grande y Tolhuin en la aduana riograndense en calle 20 de Junio del barrio Profesionales.<\/p>\n<p>La autorizaci\u00f3n servir\u00e1 solamente para ir al territorio nacional y a Chile, y en caso de los dem\u00e1s pa\u00edses lim\u00edtrofes deber\u00e1n hacer la autorizaci\u00f3n por escribano que se realiza actualmente.<\/p>\n<p>Se aclara que las antiguas licencias azules de permiso continuar\u00e1n vigentes para la salida por frontera.<\/p>\n<div class=\"td-a-rec td-a-rec-id-content_bottom  tdi_1 td_block_template_2\">\n<div class=\"td-all-devices\"><\/div>\n<\/div>\n<\/div>\n<footer>\n<div class=\"td-post-source-tags\"><\/div>\n<div class=\"td-post-sharing-bottom\"><\/div>\n<\/footer>\n<\/div>\n<\/div>\n<\/div>\n<\/div>\n","protected":false},"excerpt":{"rendered":"<p>Aduana: Nuevo requerimiento para veh\u00edculos prestados que salgan por la frontera. En la actualidad con la eliminaci\u00f3n de<\/p>\n","protected":false},"author":8,"featured_media":1396,"comment_status":"open","ping_status":"open","sticky":false,"template":"","format":"standard","meta":{"footnotes":""},"categories":[2],"tags":[100,2683],"class_list":["post-7002","post","type-post","status-publish","format-standard","has-post-thumbnail","hentry","category-tierra-del-fuego","tag-aduana","tag-autos-prestados"],"featured_image_urls":{"full":["https:\/\/opinionpublica.com.ar\/index\/wp-content\/uploads\/2024\/04\/paso-a-chile.jpg",1403,693,false],"thumbnail":["https:\/\/opinionpublica.com.ar\/index\/wp-content\/uploads\/2024\/04\/paso-a-chile-150x150.jpg",150,150,true],"medium":["https:\/\/opinionpublica.com.ar\/index\/wp-content\/uploads\/2024\/04\/paso-a-chile-300x148.jpg",300,148,true],"medium_large":["https:\/\/opinionpublica.com.ar\/index\/wp-content\/uploads\/2024\/04\/paso-a-chile-768x379.jpg",640,316,true],"large":["https:\/\/opinionpublica.com.ar\/index\/wp-content\/uploads\/2024\/04\/paso-a-chile-1024x506.jpg",640,316,true],"1536x1536":["https:\/\/opinionpublica.com.ar\/index\/wp-content\/uploads\/2024\/04\/paso-a-chile.jpg",1403,693,false],"2048x2048":["https:\/\/opinionpublica.com.ar\/index\/wp-content\/uploads\/2024\/04\/paso-a-chile.jpg",1403,693,false],"morenews-large":["https:\/\/opinionpublica.com.ar\/index\/wp-content\/uploads\/2024\/04\/paso-a-chile-825x575.jpg",825,575,true],"morenews-medium":["https:\/\/opinionpublica.com.ar\/index\/wp-content\/uploads\/2024\/04\/paso-a-chile-590x410.jpg",590,410,true]},"author_info":{"display_name":"RKing","author_link":"https:\/\/opinionpublica.com.ar\/index\/author\/rking\/"},"category_info":"<a href=\"https:\/\/opinionpublica.com.ar\/index\/category\/tierra-del-fuego\/\" rel=\"category tag\">Tierra del Fuego<\/a>","tag_info":"Tierra del Fuego","comment_count":"0","_links":{"self":[{"href":"https:\/\/opinionpublica.com.ar\/index\/wp-json\/wp\/v2\/posts\/7002","targetHints":{"allow":["GET"]}}],"collection":[{"href":"https:\/\/opinionpublica.com.ar\/index\/wp-json\/wp\/v2\/posts"}],"about":[{"href":"https:\/\/opinionpublica.com.ar\/index\/wp-json\/wp\/v2\/types\/post"}],"author":[{"embeddable":true,"href":"https:\/\/opinionpublica.com.ar\/index\/wp-json\/wp\/v2\/users\/8"}],"replies":[{"embeddable":true,"href":"https:\/\/opinionpublica.com.ar\/index\/wp-json\/wp\/v2\/comments?post=7002"}],"version-history":[{"count":1,"href":"https:\/\/opinionpublica.com.ar\/index\/wp-json\/wp\/v2\/posts\/7002\/revisions"}],"predecessor-version":[{"id":7003,"href":"https:\/\/opinionpublica.com.ar\/index\/wp-json\/wp\/v2\/posts\/7002\/revisions\/7003"}],"wp:featuredmedia":[{"embeddable":true,"href":"https:\/\/opinionpublica.com.ar\/index\/wp-json\/wp\/v2\/media\/1396"}],"wp:attachment":[{"href":"https:\/\/opinionpublica.com.ar\/index\/wp-json\/wp\/v2\/media?parent=7002"}],"wp:term":[{"taxonomy":"category","embeddable":true,"href":"https:\/\/opinionpublica.com.ar\/index\/wp-json\/wp\/v2\/categories?post=7002"},{"taxonomy":"post_tag","embeddable":true,"href":"https:\/\/opinionpublica.com.ar\/index\/wp-json\/wp\/v2\/tags?post=7002"}],"curies":[{"name":"wp","href":"https:\/\/api.w.org\/{rel}","templated":true}]}}