{"id":7004,"date":"2024-11-08T15:16:06","date_gmt":"2024-11-08T18:16:06","guid":{"rendered":"https:\/\/opinionpublica.com.ar\/index\/?p=7004"},"modified":"2024-11-08T15:16:06","modified_gmt":"2024-11-08T18:16:06","slug":"media-ciudad-de-ushuaia-se-quedara-sin-luz-el-domingo","status":"publish","type":"post","link":"https:\/\/opinionpublica.com.ar\/index\/media-ciudad-de-ushuaia-se-quedara-sin-luz-el-domingo\/","title":{"rendered":"Media ciudad de Ushuaia se quedar\u00e1 sin luz el domingo"},"content":{"rendered":"<p class=\"titulo_individual_noticia\">Media ciudad de Ushuaia se quedar\u00e1 sin luz el domingo.<\/p>\n<div class=\"copete_individual_noticia\">Entre las 6.00 y las 18:00 del domingo est\u00e1 previsto suspender el suministro de energ\u00eda el\u00e9ctrica en un amplio sector de la zona oeste de la ciudad.<\/div>\n<div><\/div>\n<div><a href=\"https:\/\/opinionpublica.com.ar\/index\/wp-content\/uploads\/2024\/06\/dpe-electrica-tierra-del-fuego.jpg\"><img fetchpriority=\"high\" decoding=\"async\" class=\"alignnone size-full wp-image-3951\" src=\"https:\/\/opinionpublica.com.ar\/index\/wp-content\/uploads\/2024\/06\/dpe-electrica-tierra-del-fuego.jpg\" alt=\"\" width=\"900\" height=\"600\" srcset=\"https:\/\/opinionpublica.com.ar\/index\/wp-content\/uploads\/2024\/06\/dpe-electrica-tierra-del-fuego.jpg 900w, https:\/\/opinionpublica.com.ar\/index\/wp-content\/uploads\/2024\/06\/dpe-electrica-tierra-del-fuego-300x200.jpg 300w, https:\/\/opinionpublica.com.ar\/index\/wp-content\/uploads\/2024\/06\/dpe-electrica-tierra-del-fuego-768x512.jpg 768w\" sizes=\"(max-width: 900px) 100vw, 900px\" \/><\/a><\/div>\n<div class=\"clear_both\"><\/div>\n<div class=\"contenido_individual_noticia\">\n<div class=\"contenedor_primera_letra_individual_noticia\">Como parte de los trabajos de modernizaci\u00f3n y normalizaci\u00f3n del Sistema de Control, Comunicaci\u00f3n y de Protecci\u00f3n del Centro de Distribuci\u00f3n Torelli (CD Torelli) y la Usina Ushuaia (CTU), se anunci\u00f3 que este domingo est\u00e1 previsto realizar un prolongado corte de suministro el\u00e9ctrico que afectar\u00e1 una importante cantidad de vecinos de Ushuaia.<br \/>\nEn esta etapa, se trabajar\u00e1 en la actualizaci\u00f3n de las instalaciones en las l\u00edneas de 33 Kv que interconectan el CD Torelli y el CD de Vialidad de Ushuaia por un lado y el CD Torelli y la CTU por otro, se prev\u00e9 el tercer ciclo de cortes programados este domingo 10 de noviembre, para trabajar en la franja horaria de 6 a 18h.<\/div>\n<p>La ministra de Obras y Servicios P\u00fablicos, Gabriela Castillo, explic\u00f3 que \u201chemos entrado a la etapa final en el trabajo de la reestructuraci\u00f3n y modernizaci\u00f3n del centro de distribuci\u00f3n Torelli. Hasta ahora hab\u00edamos estado trabajando en las redes de 13.200 volt y ahora trabajamos en la m\u00e1xima tensi\u00f3n en dos etapas en esta instancia final, que es lo que nos va a permitir renovar las protecciones entre la Usina y el Centro de Distribuci\u00f3n Torelli y entre \u00e9ste y el Centro de Distribuci\u00f3n Vialidad\u201d.<br \/>\n\u201cPara realizar estos trabajos vamos a necesitar programar dos per\u00edodos de corte, el primero este pr\u00f3ximo domingo 10 de noviembre. Los sectores afectados en el servicio ser\u00e1n en la zona oeste de la ciudad, desde el Centro de Distribuci\u00f3n Vialidad hasta el Parque Nacional\u201d, detall\u00f3.<br \/>\nLa funcionaria inform\u00f3 que \u201ca las 6 de la ma\u00f1ana se producir\u00e1 la interrupci\u00f3n total en esta zona y se pondr\u00e1n en l\u00ednea los generadores alquilados por el Gobierno de la Provincia para garantizar la cobertura del corredor sanitario como circuito prioritario. Los trabajos se realizar\u00e1n durante 12 horas, pero debido al funcionamiento de los generadores, un domicilio estar\u00e1 con un corte de entre 4 y 6 horas aproximadamente, ser\u00e1 en intervalos rotativos para no afectar la totalidad de la franja horaria. Hemos tenido en cuenta llevar adelante estas tareas un d\u00eda domingo en donde tenemos menor impacto en relaci\u00f3n con el comercio, la actividad productiva, los establecimientos escolares y de salud\u201d.<\/p>\n<p>Indic\u00f3 que mientras dure el corte del suministro se trabajar\u00e1 articuladamente con el Ministerio de Salud para monitorear permanentemente la situaci\u00f3n de pacientes electrodependientes de la ciudad, y en caso de ser necesario derivarlos a un centro de salud para su mejor control.<\/p>\n<p><strong>Los sectores y barrios que se ver\u00e1n afectados son:<\/strong><br \/>\nBuena Esperanza. Sector comprendido entre C\u00e1mpora-Magallanes- Pont\u00f3n Rio Negro-Alem. Sector comprendido sobre Marco Zar desde Stayakin hasta Pasaje del Indio.<br \/>\nSector comprendido sobre Hakuerum desde Provincia Grande y Stayakin hasta los Cauquenes. Onaisin. La Cumbre. Planta N\u00b02 de DPOSS. Edificio Hotel Drymis. Hotel Altos de Ushuaia. Hotel Las Hayas. Complejos de Caba\u00f1as. Hotel del Glacial. Club Andino. Glaciar Le Martial. Almirante Solier. Primer Argentino. Gaucho Rivero (entre 12 de Octubre- Provincia Grande-Kuanip-Damiana F. de Fique). Colombo (sobre calle 12 de Octubre). Edificio de Municipalidad de Ushuaia. 12 de Octubre. Andino. Federal Felipe Varela. Latinoamericano. Bella Vista.<\/p>\n<p>Alakalufes. Alakalufes II. Avenida Alem desde Hip\u00f3lito Yrigoyen hasta Buenos Aires-Kuanip -Neuqu\u00e9n. Almirante Brown. 5 de Octubre. Supermercado Carrefour. Cl\u00ednica San Jorge. Hospital. Edificio Marina Tower. Tolkar. Comodoro Laserre. Piedrabuena. Edificio Superior Tribunal de Justicia. Planta elevadora cloacal (12 de Octubre). Supermercado La An\u00f3nima (Onas y San Mart\u00edn).<\/p>\n<p>Sector Centro entre Guaran\u00ed- Deloqui- Sarmiento-Maip\u00fa. Pista de Pat\u00edn. Aeropuerto Aeronaval. La Misi\u00f3n. Gaucho Rivero (excluyendo el sector comprendido entre las calles 12 de Octubre- Provincia Grande-Kuanip-Fique). San Salvador. Centenario. El Bosquecito. El Libertador. Los Fueguinos. Kareken. CADIC. UNTDF. Planta Cloacal Bah\u00eda Golondrina. Aeropuerto de Ushuaia. Radar. Islas Malvinas. Casa del Sur. Club de Campo. Gimnasio Petrina. Nuevo edificio INFUETUR. Barrio R\u00edo Pipo (entre Hip\u00f3lito Yrigoyen y San Luis hasta Kuanip). Urbanizaci\u00f3n El Recodo. Urbanizaci\u00f3n Alto del Pipo. Hotel Tolkeyen. Planta Cloacal Rio Pipo. Hotel Los \u00d1ires. Urbanizaci\u00f3n Cauqu\u00e9n. Urbanizaci\u00f3n Alto del Cauqu\u00e9n. Urbanizaci\u00f3n Terraza I y Terraza II.<\/p>\n<p>Urbanizaci\u00f3n Ushuaia Chico. Urbanizaci\u00f3n Costa Susana. Urbanizaci\u00f3n IPV &#8211; Rio Pipo Etapa I y II. Urbanizaci\u00f3n Ribera del Pipo. Urbanizaci\u00f3n El Remanso. Prefectura.<br \/>\nSupermercado La An\u00f3nima. Club del Campo (entre de la Estancia, De las Cascadas y las Golondrinas). Urbanizaci\u00f3n 128 Viv.\u00a0 ATE. Urbanizaci\u00f3n Barranca del Pipo.<\/p>\n<p>Planta Elevadora Cloacal 128 Viv. ATE. Urbanizaci\u00f3n San Martin. Club Las \u00c1guilas.<br \/>\nUrbanizaci\u00f3n Paseo del Puente. Bomba Impulsora de Agua (DPOSS). Caba\u00f1as Monte Susana. Golf Club. Tren del fin del Mundo. Vivero Municipal. Sism\u00f3grafo Parque Nacional. Caba\u00f1a El Holand\u00e9s.<\/p>\n<\/div>\n<div class=\"tags_individual_noticia\">\n<div class=\"titulo_tags_individual_noticias\"><\/div>\n<\/div>\n","protected":false},"excerpt":{"rendered":"<p>Media ciudad de Ushuaia se quedar\u00e1 sin luz el domingo. Entre las 6.00 y las 18:00 del domingo<\/p>\n","protected":false},"author":8,"featured_media":3951,"comment_status":"open","ping_status":"open","sticky":false,"template":"","format":"standard","meta":{"footnotes":""},"categories":[21],"tags":[1084,998,6],"class_list":["post-7004","post","type-post","status-publish","format-standard","has-post-thumbnail","hentry","category-ushuaia","tag-corte-de-luz","tag-dpe","tag-ushuaia"],"featured_image_urls":{"full":["https:\/\/opinionpublica.com.ar\/index\/wp-content\/uploads\/2024\/06\/dpe-electrica-tierra-del-fuego.jpg",900,600,false],"thumbnail":["https:\/\/opinionpublica.com.ar\/index\/wp-content\/uploads\/2024\/06\/dpe-electrica-tierra-del-fuego-150x150.jpg",150,150,true],"medium":["https:\/\/opinionpublica.com.ar\/index\/wp-content\/uploads\/2024\/06\/dpe-electrica-tierra-del-fuego-300x200.jpg",300,200,true],"medium_large":["https:\/\/opinionpublica.com.ar\/index\/wp-content\/uploads\/2024\/06\/dpe-electrica-tierra-del-fuego-768x512.jpg",640,427,true],"large":["https:\/\/opinionpublica.com.ar\/index\/wp-content\/uploads\/2024\/06\/dpe-electrica-tierra-del-fuego.jpg",640,427,false],"1536x1536":["https:\/\/opinionpublica.com.ar\/index\/wp-content\/uploads\/2024\/06\/dpe-electrica-tierra-del-fuego.jpg",900,600,false],"2048x2048":["https:\/\/opinionpublica.com.ar\/index\/wp-content\/uploads\/2024\/06\/dpe-electrica-tierra-del-fuego.jpg",900,600,false],"morenews-large":["https:\/\/opinionpublica.com.ar\/index\/wp-content\/uploads\/2024\/06\/dpe-electrica-tierra-del-fuego-825x575.jpg",825,575,true],"morenews-medium":["https:\/\/opinionpublica.com.ar\/index\/wp-content\/uploads\/2024\/06\/dpe-electrica-tierra-del-fuego-590x410.jpg",590,410,true]},"author_info":{"display_name":"RKing","author_link":"https:\/\/opinionpublica.com.ar\/index\/author\/rking\/"},"category_info":"<a href=\"https:\/\/opinionpublica.com.ar\/index\/category\/ushuaia\/\" rel=\"category tag\">Ushuaia<\/a>","tag_info":"Ushuaia","comment_count":"0","_links":{"self":[{"href":"https:\/\/opinionpublica.com.ar\/index\/wp-json\/wp\/v2\/posts\/7004","targetHints":{"allow":["GET"]}}],"collection":[{"href":"https:\/\/opinionpublica.com.ar\/index\/wp-json\/wp\/v2\/posts"}],"about":[{"href":"https:\/\/opinionpublica.com.ar\/index\/wp-json\/wp\/v2\/types\/post"}],"author":[{"embeddable":true,"href":"https:\/\/opinionpublica.com.ar\/index\/wp-json\/wp\/v2\/users\/8"}],"replies":[{"embeddable":true,"href":"https:\/\/opinionpublica.com.ar\/index\/wp-json\/wp\/v2\/comments?post=7004"}],"version-history":[{"count":2,"href":"https:\/\/opinionpublica.com.ar\/index\/wp-json\/wp\/v2\/posts\/7004\/revisions"}],"predecessor-version":[{"id":7006,"href":"https:\/\/opinionpublica.com.ar\/index\/wp-json\/wp\/v2\/posts\/7004\/revisions\/7006"}],"wp:featuredmedia":[{"embeddable":true,"href":"https:\/\/opinionpublica.com.ar\/index\/wp-json\/wp\/v2\/media\/3951"}],"wp:attachment":[{"href":"https:\/\/opinionpublica.com.ar\/index\/wp-json\/wp\/v2\/media?parent=7004"}],"wp:term":[{"taxonomy":"category","embeddable":true,"href":"https:\/\/opinionpublica.com.ar\/index\/wp-json\/wp\/v2\/categories?post=7004"},{"taxonomy":"post_tag","embeddable":true,"href":"https:\/\/opinionpublica.com.ar\/index\/wp-json\/wp\/v2\/tags?post=7004"}],"curies":[{"name":"wp","href":"https:\/\/api.w.org\/{rel}","templated":true}]}}