{"id":7007,"date":"2024-11-11T09:26:45","date_gmt":"2024-11-11T12:26:45","guid":{"rendered":"https:\/\/opinionpublica.com.ar\/index\/?p=7007"},"modified":"2024-11-11T09:26:45","modified_gmt":"2024-11-11T12:26:45","slug":"expectativa-por-la-inflacion-caputo-se-prepara-para-celebrar-el-nivel-mas-bajo-en-3-anos","status":"publish","type":"post","link":"https:\/\/opinionpublica.com.ar\/index\/expectativa-por-la-inflacion-caputo-se-prepara-para-celebrar-el-nivel-mas-bajo-en-3-anos\/","title":{"rendered":"Expectativa por la inflaci\u00f3n: Caputo se prepara para celebrar el nivel m\u00e1s bajo en 3 a\u00f1os"},"content":{"rendered":"<header class=\"article-top\">\n<p class=\"title full padding-lr fsize-xl\">Expectativa por la inflaci\u00f3n: Caputo se prepara para celebrar el nivel m\u00e1s bajo en 3 a\u00f1os.<\/p>\n<div class=\"epigraph full padding-lr\">Una condici\u00f3n del Gobierno para levantar el cepo es que el IPC siga en ca\u00edda. Expertos analizan si habr\u00e1 sido posible en octubre o tendr\u00e1n que esperar.<label aria-hidden=\"true\"><\/label><\/div>\n<div><\/div>\n<\/header>\n<div class=\"block-container\">\n<aside class=\"banner-horizontal\">\n<div id=\"ad-slot-horizontal1\" class=\"ad-slot-horizontal ad-slot\" data-adtype=\"horizontal\" data-google-query-id=\"CMf2xPah1IkDFSlM3QIdoyERKQ\">\n<div id=\"google_ads_iframe_\/22138317629\/iprofesional_nota\/horizontal1_0__container__\"><a href=\"https:\/\/opinionpublica.com.ar\/index\/wp-content\/uploads\/2024\/03\/toto-caputo.webp\"><img fetchpriority=\"high\" decoding=\"async\" class=\"alignnone size-full wp-image-1094\" src=\"https:\/\/opinionpublica.com.ar\/index\/wp-content\/uploads\/2024\/03\/toto-caputo.webp\" alt=\"\" width=\"1200\" height=\"674\" srcset=\"https:\/\/opinionpublica.com.ar\/index\/wp-content\/uploads\/2024\/03\/toto-caputo.webp 1200w, https:\/\/opinionpublica.com.ar\/index\/wp-content\/uploads\/2024\/03\/toto-caputo-300x169.webp 300w, https:\/\/opinionpublica.com.ar\/index\/wp-content\/uploads\/2024\/03\/toto-caputo-1024x575.webp 1024w, https:\/\/opinionpublica.com.ar\/index\/wp-content\/uploads\/2024\/03\/toto-caputo-768x431.webp 768w\" sizes=\"(max-width: 1200px) 100vw, 1200px\" \/><\/a><\/div>\n<\/div>\n<\/aside>\n<\/div>\n<div class=\"article-content full padding-lr\">\n<p>Tras la\u00a0inflaci\u00f3n de septiembre de 3,5%, el \u00edndice de Precios al Consumidor (IPC) se desaceler\u00f3 y<strong>\u00a0perfor\u00f3 la barrera de 3%<\/strong>\u00a0por primera vez desde noviembre 2021, seg\u00fan las estimaciones de algunas consultoras privadas.<\/p>\n<p>Los relevamientos privados arrojaron que el costo de vida en octubre se ubic\u00f3 en\u00a0<strong>un rango de entre 2,6% y 3,3%<\/strong>. Y las primeras proyecciones para noviembre prev\u00e9n una cifra similar o tal vez con una leve aceleraci\u00f3n.<\/p>\n<p>El sondeo de<strong>\u00a0Eco Go<\/strong>\u00a0mostr\u00f3 una inflaci\u00f3n en octubre de\u00a0<strong>2,8%<\/strong>, ese mismo guarismo arroj\u00f3 la medici\u00f3n de<strong>\u00a0C&amp;T Asesores Econ\u00f3micos\u00a0<\/strong>-que releva en el Gran Buenos Aires-, en tanto el relevamiento de<strong>\u00a0Lambda Consultores<\/strong>\u00a0reflej\u00f3\u00a0<strong>2,9%<\/strong>, mientras que en la Fundaci\u00f3n Libertad y Progreso (LyP) y el\u00a0<strong>Centro de Estudios Orlando Ferreres<\/strong>\u00a0proyectaron alrededor de<strong>\u00a02,7%.<\/strong><\/p>\n<div id=\"ad-slot-inread_1\" class=\"ad-slot-inread ad-slot\" data-adtype=\"inread\" data-google-query-id=\"COnCjP2h1IkDFcJU3QIdCeQzhw\">\n<div id=\"google_ads_iframe_\/22138317629\/iprofesional_nota\/inread_1_0__container__\"><\/div>\n<\/div>\n<p>En tanto,\u00a0otras mediciones reflejan una inflaci\u00f3n en octubre todav\u00eda arriba del 3%. Es el caso de la consultora EconViews<strong>\u00a0<\/strong>que proyect\u00f3 3,3%,<strong>\u00a0Analytica\u00a0<\/strong>con un 3,2% y Equilibra 3,1%<\/p>\n<h2>Factores que influyeron en la inflaci\u00f3n de octubre, seg\u00fan consultoras<\/h2>\n<p>&nbsp;<\/p>\n<p>De acuerdo al sondeo de<strong>\u00a0Eco Go<\/strong>, la inflaci\u00f3n n\u00facleo -que excluye los rubros regulados y estacionales- se ubic\u00f3 en 2,1% mensual, marcando una desaceleraci\u00f3n de 1,5 puntos porcentuales respecto septiembre.<\/p>\n<p>El relevamiento evidenci\u00f3 que \u00ab<strong>los precios regulados registraron un incremento del 2,4%<\/strong>, impulsados por las subas en prepagas, el boleto de colectivo en la ciudad de Rosario, colegios privados, agua y electricidad, entre otros, mientras que la baja en el precio de los combustibles y el gas, contribuy\u00f3 a moderar la suba\u00bb.<\/p>\n<p>A su vez, precis\u00f3 que\u00a0<strong>\u00ablos precios estacionales contribuyeron a acelerar el indicador, con un incremento del 6,4%<\/strong>\u00a0en el mes, impulsado por aumentos en frutas y verduras, y en turismo\u00bb.<\/p>\n<div id=\"ad-slot-inread_2\" class=\"ad-slot-inread2 ad-slot\" data-adtype=\"inread2\" data-google-query-id=\"CJKq8rKh1IkDFddKuAQd4FcWsQ\">\n<div id=\"google_ads_iframe_\/22138317629\/iprofesional_nota\/inread_2_0__container__\"><\/div>\n<\/div>\n<p>Seg\u00fan el sondeo, el sector\u00a0Salud lider\u00f3 los incrementos en octubre, con un alza de 3,6%\u00a0impulsada por los aumentos de las prepagas, que se ubicaron entre 4.1 y 5,8%.<\/p>\n<p><a href=\"https:\/\/opinionpublica.com.ar\/index\/wp-content\/uploads\/2024\/04\/precio-bajo.jpg\"><img decoding=\"async\" class=\"alignnone size-full wp-image-2236\" src=\"https:\/\/opinionpublica.com.ar\/index\/wp-content\/uploads\/2024\/04\/precio-bajo.jpg\" alt=\"\" width=\"987\" height=\"555\" srcset=\"https:\/\/opinionpublica.com.ar\/index\/wp-content\/uploads\/2024\/04\/precio-bajo.jpg 987w, https:\/\/opinionpublica.com.ar\/index\/wp-content\/uploads\/2024\/04\/precio-bajo-300x169.jpg 300w, https:\/\/opinionpublica.com.ar\/index\/wp-content\/uploads\/2024\/04\/precio-bajo-768x432.jpg 768w\" sizes=\"(max-width: 987px) 100vw, 987px\" \/><\/a><\/p>\n<p>Detr\u00e1s se ubicaron el rubro Indumentaria, con una suba de 3%, y\u00a0Esparcimiento, con un repunte de 3%\u00a0impulsado por el turismo (5,2%) por el feriado de D\u00eda del Respeto a la Diversidad y los juguetes y art\u00edculos para deportes (5,6%).<\/p>\n<p>La consultora destac\u00f3 que \u00abla inflaci\u00f3n parece haber roto con la barrera del 3% un poco antes de lo esperado, y en octubre se ubicar\u00eda, seg\u00fan nuestras estimaciones, en 2,8%\u00bb. Y explic\u00f3 que\u00a0\u00abvarios factores jugaron a favor contribuyendo a moderar las subas\u00bb.<\/p>\n<p>\u00abEn primer lugar, el comportamiento de los regulados fue clave para contener el indicador en octubre. La<strong>\u00a0ca\u00edda en el precio del BRENT\u00a0<\/strong>impuls\u00f3 una\u00a0baja en los combustibles,\u00a0que deriv\u00f3 en una ca\u00edda en el precio al surtidor del 1%. En paralelo, l<strong>a ca\u00edda en la demanda de gas por cuestiones estacionales<\/strong>\u00a0impuls\u00f3 tambi\u00e9n una baja en las tarifas en torno al 4,5%, contribuyendo tambi\u00e9n a moderar el indicador\u00bb, se\u00f1al\u00f3.<\/p>\n<div id=\"ad-slot-inread_3\" class=\"ad-slot-inread ad-slot\" data-adtype=\"inread\" data-google-query-id=\"CJOq8rKh1IkDFddKuAQd4FcWsQ\">\n<div id=\"google_ads_iframe_\/22138317629\/iprofesional_nota\/inread_3_0__container__\"><\/div>\n<\/div>\n<p>En segundo lugar, la consultora sostuvo que \u00absi bien hace varios meses se registra un cierto rebote en los salarios y la actividad, el\u00a0<strong>proceso de recuperaci\u00f3n es lento,<\/strong>\u00a0muy lejos de la recuperaci\u00f3n en V, W, etc. de la que se hablaba al principio en el Gobierno-, con dichos indicadores ubic\u00e1ndose a\u00fan muy por debajo de lo registrado durante 2023&#8243;.<\/p>\n<p>Asimismo, en\u00a0<strong>C&amp;T\u00a0<\/strong>se\u00f1alaron que\u00a0\u00abla baja de la inflaci\u00f3n mensual estuvo concentrada en los bienes y en los servicios p\u00fablicos: en los primeros, la suba mensual fue de\u00a0 2,8%, acerc\u00e1ndose a la referencia que constituye el ritmo del tipo de cambio oficial; la baja del\u00a0Impuesto PAIS\u00a0puede haber jugado un rol en esa convergencia. Los servicios p\u00fablicos reflejaron una pol\u00edtica oficial m\u00e1s moderada en materia de ajustes\u00bb.<\/p>\n<h2>Inflaci\u00f3n de octubre: \u00bfqu\u00e9 pas\u00f3 con los precios de los alimentos?<\/h2>\n<p>&nbsp;<\/p>\n<p>Seg\u00fan la medici\u00f3n de<strong>\u00a0Eco Go,<\/strong>\u00a0el sector Alimentos y Bebidas se ubic\u00f3 por encima de la inflaci\u00f3n general y verific\u00f3 un alza de\u00a0<strong>3,1%<\/strong>; 0,3 puntos porcentuales por debajo de lo registrado en el mes anterior.<\/p>\n<div id=\"ad-slot-inread_4\" class=\"ad-slot-inread ad-slot\" data-adtype=\"inread\" data-google-query-id=\"CJSq8rKh1IkDFddKuAQd4FcWsQ\">\n<div id=\"google_ads_iframe_\/22138317629\/iprofesional_nota\/inread_4_0__container__\"><a href=\"https:\/\/opinionpublica.com.ar\/index\/wp-content\/uploads\/2024\/03\/precios-bajos.jpg\"><img decoding=\"async\" class=\"alignnone  wp-image-1164\" src=\"https:\/\/opinionpublica.com.ar\/index\/wp-content\/uploads\/2024\/03\/precios-bajos.jpg\" alt=\"\" width=\"613\" height=\"408\" \/><\/a><\/div>\n<\/div>\n<p>\u00abLa din\u00e1mica de alimentos jug\u00f3 en contra en el mes, y si bien la mayor\u00eda de los rubros se mantuvo a raya, las frutas y verduras mostraron un comportamiento algo m\u00e1s vol\u00e1til, t\u00edpico de esta \u00e9poca del a\u00f1o\u00bb, se\u00f1al\u00f3 la consultora. Y precis\u00f3 que \u00ablas frutas y verduras registraron aumentos del 11% y 4,4% respectivamente\u00bb.<\/p>\n<p>Asimismo, indic\u00f3 que\u00a0<strong>el precio el valor de la carne tuvo un alza 1,8%<\/strong>. Al respecto, diferenci\u00f3 que \u00absi bien el pollo mostr\u00f3 cierta recuperaci\u00f3n (+7,4%), en el caso de la carne vacuna pr\u00e1cticamente no hubo variaciones (+0,5)\u00bb.<\/p>\n<p>En cambio,\u00a0<strong>Camilo Tiscornia,<\/strong>\u00a0director de C&amp;T, indic\u00f3 que el relevamiento de la consultora arroj\u00f3 que el rubro Alimentos y Bebidas evidenci\u00f3 una suba de<strong>\u00a02,6%<\/strong>, por debajo de la inflaci\u00f3n general que les dio en el mes 2,9%.<\/p>\n<p>Por su parte, la medici\u00f3n de<strong>\u00a0Analytica<\/strong>\u00a0reflej\u00f3 que los precios de alimentos y bebidas en la cuarta semana del mes tuvieron una variaci\u00f3n de 0,7%, y de esta forma, el promedio de cuatro semanas es de<strong>\u00a02,4%<\/strong>.<\/p>\n<div id=\"ad-slot-inread_5\" class=\"ad-slot-inread ad-slot\" data-adtype=\"inread\" data-google-query-id=\"CJWq8rKh1IkDFddKuAQd4FcWsQ\">\n<div id=\"google_ads_iframe_\/22138317629\/iprofesional_nota\/inread_5_0__container__\"><\/div>\n<\/div>\n<p>La consultora detall\u00f3 que las categor\u00edas con mayor aumento en el promedio de las \u00faltimas cuatro semanas son:aceites, grasas y mantecas (+4%), caf\u00e9, t\u00e9, yerba y cacao (+3,8%) y aguas minerales y gaseosas (+3,7%). Por otro lado, indic\u00f3 que se registraron bajas en los precios de pescados y mariscos (-1,7%).<\/p>\n<p>A su vez, el \u00edndice de alimentos y bebidas medido por la consultora\u00a0<strong>LCG\u00a0<\/strong>mostr\u00f3 que la suba mensual se ubic\u00f3 en 2,3% en tanto que en la medici\u00f3n punta a punta se ubic\u00f3 en 3,3% de las \u00faltimas cuatro semanas<\/p>\n<h2>Inflaci\u00f3n: la perspectiva de las consultoras para los pr\u00f3ximos meses y la apuesta de Luis Caputo<\/h2>\n<p>&nbsp;<\/p>\n<p>El presidente\u00a0Javier Milei asegur\u00f3 d\u00edas atr\u00e1s \u00abla inflaci\u00f3n seguir\u00e1 bajando\u00bb\u00a0y reiter\u00f3 su lectura de que ya est\u00e1 en niveles \u00abpropios\u00bb del 1% mensual y del 13% anual, porque a la tasa de setiembre del 3,5%, le resta un 2,5% entre inflaci\u00f3n inducida\u00bb por ajuste del d\u00f3lar oficial al 2% mensual m\u00e1s la inflaci\u00f3n internacional.<\/p>\n<p>&nbsp;<\/p>\n<p>Una de las condiciones para\u00a0<strong>levantar el cepo que esperar Luis Caputo es que la inflaci\u00f3n baje al 2,5%<\/strong>, pero los economistas\u00a0<strong>no vislumbran que eso vaya a ocurrir\u00a0<\/strong>en lo que resta del a\u00f1o.<\/p>\n<p>Por lo pronto, las primeras estimaciones de las consultoras proyectan\u00a0<strong>para noviembre una inflaci\u00f3n similar a la de octubre<\/strong>, incluso algunos levemente por arriba.\u00a0Ya hay aumentos anunciados en prepagas, entre 3,9% y 6,9%; tarifas de agua, alrededor de 4%; taxis en la ciudad de Buenos Aires, un 50%; combustibles en torno a 4%.<\/p>\n<p>Para empleadas dom\u00e9sticas, se negoci\u00f3 una actualizaci\u00f3n en la paritaria\u00a0con una mejora apenas superior al 6 por ciento, luego de dos meses sin variaciones. Tambi\u00e9n se dieron a conocer nuevas actualizaciones en tarifas como la luz, que se incrementar\u00e1 2,5% y el gas, que lo har\u00e1 en 2,7%, y se informar\u00e1 estos d\u00edas la suba correspondiente a colegios privados, telecomunicaciones y transporte.<\/p>\n<p>En ese marco,\u00a0<strong>Roc\u00edo Bisang<\/strong>, analista de la consultora, coment\u00f3 que \u00abpor ahora estamos proyectando una inflaci\u00f3n del 3,2% para noviembre, aunque todav\u00eda es muy preliminar\u00bb. Y acot\u00f3 que \u00abno nos sorprender\u00eda ver una leve aceleraci\u00f3n principalmente por la estacionalidad propia del consumo de fin de a\u00f1o\u00bb.<\/p>\n<p>En cuanto al objetivo oficial de llegar a una inflaci\u00f3n de 2,5%, Bisang dijo que \u00abcreemos que\u00a0<strong>a principios del a\u00f1o pr\u00f3ximo ya podr\u00edamos estar acerc\u00e1ndonos a ese n\u00famero<\/strong>, aunque no vemos probable una apertura del cepo en el corto plazo\u00bb.<\/p>\n<p>Por su parte,<strong>\u00a0Leila Garc\u00eda Kerman<\/strong>, analista de EconViews, indic\u00f3 que \u00abpara octubre tenemos una inflaci\u00f3n del 3,3%, y para noviembre esperamos la misma cifra\u00bb. En cuanto a las perspectivas para adelante, Kerman sostuvo que\u00a0\u00ab<strong>el piso para los pr\u00f3ximos meses es de 3%<\/strong>, no creemos que llegue al 2,5% por ahora\u00bb.<\/p>\n<p>En sinton\u00eda,<strong>\u00a0Christian Naud<\/strong>, analista de ACM, manifest\u00f3 que\u00a0\u00abpara noviembre, esperamos una inflaci\u00f3n entre el 3% y el 3,4%, con una tendencia similar a la de octubre\u00bb y aleg\u00f3 que \u00ablos\u00a0<strong>ajustes en tarifas de servicios p\u00fablicos, combustibles y prepagas<\/strong>, lo que mantendr\u00eda la presi\u00f3n en el IPC\u00bb.<\/p>\n<p>\u00abEstimamos que el piso de inflaci\u00f3n para los pr\u00f3ximos meses se encuentre en torno al 3%\u00a0y es probable que haya un ligero repunte en diciembre debido a factores estacionales, por las fiestas y el cambio de temporada\u00bb, plante\u00f3.<\/p>\n<p>Asimismo,\u00a0<strong>Tiscornia\u00a0<\/strong>cont\u00f3 que \u00abtodav\u00eda estamos trabajando en la proyecci\u00f3n de inflaci\u00f3n de noviembre, pero en principio puede ser bastante tranquilo, m\u00e1s all\u00e1 de que hay un\u00a0aumento en la nafta\u00bb. Seg\u00fan vaticin\u00f3, \u00abse podr\u00eda mantener por debajo del 3%\u00bb.<\/p>\n<p>No obstante, el economista advirti\u00f3 que\u00a0<strong>la inflaci\u00f3n en el verano podr\u00eda volver a superar esa barrera del 3%.<\/strong><\/p>\n<p>\u00abDos grandes desaf\u00edos van a ser diciembre, que es un mes que por factores estacionales sube un poco, y sobre todo enero, porque habitualmente la cifra inflacionaria repunta impulsada por el turismo\u00bb,\u00a0explic\u00f3.<\/p>\n<p>En ese marco, Tiscornia esgrimi\u00f3 que \u00abah\u00ed lo que va a ser importante es que hay que distinguir entre la inflaci\u00f3n general y la n\u00facleo\u00bb.<\/p>\n<p>\u00abLa inflaci\u00f3n total es la que est\u00e1 movida por estas cuestiones estacionales y por el tema de los regulados. En tanto, la n\u00facleo en octubre a nosotros nos da cerca de 3,5%,lo que refleja que baja m\u00e1s lentamente\u00bb, asegur\u00f3.<\/p>\n<p>En ese sentido, el economista remarc\u00f3 que\u00a0cuando Milei menciona el objetivo de llegar a 2,5% como uno de los requisitos para levantar el cepo, \u00abes confuso si se refiere a la n\u00facleo o a la general\u00bb.<\/p>\n<p>\u00abEn alg\u00fan momento hablaba de la inflaci\u00f3n n\u00facleo, despu\u00e9s dej\u00f3 de hablar de esa. Ahora da la sensaci\u00f3n que alude a la inflaci\u00f3n total. La inflaci\u00f3n total quiz\u00e1s en noviembre podr\u00eda dar acercarse a 2,5%, pero diciembre y enero no lo veo por un tema estacional. Creo que esa cifra reci\u00e9n podr\u00eda alcanzarse reci\u00e9n el a\u00f1o que viene, tal vez en el primer trimestre\u00bb, augur\u00f3.<\/p>\n<p>&nbsp;<\/p>\n<\/div>\n","protected":false},"excerpt":{"rendered":"<p>Expectativa por la inflaci\u00f3n: Caputo se prepara para celebrar el nivel m\u00e1s bajo en 3 a\u00f1os. Una condici\u00f3n<\/p>\n","protected":false},"author":8,"featured_media":4263,"comment_status":"open","ping_status":"open","sticky":false,"template":"","format":"standard","meta":{"footnotes":""},"categories":[3],"tags":[362,797,1801],"class_list":["post-7007","post","type-post","status-publish","format-standard","has-post-thumbnail","hentry","category-nacionales","tag-inflacion","tag-luis-caputo","tag-precio"],"featured_image_urls":{"full":["https:\/\/opinionpublica.com.ar\/index\/wp-content\/uploads\/2024\/07\/luis-caputo-corrupto-02.jpg",1200,648,false],"thumbnail":["https:\/\/opinionpublica.com.ar\/index\/wp-content\/uploads\/2024\/07\/luis-caputo-corrupto-02-150x150.jpg",150,150,true],"medium":["https:\/\/opinionpublica.com.ar\/index\/wp-content\/uploads\/2024\/07\/luis-caputo-corrupto-02-300x162.jpg",300,162,true],"medium_large":["https:\/\/opinionpublica.com.ar\/index\/wp-content\/uploads\/2024\/07\/luis-caputo-corrupto-02-768x415.jpg",640,346,true],"large":["https:\/\/opinionpublica.com.ar\/index\/wp-content\/uploads\/2024\/07\/luis-caputo-corrupto-02-1024x553.jpg",640,346,true],"1536x1536":["https:\/\/opinionpublica.com.ar\/index\/wp-content\/uploads\/2024\/07\/luis-caputo-corrupto-02.jpg",1200,648,false],"2048x2048":["https:\/\/opinionpublica.com.ar\/index\/wp-content\/uploads\/2024\/07\/luis-caputo-corrupto-02.jpg",1200,648,false],"morenews-large":["https:\/\/opinionpublica.com.ar\/index\/wp-content\/uploads\/2024\/07\/luis-caputo-corrupto-02-825x575.jpg",825,575,true],"morenews-medium":["https:\/\/opinionpublica.com.ar\/index\/wp-content\/uploads\/2024\/07\/luis-caputo-corrupto-02-590x410.jpg",590,410,true]},"author_info":{"display_name":"RKing","author_link":"https:\/\/opinionpublica.com.ar\/index\/author\/rking\/"},"category_info":"<a href=\"https:\/\/opinionpublica.com.ar\/index\/category\/nacionales\/\" rel=\"category tag\">Nacionales<\/a>","tag_info":"Nacionales","comment_count":"0","_links":{"self":[{"href":"https:\/\/opinionpublica.com.ar\/index\/wp-json\/wp\/v2\/posts\/7007","targetHints":{"allow":["GET"]}}],"collection":[{"href":"https:\/\/opinionpublica.com.ar\/index\/wp-json\/wp\/v2\/posts"}],"about":[{"href":"https:\/\/opinionpublica.com.ar\/index\/wp-json\/wp\/v2\/types\/post"}],"author":[{"embeddable":true,"href":"https:\/\/opinionpublica.com.ar\/index\/wp-json\/wp\/v2\/users\/8"}],"replies":[{"embeddable":true,"href":"https:\/\/opinionpublica.com.ar\/index\/wp-json\/wp\/v2\/comments?post=7007"}],"version-history":[{"count":1,"href":"https:\/\/opinionpublica.com.ar\/index\/wp-json\/wp\/v2\/posts\/7007\/revisions"}],"predecessor-version":[{"id":7008,"href":"https:\/\/opinionpublica.com.ar\/index\/wp-json\/wp\/v2\/posts\/7007\/revisions\/7008"}],"wp:featuredmedia":[{"embeddable":true,"href":"https:\/\/opinionpublica.com.ar\/index\/wp-json\/wp\/v2\/media\/4263"}],"wp:attachment":[{"href":"https:\/\/opinionpublica.com.ar\/index\/wp-json\/wp\/v2\/media?parent=7007"}],"wp:term":[{"taxonomy":"category","embeddable":true,"href":"https:\/\/opinionpublica.com.ar\/index\/wp-json\/wp\/v2\/categories?post=7007"},{"taxonomy":"post_tag","embeddable":true,"href":"https:\/\/opinionpublica.com.ar\/index\/wp-json\/wp\/v2\/tags?post=7007"}],"curies":[{"name":"wp","href":"https:\/\/api.w.org\/{rel}","templated":true}]}}