{"id":7009,"date":"2024-11-11T09:43:14","date_gmt":"2024-11-11T12:43:14","guid":{"rendered":"https:\/\/opinionpublica.com.ar\/index\/?p=7009"},"modified":"2024-11-11T09:43:14","modified_gmt":"2024-11-11T12:43:14","slug":"giorgia-meloni-confirmo-la-visita-a-la-argentina-y-la-reunion-con-javier-milei","status":"publish","type":"post","link":"https:\/\/opinionpublica.com.ar\/index\/giorgia-meloni-confirmo-la-visita-a-la-argentina-y-la-reunion-con-javier-milei\/","title":{"rendered":"Giorgia Meloni confirm\u00f3 la visita a la Argentina y la reuni\u00f3n con Javier Milei"},"content":{"rendered":"<p>Giorgia Meloni confirm\u00f3 la visita a la Argentina y la reuni\u00f3n con Javier Milei luego del encuentro del G20.<br \/>\nEl encuentro entre los mandatarios se dar\u00eda a finales de este mes, luego de la celebraci\u00f3n de la Cumbre en el pa\u00eds vecino.<\/p>\n<p><a href=\"https:\/\/opinionpublica.com.ar\/index\/wp-content\/uploads\/2024\/11\/f850x638-1549496_1626985_3835-meloni-milei.webp\"><img fetchpriority=\"high\" decoding=\"async\" class=\"alignnone size-full wp-image-7011\" src=\"https:\/\/opinionpublica.com.ar\/index\/wp-content\/uploads\/2024\/11\/f850x638-1549496_1626985_3835-meloni-milei.webp\" alt=\"\" width=\"850\" height=\"638\" srcset=\"https:\/\/opinionpublica.com.ar\/index\/wp-content\/uploads\/2024\/11\/f850x638-1549496_1626985_3835-meloni-milei.webp 850w, https:\/\/opinionpublica.com.ar\/index\/wp-content\/uploads\/2024\/11\/f850x638-1549496_1626985_3835-meloni-milei-300x225.webp 300w, https:\/\/opinionpublica.com.ar\/index\/wp-content\/uploads\/2024\/11\/f850x638-1549496_1626985_3835-meloni-milei-768x576.webp 768w\" sizes=\"(max-width: 850px) 100vw, 850px\" \/><\/a><\/p>\n<p>La primera ministra de Italia, Giorgia Meloni, confirm\u00f3 que visitar\u00e1 la Argentina el pr\u00f3ximo 20 de noviembre, luego de su participaci\u00f3n en la cumbre del G20 en Brasil. En su agenda figura un encuentro con el presidente argentino, Javier Milei, con quien ya se ha reunido en dos ocasiones este a\u00f1o.<\/p>\n<p>El anuncio se dio a conocer tras la publicaci\u00f3n de la agenda oficial de Meloni, en la que se destaca su participaci\u00f3n en el G20, previsto para el 18 y 19 de noviembre. Este evento estar\u00e1 marcado por las discusiones sobre la continuidad de los conflictos b\u00e9licos internacionales.<\/p>\n<p>Tras el G20, Meloni tiene programado volar a Buenos Aires para mantener una reuni\u00f3n con Milei. Fuentes del Gobierno argentino mantienen expectativas de que la visita de la premier italiana pueda derivar en anuncios de inversiones para el pa\u00eds. Este encuentro ser\u00eda el tercero entre ambos mandatarios en lo que va del a\u00f1o, lo que demuestra un fortalecimiento de las relaciones bilaterales.<\/p>\n<p>El primer encuentro de Meloni y Milei ocurri\u00f3 en febrero, durante una visita del presidente argentino a Roma, donde discutieron estrategias para reforzar la cooperaci\u00f3n bilateral y desarrollar una agenda de trabajo conjunta. Posteriormente, volvieron a coincidir en junio, en la ciudad italiana de Bari, durante la cumbre del G7. La interacci\u00f3n fue c\u00e1lida y distendida, con un breve intercambio de palabras en privado que dej\u00f3 en evidencia la buena relaci\u00f3n entre ambos l\u00edderes.<\/p>\n<p>Cu\u00e1l es el estado de las relaciones diplom\u00e1ticas con Italia<br \/>\nA inicios de noviembre, Milei tambi\u00e9n recibi\u00f3 al ministro de Asuntos Exteriores de Italia, Antonio Tajani, en la Casa Rosada, reforzando los lazos entre el Gobierno argentino y la administraci\u00f3n de Meloni. Esta visita fue interpretada como un respaldo adicional al v\u00ednculo entre ambos pa\u00edses.<\/p>\n<p>La cumbre servir\u00e1 tambi\u00e9n como escenario para la tan esperada reuni\u00f3n entre el presidente y su par brasile\u00f1o, Luiz In\u00e1cio Lula da Silva, tras varias postergaciones.<\/p>\n<p>El presidente de Brasil espera aprovechar la cumbre para avanzar en la firma del demorado acuerdo entre la Uni\u00f3n Europea y el Mercosur. Seg\u00fan el embajador argentino en Brasil, Daniel Raimondi, el tratado est\u00e1 \u00abmuy avanzado\u00bb. Aunque no se descarta que la firma final se produzca en diciembre, durante la cumbre del Mercosur en Montevideo.<\/p>\n<p>&nbsp;<\/p>\n","protected":false},"excerpt":{"rendered":"<p>Giorgia Meloni confirm\u00f3 la visita a la Argentina y la reuni\u00f3n con Javier Milei luego del encuentro del<\/p>\n","protected":false},"author":8,"featured_media":7010,"comment_status":"open","ping_status":"open","sticky":false,"template":"","format":"standard","meta":{"footnotes":""},"categories":[3,27],"tags":[56,782,2684,2685,2686,692,2687],"class_list":["post-7009","post","type-post","status-publish","format-standard","has-post-thumbnail","hentry","category-nacionales","category-politica","tag-argentina","tag-brasil","tag-g20","tag-giorgia-meloni","tag-italia","tag-javier-milei","tag-superdestacada-politica"],"featured_image_urls":{"full":["https:\/\/opinionpublica.com.ar\/index\/wp-content\/uploads\/2024\/11\/dba5fa6e-761c-45be-ad00-92a7c3476eba_16-9-discover-aspect-ratio_default_0-milei-meloni.jpg",1200,675,false],"thumbnail":["https:\/\/opinionpublica.com.ar\/index\/wp-content\/uploads\/2024\/11\/dba5fa6e-761c-45be-ad00-92a7c3476eba_16-9-discover-aspect-ratio_default_0-milei-meloni-150x150.jpg",150,150,true],"medium":["https:\/\/opinionpublica.com.ar\/index\/wp-content\/uploads\/2024\/11\/dba5fa6e-761c-45be-ad00-92a7c3476eba_16-9-discover-aspect-ratio_default_0-milei-meloni-300x169.jpg",300,169,true],"medium_large":["https:\/\/opinionpublica.com.ar\/index\/wp-content\/uploads\/2024\/11\/dba5fa6e-761c-45be-ad00-92a7c3476eba_16-9-discover-aspect-ratio_default_0-milei-meloni-768x432.jpg",640,360,true],"large":["https:\/\/opinionpublica.com.ar\/index\/wp-content\/uploads\/2024\/11\/dba5fa6e-761c-45be-ad00-92a7c3476eba_16-9-discover-aspect-ratio_default_0-milei-meloni-1024x576.jpg",640,360,true],"1536x1536":["https:\/\/opinionpublica.com.ar\/index\/wp-content\/uploads\/2024\/11\/dba5fa6e-761c-45be-ad00-92a7c3476eba_16-9-discover-aspect-ratio_default_0-milei-meloni.jpg",1200,675,false],"2048x2048":["https:\/\/opinionpublica.com.ar\/index\/wp-content\/uploads\/2024\/11\/dba5fa6e-761c-45be-ad00-92a7c3476eba_16-9-discover-aspect-ratio_default_0-milei-meloni.jpg",1200,675,false],"morenews-large":["https:\/\/opinionpublica.com.ar\/index\/wp-content\/uploads\/2024\/11\/dba5fa6e-761c-45be-ad00-92a7c3476eba_16-9-discover-aspect-ratio_default_0-milei-meloni-825x575.jpg",825,575,true],"morenews-medium":["https:\/\/opinionpublica.com.ar\/index\/wp-content\/uploads\/2024\/11\/dba5fa6e-761c-45be-ad00-92a7c3476eba_16-9-discover-aspect-ratio_default_0-milei-meloni-590x410.jpg",590,410,true]},"author_info":{"display_name":"RKing","author_link":"https:\/\/opinionpublica.com.ar\/index\/author\/rking\/"},"category_info":"<a href=\"https:\/\/opinionpublica.com.ar\/index\/category\/nacionales\/\" rel=\"category tag\">Nacionales<\/a> <a href=\"https:\/\/opinionpublica.com.ar\/index\/category\/politica\/\" rel=\"category tag\">Politica<\/a>","tag_info":"Politica","comment_count":"0","_links":{"self":[{"href":"https:\/\/opinionpublica.com.ar\/index\/wp-json\/wp\/v2\/posts\/7009","targetHints":{"allow":["GET"]}}],"collection":[{"href":"https:\/\/opinionpublica.com.ar\/index\/wp-json\/wp\/v2\/posts"}],"about":[{"href":"https:\/\/opinionpublica.com.ar\/index\/wp-json\/wp\/v2\/types\/post"}],"author":[{"embeddable":true,"href":"https:\/\/opinionpublica.com.ar\/index\/wp-json\/wp\/v2\/users\/8"}],"replies":[{"embeddable":true,"href":"https:\/\/opinionpublica.com.ar\/index\/wp-json\/wp\/v2\/comments?post=7009"}],"version-history":[{"count":1,"href":"https:\/\/opinionpublica.com.ar\/index\/wp-json\/wp\/v2\/posts\/7009\/revisions"}],"predecessor-version":[{"id":7012,"href":"https:\/\/opinionpublica.com.ar\/index\/wp-json\/wp\/v2\/posts\/7009\/revisions\/7012"}],"wp:featuredmedia":[{"embeddable":true,"href":"https:\/\/opinionpublica.com.ar\/index\/wp-json\/wp\/v2\/media\/7010"}],"wp:attachment":[{"href":"https:\/\/opinionpublica.com.ar\/index\/wp-json\/wp\/v2\/media?parent=7009"}],"wp:term":[{"taxonomy":"category","embeddable":true,"href":"https:\/\/opinionpublica.com.ar\/index\/wp-json\/wp\/v2\/categories?post=7009"},{"taxonomy":"post_tag","embeddable":true,"href":"https:\/\/opinionpublica.com.ar\/index\/wp-json\/wp\/v2\/tags?post=7009"}],"curies":[{"name":"wp","href":"https:\/\/api.w.org\/{rel}","templated":true}]}}