{"id":7013,"date":"2024-11-11T09:57:34","date_gmt":"2024-11-11T12:57:34","guid":{"rendered":"https:\/\/opinionpublica.com.ar\/index\/?p=7013"},"modified":"2024-11-11T09:57:34","modified_gmt":"2024-11-11T12:57:34","slug":"ecotasa-cinco-entidades-vinculadas-turismo-confirmaron-presencia-en-audiencia-publica","status":"publish","type":"post","link":"https:\/\/opinionpublica.com.ar\/index\/ecotasa-cinco-entidades-vinculadas-turismo-confirmaron-presencia-en-audiencia-publica\/","title":{"rendered":"EcoTasa: Cinco entidades vinculadas turismo confirmaron presencia en audiencia p\u00fablica"},"content":{"rendered":"<div class=\"bs-blog-post single\">\n<div class=\"bs-header\">\n<p class=\"title\" title=\"Cinco entidades vinculadas turismo confirmaron presencia en audiencia p\u00fablica por la pol\u00e9mica ecotasa\">EcoTasa: Cinco entidades vinculadas turismo confirmaron presencia en audiencia p\u00fablica.<\/p>\n<\/div>\n<article class=\"small single\">Tres c\u00e1maras y dos asociaciones vinculadas al turismo en Tierra del Fuego confirmaron que estar\u00e1n presentes en la audiencia p\u00fablica convocada para este lunes por el Concejo Deliberante con el prop\u00f3sito de darle la posibilidad a que distintos sectores de la sociedad se expresen en torno del pol\u00e9mico proyecto de creaci\u00f3n de la ecotasa al turismo en la capital fueguina y la conformaci\u00f3n del Ente Ushuaia Turismo.<\/p>\n<figure id=\"attachment_4565\" aria-describedby=\"caption-attachment-4565\" style=\"width: 1200px\" class=\"wp-caption alignnone\"><a href=\"https:\/\/opinionpublica.com.ar\/index\/wp-content\/uploads\/2024\/07\/Parque-Nacional-Tierra-del-Fuego-Invierno-Turismo-en-Ushuaia-8.jpg\"><img fetchpriority=\"high\" decoding=\"async\" class=\"size-full wp-image-4565\" src=\"https:\/\/opinionpublica.com.ar\/index\/wp-content\/uploads\/2024\/07\/Parque-Nacional-Tierra-del-Fuego-Invierno-Turismo-en-Ushuaia-8.jpg\" alt=\"\" width=\"1200\" height=\"800\" srcset=\"https:\/\/opinionpublica.com.ar\/index\/wp-content\/uploads\/2024\/07\/Parque-Nacional-Tierra-del-Fuego-Invierno-Turismo-en-Ushuaia-8.jpg 1200w, https:\/\/opinionpublica.com.ar\/index\/wp-content\/uploads\/2024\/07\/Parque-Nacional-Tierra-del-Fuego-Invierno-Turismo-en-Ushuaia-8-300x200.jpg 300w, https:\/\/opinionpublica.com.ar\/index\/wp-content\/uploads\/2024\/07\/Parque-Nacional-Tierra-del-Fuego-Invierno-Turismo-en-Ushuaia-8-1024x683.jpg 1024w, https:\/\/opinionpublica.com.ar\/index\/wp-content\/uploads\/2024\/07\/Parque-Nacional-Tierra-del-Fuego-Invierno-Turismo-en-Ushuaia-8-768x512.jpg 768w\" sizes=\"(max-width: 1200px) 100vw, 1200px\" \/><\/a><figcaption id=\"caption-attachment-4565\" class=\"wp-caption-text\">xr:d:DAFSESmWF1U:14,j:41097649564,t:22111602<\/figcaption><\/figure>\n<p>El pasado viernes a trav\u00e9s de una nota dirigida a la presidencia del Concejo Deliberante de Ushuaia confirmaron su presencia en la audiencia p\u00fablica de este lunes: la C\u00e1mara de Comercio de Ushuaia, la C\u00e1mara de Turismo de Tierra del Fuego, la C\u00e1mara Hotelera y Gastron\u00f3mica de Tierra del Fuego, la Asociaci\u00f3n de Hoteles de Turismo de Tierra del Fuego y la Asociaci\u00f3n Fueguina de Agencias de Viajes y Turismo.<\/p>\n<p>Todas las entidades solicitaron hacer uso de la palabra en el encuentro que se realizar\u00e1 en la sede del Concejo de Piedrabuena y Gobernador Paz.<\/p>\n<p>La audiencia ser\u00e1 presidida por el ultra oficialista concejal Nicol\u00e1s Pelloli. A mediados de abril, el edil carg\u00f3 contra el sector tur\u00edstico al hablar de una doble vara de los empresarios. En ese entonces record\u00f3 cuando se puso en funcionamiento el programa PreViaje que \u201caplicaba un esfuerzo compartido de toda la sociedad\u201d para subsidiar al turismo, los empresarios lo recibieron con benepl\u00e1cito. \u201cCuando estaba el previaje era perfecto, que todos nosotros subsidiemos a quien quisiera vacacionar\u201d, hab\u00eda se\u00f1alado.<\/p>\n<div class=\"post-share\">\n<div class=\"post-share-icons cf\"><\/div>\n<\/div>\n<\/article>\n<\/div>\n<div class=\"bs-related-post-info bs-card-box\">\n<div class=\"bs-widget-title mb-3 one\">\n<h4 class=\"title\"><\/h4>\n<\/div>\n<\/div>\n","protected":false},"excerpt":{"rendered":"<p>EcoTasa: Cinco entidades vinculadas turismo confirmaron presencia en audiencia p\u00fablica. Tres c\u00e1maras y dos asociaciones vinculadas al turismo<\/p>\n","protected":false},"author":8,"featured_media":4565,"comment_status":"open","ping_status":"open","sticky":false,"template":"","format":"standard","meta":{"footnotes":""},"categories":[23,21],"tags":[83,560,6],"class_list":["post-7013","post","type-post","status-publish","format-standard","has-post-thumbnail","hentry","category-turismo","category-ushuaia","tag-audiencia","tag-ecotasa","tag-ushuaia"],"featured_image_urls":{"full":["https:\/\/opinionpublica.com.ar\/index\/wp-content\/uploads\/2024\/07\/Parque-Nacional-Tierra-del-Fuego-Invierno-Turismo-en-Ushuaia-8.jpg",1200,800,false],"thumbnail":["https:\/\/opinionpublica.com.ar\/index\/wp-content\/uploads\/2024\/07\/Parque-Nacional-Tierra-del-Fuego-Invierno-Turismo-en-Ushuaia-8-150x150.jpg",150,150,true],"medium":["https:\/\/opinionpublica.com.ar\/index\/wp-content\/uploads\/2024\/07\/Parque-Nacional-Tierra-del-Fuego-Invierno-Turismo-en-Ushuaia-8-300x200.jpg",300,200,true],"medium_large":["https:\/\/opinionpublica.com.ar\/index\/wp-content\/uploads\/2024\/07\/Parque-Nacional-Tierra-del-Fuego-Invierno-Turismo-en-Ushuaia-8-768x512.jpg",640,427,true],"large":["https:\/\/opinionpublica.com.ar\/index\/wp-content\/uploads\/2024\/07\/Parque-Nacional-Tierra-del-Fuego-Invierno-Turismo-en-Ushuaia-8-1024x683.jpg",640,427,true],"1536x1536":["https:\/\/opinionpublica.com.ar\/index\/wp-content\/uploads\/2024\/07\/Parque-Nacional-Tierra-del-Fuego-Invierno-Turismo-en-Ushuaia-8.jpg",1200,800,false],"2048x2048":["https:\/\/opinionpublica.com.ar\/index\/wp-content\/uploads\/2024\/07\/Parque-Nacional-Tierra-del-Fuego-Invierno-Turismo-en-Ushuaia-8.jpg",1200,800,false],"morenews-large":["https:\/\/opinionpublica.com.ar\/index\/wp-content\/uploads\/2024\/07\/Parque-Nacional-Tierra-del-Fuego-Invierno-Turismo-en-Ushuaia-8-825x575.jpg",825,575,true],"morenews-medium":["https:\/\/opinionpublica.com.ar\/index\/wp-content\/uploads\/2024\/07\/Parque-Nacional-Tierra-del-Fuego-Invierno-Turismo-en-Ushuaia-8-590x410.jpg",590,410,true]},"author_info":{"display_name":"RKing","author_link":"https:\/\/opinionpublica.com.ar\/index\/author\/rking\/"},"category_info":"<a href=\"https:\/\/opinionpublica.com.ar\/index\/category\/turismo\/\" rel=\"category tag\">Turismo<\/a> <a href=\"https:\/\/opinionpublica.com.ar\/index\/category\/ushuaia\/\" rel=\"category tag\">Ushuaia<\/a>","tag_info":"Ushuaia","comment_count":"0","_links":{"self":[{"href":"https:\/\/opinionpublica.com.ar\/index\/wp-json\/wp\/v2\/posts\/7013","targetHints":{"allow":["GET"]}}],"collection":[{"href":"https:\/\/opinionpublica.com.ar\/index\/wp-json\/wp\/v2\/posts"}],"about":[{"href":"https:\/\/opinionpublica.com.ar\/index\/wp-json\/wp\/v2\/types\/post"}],"author":[{"embeddable":true,"href":"https:\/\/opinionpublica.com.ar\/index\/wp-json\/wp\/v2\/users\/8"}],"replies":[{"embeddable":true,"href":"https:\/\/opinionpublica.com.ar\/index\/wp-json\/wp\/v2\/comments?post=7013"}],"version-history":[{"count":1,"href":"https:\/\/opinionpublica.com.ar\/index\/wp-json\/wp\/v2\/posts\/7013\/revisions"}],"predecessor-version":[{"id":7014,"href":"https:\/\/opinionpublica.com.ar\/index\/wp-json\/wp\/v2\/posts\/7013\/revisions\/7014"}],"wp:featuredmedia":[{"embeddable":true,"href":"https:\/\/opinionpublica.com.ar\/index\/wp-json\/wp\/v2\/media\/4565"}],"wp:attachment":[{"href":"https:\/\/opinionpublica.com.ar\/index\/wp-json\/wp\/v2\/media?parent=7013"}],"wp:term":[{"taxonomy":"category","embeddable":true,"href":"https:\/\/opinionpublica.com.ar\/index\/wp-json\/wp\/v2\/categories?post=7013"},{"taxonomy":"post_tag","embeddable":true,"href":"https:\/\/opinionpublica.com.ar\/index\/wp-json\/wp\/v2\/tags?post=7013"}],"curies":[{"name":"wp","href":"https:\/\/api.w.org\/{rel}","templated":true}]}}