{"id":7017,"date":"2024-11-11T10:16:20","date_gmt":"2024-11-11T13:16:20","guid":{"rendered":"https:\/\/opinionpublica.com.ar\/index\/?p=7017"},"modified":"2024-11-11T10:16:20","modified_gmt":"2024-11-11T13:16:20","slug":"walter-garcia-de-la-cooperativa-electrica-afirmo-que-la-deuda-con-cammesa-aun-persiste","status":"publish","type":"post","link":"https:\/\/opinionpublica.com.ar\/index\/walter-garcia-de-la-cooperativa-electrica-afirmo-que-la-deuda-con-cammesa-aun-persiste\/","title":{"rendered":"Walter Garcia de la Cooperativa El\u00e9ctrica afirmo que la Deuda con CAMMESA a\u00fan persiste"},"content":{"rendered":"<header id=\"mvp-post-head\" class=\"left relative\">Walter Garcia de la Cooperativa El\u00e9ctrica afirmo que la Deuda con CAMMESA a\u00fan persiste.<\/header>\n<div id=\"mvp-post-content\" class=\"left relative\">\n<div id=\"mvp-post-feat-img\" class=\"left relative mvp-post-feat-img-wide2\"><\/div>\n<div id=\"mvp-content-wrap\" class=\"left relative\">\n<div id=\"mvp-content-body\" class=\"left relative\">\n<div id=\"mvp-content-body-top\" class=\"left relative\">\n<div id=\"mvp-content-main\" class=\"left relative\">\n<p class=\"has-luminous-vivid-amber-background-color has-background\">El ingeniero Walter Garc\u00eda, representante de la Cooperativa El\u00e9ctrica de R\u00edo Grande, explic\u00f3 la falta de ajuste en las tarifas ha llevado a la cooperativa local a enfrentar dificultades financieras. \u201cCuando no tenemos tarifa suficiente, nos vemos obligados a financiar nuestras operaciones y, lamentablemente, esto ha resultado en una deuda con CAMMESA\u201d, revel\u00f3.<\/p>\n<p><a href=\"https:\/\/opinionpublica.com.ar\/index\/wp-content\/uploads\/2024\/11\/GARCIA-1024x682-walter.jpg\"><img fetchpriority=\"high\" decoding=\"async\" class=\"alignnone size-full wp-image-7018\" src=\"https:\/\/opinionpublica.com.ar\/index\/wp-content\/uploads\/2024\/11\/GARCIA-1024x682-walter.jpg\" alt=\"\" width=\"1024\" height=\"682\" srcset=\"https:\/\/opinionpublica.com.ar\/index\/wp-content\/uploads\/2024\/11\/GARCIA-1024x682-walter.jpg 1024w, https:\/\/opinionpublica.com.ar\/index\/wp-content\/uploads\/2024\/11\/GARCIA-1024x682-walter-300x200.jpg 300w, https:\/\/opinionpublica.com.ar\/index\/wp-content\/uploads\/2024\/11\/GARCIA-1024x682-walter-768x512.jpg 768w\" sizes=\"(max-width: 1024px) 100vw, 1024px\" \/><\/a><\/p>\n<p>El ingeniero <strong>Walter Garc\u00eda<\/strong>, representante de la\u00a0<strong>Cooperativa El\u00e9ctrica de R\u00edo Grande<\/strong>, abord\u00f3 la preocupaci\u00f3n sobre la posible intervenci\u00f3n de la instituci\u00f3n debido a una deuda con\u00a0<strong>CAMMESA<\/strong>\u00a0(Mercado Mayorista El\u00e9ctrico S.A.), la empresa administradora del mercado el\u00e9ctrico mayorista en Argentina. Garc\u00eda explic\u00f3 el contexto de esta deuda y la situaci\u00f3n actual de la Cooperativa.<\/p>\n<p>CAMMESA es responsable de la compra de energ\u00eda a los generadores y su venta a las distribuidoras. Desde la creaci\u00f3n del Mercado El\u00e9ctrico Mayorista Sistema Tierra del Fuego en 2021, la Cooperativa ha estado operando bajo un sistema que permite la aplicaci\u00f3n de subsidios nacionales a la energ\u00eda el\u00e9ctrica, algo que antes no era posible debido a su aislamiento de la red principal.<\/p>\n<p>Garc\u00eda detall\u00f3 que, al entrar en este sistema, la Cooperativa El\u00e9ctrica se convirti\u00f3 en una generadora que vende energ\u00eda a CAMMESA y, a su vez, una distribuidora que compra esa energ\u00eda. Sin embargo, la falta de ajuste en las tarifas ha llevado a la Cooperativa a enfrentar dificultades financieras. \u201cCuando no tenemos tarifa suficiente, nos vemos obligados a financiar nuestras operaciones y, lamentablemente, esto ha resultado en una deuda con CAMMESA\u201d, explic\u00f3.<\/p>\n<p>A finales del a\u00f1o pasado, la Cooperativa logr\u00f3 un ajuste en las tarifas que le permiti\u00f3 comenzar a pagar su factura completa a CAMMESA. Sin embargo, desde entonces, no se ha realizado un ajuste adicional en el valor agregado de distribuci\u00f3n, lo que ha complicado la situaci\u00f3n financiera.<\/p>\n<p><a href=\"https:\/\/opinionpublica.com.ar\/index\/wp-content\/uploads\/2024\/10\/f1280x720-82033_213708_5050-cooperativa-electrica-rio-grande.jpg\"><img decoding=\"async\" class=\"alignnone size-full wp-image-6750\" src=\"https:\/\/opinionpublica.com.ar\/index\/wp-content\/uploads\/2024\/10\/f1280x720-82033_213708_5050-cooperativa-electrica-rio-grande.jpg\" alt=\"\" width=\"1280\" height=\"720\" srcset=\"https:\/\/opinionpublica.com.ar\/index\/wp-content\/uploads\/2024\/10\/f1280x720-82033_213708_5050-cooperativa-electrica-rio-grande.jpg 1280w, https:\/\/opinionpublica.com.ar\/index\/wp-content\/uploads\/2024\/10\/f1280x720-82033_213708_5050-cooperativa-electrica-rio-grande-300x169.jpg 300w, https:\/\/opinionpublica.com.ar\/index\/wp-content\/uploads\/2024\/10\/f1280x720-82033_213708_5050-cooperativa-electrica-rio-grande-1024x576.jpg 1024w, https:\/\/opinionpublica.com.ar\/index\/wp-content\/uploads\/2024\/10\/f1280x720-82033_213708_5050-cooperativa-electrica-rio-grande-768x432.jpg 768w\" sizes=\"(max-width: 1280px) 100vw, 1280px\" \/><\/a><\/p>\n<blockquote class=\"wp-block-quote is-layout-flow wp-block-quote-is-layout-flow\">\n<p class=\"has-luminous-vivid-amber-background-color has-background\">\u201cA pesar de que hemos comenzado a pagar una proporci\u00f3n de la factura de CAMMESA, la deuda acumulada a\u00fan persiste\u201d, reconoci\u00f3 Garc\u00eda.<\/p>\n<\/blockquote>\n<p>El ingeniero tambi\u00e9n destac\u00f3 que, aunque la cooperativa ha sido incluida en un grupo de entidades que podr\u00edan ser intervenidas, su deuda es significativamente menor en comparaci\u00f3n con otras cooperativas en situaciones m\u00e1s comprometidas. \u201cPodemos garantizar que la Cooperativa no ser\u00e1 intervenida, ya que contamos con una tarifa actualizada que nos permite afrontar los pagos y elaborar un plan para saldar la deuda existente\u201d, afirm\u00f3.<\/p>\n<p>Garc\u00eda concluy\u00f3 enfatizando la importancia de mantener una comunicaci\u00f3n abierta con la comunidad y asegurando que la Cooperativa est\u00e1 trabajando para resolver sus problemas financieros y continuar brindando un servicio el\u00e9ctrico adecuado a los usuarios de R\u00edo Grande. La situaci\u00f3n de la deuda con CAMMESA es un tema que la cooperativa riograndense est\u00e1 abordando con seriedad, buscando soluciones que beneficien tanto a la entidad como a la comunidad a la que sirve.<\/p>\n<\/div>\n<\/div>\n<\/div>\n<\/div>\n<\/div>\n","protected":false},"excerpt":{"rendered":"<p>Walter Garcia de la Cooperativa El\u00e9ctrica afirmo que la Deuda con CAMMESA a\u00fan persiste. El ingeniero Walter Garc\u00eda,<\/p>\n","protected":false},"author":8,"featured_media":7018,"comment_status":"open","ping_status":"open","sticky":false,"template":"","format":"standard","meta":{"footnotes":""},"categories":[25],"tags":[458,2659,7,2689],"class_list":["post-7017","post","type-post","status-publish","format-standard","has-post-thumbnail","hentry","category-rio-grande","tag-cammesa","tag-cooperativa-electrica","tag-rio-grande","tag-walter-garcia"],"featured_image_urls":{"full":["https:\/\/opinionpublica.com.ar\/index\/wp-content\/uploads\/2024\/11\/GARCIA-1024x682-walter.jpg",1024,682,false],"thumbnail":["https:\/\/opinionpublica.com.ar\/index\/wp-content\/uploads\/2024\/11\/GARCIA-1024x682-walter-150x150.jpg",150,150,true],"medium":["https:\/\/opinionpublica.com.ar\/index\/wp-content\/uploads\/2024\/11\/GARCIA-1024x682-walter-300x200.jpg",300,200,true],"medium_large":["https:\/\/opinionpublica.com.ar\/index\/wp-content\/uploads\/2024\/11\/GARCIA-1024x682-walter-768x512.jpg",640,427,true],"large":["https:\/\/opinionpublica.com.ar\/index\/wp-content\/uploads\/2024\/11\/GARCIA-1024x682-walter.jpg",640,426,false],"1536x1536":["https:\/\/opinionpublica.com.ar\/index\/wp-content\/uploads\/2024\/11\/GARCIA-1024x682-walter.jpg",1024,682,false],"2048x2048":["https:\/\/opinionpublica.com.ar\/index\/wp-content\/uploads\/2024\/11\/GARCIA-1024x682-walter.jpg",1024,682,false],"morenews-large":["https:\/\/opinionpublica.com.ar\/index\/wp-content\/uploads\/2024\/11\/GARCIA-1024x682-walter-825x575.jpg",825,575,true],"morenews-medium":["https:\/\/opinionpublica.com.ar\/index\/wp-content\/uploads\/2024\/11\/GARCIA-1024x682-walter-590x410.jpg",590,410,true]},"author_info":{"display_name":"RKing","author_link":"https:\/\/opinionpublica.com.ar\/index\/author\/rking\/"},"category_info":"<a href=\"https:\/\/opinionpublica.com.ar\/index\/category\/rio-grande\/\" rel=\"category tag\">Rio Grande<\/a>","tag_info":"Rio Grande","comment_count":"0","_links":{"self":[{"href":"https:\/\/opinionpublica.com.ar\/index\/wp-json\/wp\/v2\/posts\/7017","targetHints":{"allow":["GET"]}}],"collection":[{"href":"https:\/\/opinionpublica.com.ar\/index\/wp-json\/wp\/v2\/posts"}],"about":[{"href":"https:\/\/opinionpublica.com.ar\/index\/wp-json\/wp\/v2\/types\/post"}],"author":[{"embeddable":true,"href":"https:\/\/opinionpublica.com.ar\/index\/wp-json\/wp\/v2\/users\/8"}],"replies":[{"embeddable":true,"href":"https:\/\/opinionpublica.com.ar\/index\/wp-json\/wp\/v2\/comments?post=7017"}],"version-history":[{"count":1,"href":"https:\/\/opinionpublica.com.ar\/index\/wp-json\/wp\/v2\/posts\/7017\/revisions"}],"predecessor-version":[{"id":7019,"href":"https:\/\/opinionpublica.com.ar\/index\/wp-json\/wp\/v2\/posts\/7017\/revisions\/7019"}],"wp:featuredmedia":[{"embeddable":true,"href":"https:\/\/opinionpublica.com.ar\/index\/wp-json\/wp\/v2\/media\/7018"}],"wp:attachment":[{"href":"https:\/\/opinionpublica.com.ar\/index\/wp-json\/wp\/v2\/media?parent=7017"}],"wp:term":[{"taxonomy":"category","embeddable":true,"href":"https:\/\/opinionpublica.com.ar\/index\/wp-json\/wp\/v2\/categories?post=7017"},{"taxonomy":"post_tag","embeddable":true,"href":"https:\/\/opinionpublica.com.ar\/index\/wp-json\/wp\/v2\/tags?post=7017"}],"curies":[{"name":"wp","href":"https:\/\/api.w.org\/{rel}","templated":true}]}}