{"id":7049,"date":"2024-11-12T09:52:15","date_gmt":"2024-11-12T12:52:15","guid":{"rendered":"https:\/\/opinionpublica.com.ar\/index\/?p=7049"},"modified":"2024-11-12T09:52:15","modified_gmt":"2024-11-12T12:52:15","slug":"el-intendente-walter-vuoto-creo-una-direccion-para-contar-baches","status":"publish","type":"post","link":"https:\/\/opinionpublica.com.ar\/index\/el-intendente-walter-vuoto-creo-una-direccion-para-contar-baches\/","title":{"rendered":"El intendente Walter Vuoto cre\u00f3 una Direcci\u00f3n para contar baches"},"content":{"rendered":"<div class=\"bs-header\">\n<p class=\"title\" title=\"Vuoto cre\u00f3 una Direcci\u00f3n para contar baches\">El intendente Walter Vuoto cre\u00f3 una Direcci\u00f3n para contar baches.<\/p>\n<\/div>\n<article class=\"small single\">El Intendente Walter Vuoto firm\u00f3 un decreto creando la ins\u00f3lita estructura denominada \u201cDirecci\u00f3n de Bacheo en la V\u00eda P\u00fablica. La nueva \u00e1rea que depender\u00e1 de la Secretar\u00eda de Planificaci\u00f3n e Inversi\u00f3n P\u00fablica tendr\u00e1 entre sus funciones hacer un relevamiento de los baches en la ciudad.<\/p>\n<p><a href=\"https:\/\/opinionpublica.com.ar\/index\/wp-content\/uploads\/2024\/11\/multimedia.normal.9bcbc249d8333cc8.31353132333139305f313338353231363835313534303037375f3835343739345f6e6f726d616c2e6a7067-pozo-bache-ushuaia.jpg\"><img fetchpriority=\"high\" decoding=\"async\" class=\"alignnone size-full wp-image-7050\" src=\"https:\/\/opinionpublica.com.ar\/index\/wp-content\/uploads\/2024\/11\/multimedia.normal.9bcbc249d8333cc8.31353132333139305f313338353231363835313534303037375f3835343739345f6e6f726d616c2e6a7067-pozo-bache-ushuaia.jpg\" alt=\"\" width=\"774\" height=\"564\" srcset=\"https:\/\/opinionpublica.com.ar\/index\/wp-content\/uploads\/2024\/11\/multimedia.normal.9bcbc249d8333cc8.31353132333139305f313338353231363835313534303037375f3835343739345f6e6f726d616c2e6a7067-pozo-bache-ushuaia.jpg 774w, https:\/\/opinionpublica.com.ar\/index\/wp-content\/uploads\/2024\/11\/multimedia.normal.9bcbc249d8333cc8.31353132333139305f313338353231363835313534303037375f3835343739345f6e6f726d616c2e6a7067-pozo-bache-ushuaia-300x219.jpg 300w, https:\/\/opinionpublica.com.ar\/index\/wp-content\/uploads\/2024\/11\/multimedia.normal.9bcbc249d8333cc8.31353132333139305f313338353231363835313534303037375f3835343739345f6e6f726d616c2e6a7067-pozo-bache-ushuaia-768x560.jpg 768w\" sizes=\"(max-width: 774px) 100vw, 774px\" \/><\/a><\/p>\n<p>A contramano del presente econ\u00f3mico del pa\u00eds y lejos de optimizar los recursos existentes, Vuoto opto por crear una direcci\u00f3n de bacheo que realizar\u00e1 tareas que le son propias a la Secretar\u00eda de Planificaci\u00f3n que conduce Maria Bel\u00e9n Borgna.<\/p>\n<p>Como si se tratase de una tarea inexistente en el \u00e1rea de Obras P\u00fablicas, la flamante Direcci\u00f3n de Bacheo coordinar\u00e1 las tareas necesarias para el desarrollo del bacheo en la ciudad.<\/p>\n<p>Si bien la reparaci\u00f3n de baches es una preocupaci\u00f3n leg\u00edtima, la pregunta es si se justifica la creaci\u00f3n de una nueva direcci\u00f3n espec\u00edfica para una tarea que parece ser parte de las funciones b\u00e1sicas de la Secretar\u00eda de Planificaci\u00f3n e Inversi\u00f3n P\u00fablica.<\/p>\n<p>\u00bfNo deber\u00edan los equipos existentes, dentro de las \u00e1reas correspondientes, estar realizando ya este tipo de relevamientos de forma rutinaria?<\/p>\n<\/article>\n","protected":false},"excerpt":{"rendered":"<p>El intendente Walter Vuoto cre\u00f3 una Direcci\u00f3n para contar baches. El Intendente Walter Vuoto firm\u00f3 un decreto creando<\/p>\n","protected":false},"author":8,"featured_media":7050,"comment_status":"open","ping_status":"open","sticky":false,"template":"","format":"standard","meta":{"footnotes":""},"categories":[21],"tags":[2706,538],"class_list":["post-7049","post","type-post","status-publish","format-standard","has-post-thumbnail","hentry","category-ushuaia","tag-direccion-de-bacheo","tag-walter-vuoto"],"featured_image_urls":{"full":["https:\/\/opinionpublica.com.ar\/index\/wp-content\/uploads\/2024\/11\/multimedia.normal.9bcbc249d8333cc8.31353132333139305f313338353231363835313534303037375f3835343739345f6e6f726d616c2e6a7067-pozo-bache-ushuaia.jpg",774,564,false],"thumbnail":["https:\/\/opinionpublica.com.ar\/index\/wp-content\/uploads\/2024\/11\/multimedia.normal.9bcbc249d8333cc8.31353132333139305f313338353231363835313534303037375f3835343739345f6e6f726d616c2e6a7067-pozo-bache-ushuaia-150x150.jpg",150,150,true],"medium":["https:\/\/opinionpublica.com.ar\/index\/wp-content\/uploads\/2024\/11\/multimedia.normal.9bcbc249d8333cc8.31353132333139305f313338353231363835313534303037375f3835343739345f6e6f726d616c2e6a7067-pozo-bache-ushuaia-300x219.jpg",300,219,true],"medium_large":["https:\/\/opinionpublica.com.ar\/index\/wp-content\/uploads\/2024\/11\/multimedia.normal.9bcbc249d8333cc8.31353132333139305f313338353231363835313534303037375f3835343739345f6e6f726d616c2e6a7067-pozo-bache-ushuaia-768x560.jpg",640,467,true],"large":["https:\/\/opinionpublica.com.ar\/index\/wp-content\/uploads\/2024\/11\/multimedia.normal.9bcbc249d8333cc8.31353132333139305f313338353231363835313534303037375f3835343739345f6e6f726d616c2e6a7067-pozo-bache-ushuaia.jpg",640,466,false],"1536x1536":["https:\/\/opinionpublica.com.ar\/index\/wp-content\/uploads\/2024\/11\/multimedia.normal.9bcbc249d8333cc8.31353132333139305f313338353231363835313534303037375f3835343739345f6e6f726d616c2e6a7067-pozo-bache-ushuaia.jpg",774,564,false],"2048x2048":["https:\/\/opinionpublica.com.ar\/index\/wp-content\/uploads\/2024\/11\/multimedia.normal.9bcbc249d8333cc8.31353132333139305f313338353231363835313534303037375f3835343739345f6e6f726d616c2e6a7067-pozo-bache-ushuaia.jpg",774,564,false],"morenews-large":["https:\/\/opinionpublica.com.ar\/index\/wp-content\/uploads\/2024\/11\/multimedia.normal.9bcbc249d8333cc8.31353132333139305f313338353231363835313534303037375f3835343739345f6e6f726d616c2e6a7067-pozo-bache-ushuaia.jpg",774,564,false],"morenews-medium":["https:\/\/opinionpublica.com.ar\/index\/wp-content\/uploads\/2024\/11\/multimedia.normal.9bcbc249d8333cc8.31353132333139305f313338353231363835313534303037375f3835343739345f6e6f726d616c2e6a7067-pozo-bache-ushuaia-590x410.jpg",590,410,true]},"author_info":{"display_name":"RKing","author_link":"https:\/\/opinionpublica.com.ar\/index\/author\/rking\/"},"category_info":"<a href=\"https:\/\/opinionpublica.com.ar\/index\/category\/ushuaia\/\" rel=\"category tag\">Ushuaia<\/a>","tag_info":"Ushuaia","comment_count":"0","_links":{"self":[{"href":"https:\/\/opinionpublica.com.ar\/index\/wp-json\/wp\/v2\/posts\/7049","targetHints":{"allow":["GET"]}}],"collection":[{"href":"https:\/\/opinionpublica.com.ar\/index\/wp-json\/wp\/v2\/posts"}],"about":[{"href":"https:\/\/opinionpublica.com.ar\/index\/wp-json\/wp\/v2\/types\/post"}],"author":[{"embeddable":true,"href":"https:\/\/opinionpublica.com.ar\/index\/wp-json\/wp\/v2\/users\/8"}],"replies":[{"embeddable":true,"href":"https:\/\/opinionpublica.com.ar\/index\/wp-json\/wp\/v2\/comments?post=7049"}],"version-history":[{"count":1,"href":"https:\/\/opinionpublica.com.ar\/index\/wp-json\/wp\/v2\/posts\/7049\/revisions"}],"predecessor-version":[{"id":7051,"href":"https:\/\/opinionpublica.com.ar\/index\/wp-json\/wp\/v2\/posts\/7049\/revisions\/7051"}],"wp:featuredmedia":[{"embeddable":true,"href":"https:\/\/opinionpublica.com.ar\/index\/wp-json\/wp\/v2\/media\/7050"}],"wp:attachment":[{"href":"https:\/\/opinionpublica.com.ar\/index\/wp-json\/wp\/v2\/media?parent=7049"}],"wp:term":[{"taxonomy":"category","embeddable":true,"href":"https:\/\/opinionpublica.com.ar\/index\/wp-json\/wp\/v2\/categories?post=7049"},{"taxonomy":"post_tag","embeddable":true,"href":"https:\/\/opinionpublica.com.ar\/index\/wp-json\/wp\/v2\/tags?post=7049"}],"curies":[{"name":"wp","href":"https:\/\/api.w.org\/{rel}","templated":true}]}}