{"id":7052,"date":"2024-11-12T10:08:52","date_gmt":"2024-11-12T13:08:52","guid":{"rendered":"https:\/\/opinionpublica.com.ar\/index\/?p=7052"},"modified":"2024-11-12T10:08:52","modified_gmt":"2024-11-12T13:08:52","slug":"uala-javier-milei-expreso-prefiero-venir-a-felicitarlos-que-inaugurar-una-obra-publica-costosa-e-ineficiente","status":"publish","type":"post","link":"https:\/\/opinionpublica.com.ar\/index\/uala-javier-milei-expreso-prefiero-venir-a-felicitarlos-que-inaugurar-una-obra-publica-costosa-e-ineficiente\/","title":{"rendered":"Ual\u00e1: Javier Milei expreso prefiero venir a felicitarlos que inaugurar una obra p\u00fablica costosa e ineficiente"},"content":{"rendered":"<div class=\"sc-968f7cb1-0 jfPXae normal-header false normal-header false\">\n<div class=\"sc-968f7cb1-0 jfPXae shared-header shared-header\">\n<div class=\"mt\">\n<p class=\"storyTitle\">Ual\u00e1: Javier Milei expreso prefiero venir a felicitarlos que inaugurar una obra p\u00fablica costosa e ineficiente.<\/p>\n<ul>\n<li>El Presidente cuestion\u00f3 a los pol\u00edticos que hacen actos para presentar \u00abcanillas u hospitales que ya hab\u00edan inaugurado tres veces\u00bb.<\/li>\n<li>Volvi\u00f3 a decir que la recesi\u00f3n termin\u00f3 y sostuvo que \u00abel pa\u00eds est\u00e1 entrando en su mejor momento de los \u00faltimos 100 a\u00f1os\u00bb.<\/li>\n<li>Un nuevo ataque a la prensa y una cita a Juan Per\u00f3n.<\/li>\n<\/ul>\n<\/div>\n<div class=\"image-container\">\n<div class=\"player-container\">\n<div class=\"sc-cdfc64bc-0 kHuGPU jwplayer-container border-video jwplayer-container border-video\">\n<div id=\"aperturaJYgTjxX4\" class=\"jwplayer jw-reset jw-state-paused jw-stretch-uniform jw-flag-aspect-mode jw-breakpoint-6 jw-floating-dismissible jw-flag-ads jw-flag-ads-googleima jw-flag-user-inactive\" tabindex=\"0\" role=\"application\" aria-label=\"Reproductor de Video\" aria-describedby=\"jw-aperturaJYgTjxX4-shortcuts-tooltip-explanation\" data-compass-listening=\"true\">\n<div class=\"jw-aspect jw-reset\"><\/div>\n<div class=\"jw-wrapper jw-reset\">\n<div>\n<div><\/div>\n<\/div>\n<\/div>\n<\/div>\n<\/div>\n<\/div>\n<\/div>\n<\/div>\n<\/div>\n<section class=\"sc-fb6646af-1 hGdMAc\">\n<article id=\"storyBody\" class=\"sc-fb6646af-2 grGomT\">\n<div class=\"StoryTextContainer vsmcontent\" data-mrf-recirculation=\"Article Body\">\n<div id=\"containerUalter\" class=\"trinity-skip-it\">\n<div class=\"ualter_content\">\n<section class=\"accordion\">\n<div class=\"tab\">\n<div class=\"tab__content\">\n<div id=\"tries\" class=\"expandable-rectangle\">\n<div class=\"glo-container content\">\n<div class=\"modulo-footer\">\n<div class=\"validar\">\n<div class=\"manos\">\n<div class=\"gracias\"><a href=\"https:\/\/opinionpublica.com.ar\/index\/wp-content\/uploads\/2024\/11\/wjp55GhKP_600x600__1-milei-uala.jpg\"><img fetchpriority=\"high\" decoding=\"async\" class=\"alignnone size-full wp-image-7053\" src=\"https:\/\/opinionpublica.com.ar\/index\/wp-content\/uploads\/2024\/11\/wjp55GhKP_600x600__1-milei-uala.jpg\" alt=\"\" width=\"600\" height=\"600\" srcset=\"https:\/\/opinionpublica.com.ar\/index\/wp-content\/uploads\/2024\/11\/wjp55GhKP_600x600__1-milei-uala.jpg 600w, https:\/\/opinionpublica.com.ar\/index\/wp-content\/uploads\/2024\/11\/wjp55GhKP_600x600__1-milei-uala-300x300.jpg 300w, https:\/\/opinionpublica.com.ar\/index\/wp-content\/uploads\/2024\/11\/wjp55GhKP_600x600__1-milei-uala-150x150.jpg 150w\" sizes=\"(max-width: 600px) 100vw, 600px\" \/><\/a><\/div>\n<\/div>\n<\/div>\n<\/div>\n<\/div>\n<\/div>\n<\/div>\n<\/div>\n<\/section>\n<\/div>\n<\/div>\n<div id=\"cuerpo\">\n<div class=\"sc-80531b6b-0 XSMmt container-text text-embed\">\n<p><strong>Javier Milei<\/strong>\u00a0visit\u00f3 en la ma\u00f1ana de este lunes las oficinas de la empresa tecnol\u00f3gica<strong>\u00a0Ual\u00e1,<\/strong>\u00a0ubicadas en Palermo, junto al joven CEO y fundador de la compa\u00f1\u00eda,\u00a0<strong>Pierpaolo Barbieri<\/strong>. En un discurso a sus empleados, el Presidente dijo que a su Gobierno le genera alegr\u00eda que a las empresas les vaya bien y admiti\u00f3: \u00abPrefiero venir a<strong>\u00a0felicitarlos que inaugurar una obra p\u00fablica costosa e ineficiente\u00a0<\/strong>que nadie quiere\u00bb.<\/p>\n<\/div>\n<div class=\"sc-80531b6b-0 XSMmt container-text text-embed\">\n<p>En tono de chicana, luego continu\u00f3: \u00ab<strong>No puedo inaugurar\u00a0<\/strong>obra p\u00fablica porque\u00a0<strong>la cort\u00e9 de cuajo.\u00a0<\/strong>\u00bfSe acuerdan cuando los pol\u00edticos de la casta se juntaban para\u00a0<strong>inaugurar canillas<\/strong>, hospitales que ya hab\u00edan inaugurado tres veces? Nosotros preferimos la sinceridad.\u00a0<strong>Como la cortamos, no vamos a inaugurar tampoco<\/strong>\u00ab.<\/p>\n<\/div>\n<div class=\"sc-80531b6b-0 XSMmt container-text text-embed\">\n<p>El comentario fue en tono de broma y fue bien recibido por\u00a0<strong>un auditorio af\u00edn, que lo aplaudi\u00f3<\/strong>\u00a0cada vez que remarc\u00f3 el crecimiento de la compa\u00f1\u00eda y la destac\u00f3 como ejemplo, ya que comenz\u00f3 como un proyecto cuya primera oficina estaba dentro de un espacio de coworking.<\/p>\n<\/div>\n<div class=\"sc-3d4cfefd-5 dATfYz\"><\/div>\n<div class=\"sc-80531b6b-0 XSMmt container-text text-embed\">\n<p>El Presidente recorri\u00f3 este lunes las\u00a0<strong>oficinas que Ual\u00e1 inaugur\u00f3 en septiembre<\/strong>\u00a0en\u00a0Paseo Gigena, ahora rebautizado Ola Palermo,\u00a0un moderno complejo ubicado en Coronel Marcelino Freire al 3.600 con vistas al Rosedal de Palermo, al Hip\u00f3dromo y al Campo Argentino de Polo. En el acto se anunci\u00f3 que la compa\u00f1\u00eda cerr\u00f3 una nueva ronda de inversi\u00f3n Serie E por\u00a0<strong>300 millones de d\u00f3lares<\/strong>\u00a0y alcanz\u00f3 una<strong>\u00a0valuaci\u00f3n de 2.750 millones de d\u00f3lares<\/strong>.<\/p>\n<\/div>\n<div class=\"sc-80531b6b-0 XSMmt container-text text-embed\">\n<p>En su breve discurso, que tambi\u00e9n escucharon en el lugar su hermana\u00a0<strong>Karina<\/strong>, secretaria general de Presidencia; el jefe de Gabinete,\u00a0<strong>Guillermo Francos<\/strong>; y el vocero presidencial\u00a0<strong>Manuel Adorni<\/strong>,\u00a0Milei volvi\u00f3 a insistir\u00a0en que<strong>\u00a0la recesi\u00f3n lleg\u00f3 a su fin\u00a0<\/strong>y solo queda por delante un sendero de crecimiento.<\/p>\n<\/div>\n<\/div>\n<div class=\"sc-198be8ec-0 jDgmbe image-embed  image-embed \"><a href=\"https:\/\/opinionpublica.com.ar\/index\/wp-content\/uploads\/2024\/11\/NikWlMmrR_720x0__1-milei-uala.jpg\"><img decoding=\"async\" class=\"alignnone size-full wp-image-7054\" src=\"https:\/\/opinionpublica.com.ar\/index\/wp-content\/uploads\/2024\/11\/NikWlMmrR_720x0__1-milei-uala.jpg\" alt=\"\" width=\"720\" height=\"480\" srcset=\"https:\/\/opinionpublica.com.ar\/index\/wp-content\/uploads\/2024\/11\/NikWlMmrR_720x0__1-milei-uala.jpg 720w, https:\/\/opinionpublica.com.ar\/index\/wp-content\/uploads\/2024\/11\/NikWlMmrR_720x0__1-milei-uala-300x200.jpg 300w\" sizes=\"(max-width: 720px) 100vw, 720px\" \/><\/a><\/div>\n<div id=\"cuerpo\">\n<div class=\"sc-80531b6b-0 XSMmt container-text text-embed\">\n<p>\u00abComo dije hace algunos d\u00edas:\u00a0<strong>todo lo que viene ser\u00e1 mejor<\/strong>. En vez de ser cada d\u00eda m\u00e1s pobres,\u00a0<strong>seremos cada d\u00eda m\u00e1s ricos<\/strong>. \u00bfNos seguiremos esforzando? S\u00ed, pero con la tranquilidad de que ese esfuerzo estar\u00e1, de una buena vez, al servicio de estar cada d\u00eda mejor\u00bb, afirm\u00f3 el jefe de Estado.<\/p>\n<\/div>\n<div class=\"sc-3d4cfefd-0 dYZKOs\">\n<div id=\"div-gpt-ad-caja0\" class=\"sc-dd1745b8-0 fvsSwU bannerSRA\" data-google-query-id=\"CP7jgNDr1okDFd9c3QIdOw85rQ\">\n<div id=\"google_ads_iframe_\/242767168\/clarin\/economia\/nota\/caja0_0__container__\"><\/div>\n<\/div>\n<\/div>\n<div class=\"sc-80531b6b-0 XSMmt container-text text-embed\">\n<p>\u00abSabemos que ha sido dif\u00edcil, que\u00a0<strong>ha sido duro<\/strong>, pero todo lo que queda por delante es hacia arriba. Es todo bueno.\u00a0<strong>El pa\u00eds est\u00e1 entrando en su mejor momento<\/strong>\u00a0de los \u00faltimos cien a\u00f1os, por lo menos\u00bb, agreg\u00f3.<\/p>\n<\/div>\n<div class=\"sc-80531b6b-0 XSMmt container-text text-embed\">\n<p>Y repiti\u00f3 el llamado a quienes est\u00e1n en posici\u00f3n de\u00a0<strong>invertir para que aprovechen la oportunidad<\/strong>\u00a0que se presenta, antes de que sea tarde.<\/p>\n<\/div>\n<div class=\"sc-80531b6b-0 XSMmt container-text text-embed\">\n<p>\u00abLes digo a todos los actores del sector privado argentino:\u00a0<strong>aprovechen a subirse al tren del progreso ahora\u00a0<\/strong>(&#8230;) porque pueden comprar m\u00e1s barato. Y cuando les dijimos al inicio, no nos creyeron y se perdieron las ganancias del 70% en d\u00f3lares, siendo el pa\u00eds que m\u00e1s ha redituado, desde el inicio del a\u00f1o\u00bb, asegur\u00f3.<\/p>\n<\/div>\n<div class=\"sc-3d4cfefd-0 dYZKOs\">\n<div id=\"div-gpt-ad-caja1\" class=\"sc-dd1745b8-0 fvsSwU bannerSRA\" data-google-query-id=\"CIDkgNDr1okDFd9c3QIdOw85rQ\">\n<div id=\"google_ads_iframe_\/242767168\/clarin\/economia\/nota\/caja1_0__container__\"><\/div>\n<\/div>\n<\/div>\n<div class=\"sc-80531b6b-0 XSMmt container-text text-embed\">\n<h2>Nuevo ataque de Javier Milei a la prensa, con cita a Per\u00f3n incluida<\/h2>\n<\/div>\n<div class=\"sc-80531b6b-0 XSMmt container-text text-embed\">\n<p>En los pocos tramos en que cit\u00f3 datos puros y duros durante su exposici\u00f3n, el Presidente se refiri\u00f3 al ajuste que ha llevado a cabo su gesti\u00f3n sobre el gasto fiscal, y remarc\u00f3 que\u00a0<strong>ese ajuste<\/strong>\u00a0\u00ab<strong>cay\u00f3 sobre el sector p\u00fablico<\/strong>, no sobre el sector privado, por m\u00e1s que quieran venderlo de otra manera\u00bb.<\/p>\n<\/div>\n<div class=\"sc-80531b6b-0 XSMmt container-text text-embed\">\n<p>\u00ab<strong>El ajuste, lejos de ser recesivo, solo estabiliz\u00f3 la macro<\/strong>\u00a0y sent\u00f3 las bases para la fuerte recuperaci\u00f3n que estamos mostrando hoy. Entonces, como dec\u00eda (Thomas) Jefferson: &#8216;La verdad se defiende por su cuenta, solo el error necesita apoyo del gobierno'\u00bb, sintetiz\u00f3 su idea Milei.<\/p>\n<\/div>\n<div class=\"sc-80531b6b-0 XSMmt container-text text-embed\">\n<p>\u00abEs decir, a pesar de todas\u00a0<strong>las cosas que dicen los medios<\/strong>. Porque si ustedes<strong>\u00a0leyeran los editoriales<\/strong>\u00a0pareciera que estamos en el medio de la Segunda Guerra Mundial y perdiendo. Pero bueno,\u00a0<strong>se llama &#8216;abstinencia de pauta&#8217;<\/strong>. Les cortamos la pauta y entonces evidentemente parece que les duele\u00bb, agreg\u00f3, lanzando un nuevo ataque contra uno de sus enemigos predilectos.<\/p>\n<\/div>\n<div class=\"sc-3d4cfefd-7 sEHau\">\n<div id=\"div-gpt-ad-inread4\" class=\"sc-dd1745b8-0 fvsSwU lazyBanner\">\n<div id=\"google_ads_iframe_\/242767168\/clarin\/economia\/nota\/inread4_0__container__\"><\/div>\n<\/div>\n<\/div>\n<div class=\"sc-80531b6b-0 XSMmt container-text text-embed\">\n<p>Y en\u00a0<strong>una extra\u00f1a cita a Juan Domingo Per\u00f3n<\/strong>, concluy\u00f3: \u00abComo dec\u00eda alguien:\u00a0<strong>el \u00f3rgano m\u00e1s sensible del ser humano es el bolsillo<\/strong>\u00ab.<\/p>\n<\/div>\n<div class=\"sc-198be8ec-0 jDgmbe image-embed  image-embed \"><\/div>\n<div class=\"sc-80531b6b-0 XSMmt container-text text-embed\">\n<h2><strong>Pierpaolo Barbieri, de Ual\u00e1: \u00abNo hago ning\u00fan lobby para que se cumpla la regulaci\u00f3n, la cumplo\u00bb<\/strong><\/h2>\n<\/div>\n<div class=\"sc-80531b6b-0 XSMmt container-text text-embed\">\n<p>Terminado el evento, Barbieri se\u00f1al\u00f3 en una rueda con periodistas quelas nuevas oficinas funcionar\u00e1n como\u00a0<strong>headquarter<\/strong>\u00a0<strong>para Colombia y M\u00e9xico<\/strong>, los otros dos mercados donde opera Ual\u00e1, cuya ronda protagoniz\u00f3 la primera inversi\u00f3n en Am\u00e9rica Latina de\u00a0<strong>Allianz X<\/strong>, el brazo inversor de la aseguradora Allianz. Adem\u00e1s, destac\u00f3,es la\u00a0<strong>mayor inversi\u00f3n en la regi\u00f3n de los \u00faltimos tres a\u00f1os<\/strong>.<\/p>\n<\/div>\n<div class=\"sc-80531b6b-0 XSMmt container-text text-embed\">\n<p>\u00abComo banco regulado,\u00a0<strong>seguiremos expandiendo la oferta de servicios\u00a0<\/strong>en la Argentina, Colombia y M\u00e9xico. Construimos un ecosistema desde los pagos al cr\u00e9dito y las inversiones. Ya somos autosustentables en la Argentina y buscaremos serlo en el resto de los pa\u00edses para luego pensar los pr\u00f3ximos pasos de la empresa desde una posici\u00f3n financiera m\u00e1s s\u00f3lida\u00bb, destac\u00f3 Barbieri, que no dio precisiones de c\u00f3mo queda la participaci\u00f3n accionaria tras levantar capital, pero apunt\u00f3 que<strong>\u00a0\u00e9l no vendi\u00f3 acciones<\/strong>\u00a0y que la firma tiene\u00a0<strong>m\u00e1s de 200 accionistas<\/strong>.<\/p>\n<\/div>\n<div class=\"sc-80531b6b-0 XSMmt container-text text-embed\">\n<p>En la ronda, participaron\u00a0<strong>inversores nuevos y existentes<\/strong>, como Stone Ridge Holdings Group, Tencent, Pershing Square Foundation, Ribbit Capital, Alan Howard, Goldman Sachs Asset Management, Soros Fund Management LLC, Rodina, SoftBank Latin America Fund, Jefferies, D1 Capital Partners, Claure Group, AlleyCorp y Monashees.<\/p>\n<\/div>\n<div class=\"sc-80531b6b-0 XSMmt container-text text-embed\">\n<p>La fintech es el \u00fanico banco en el pa\u00eds con cuenta remunerada. En menos de siete a\u00f1os, logr\u00f3\u00a0<strong>m\u00e1s de 8 millones de usuarios<\/strong>\u00a0con\u00a0<strong>m\u00e1s de 7 millones de pr\u00e9stamos otorgados<\/strong>. M\u00e1s de 2,7 millones de personas invirtieron a trav\u00e9s de Ual\u00e1 y el volumen total de pagos de en el vertical de cobros en comercios creci\u00f3 un 55% en los \u00faltimos 12 meses.<\/p>\n<\/div>\n<div class=\"sc-80531b6b-0 XSMmt container-text text-embed\">\n<p><strong>\u00abUn 17% del pa\u00eds tiene Ual\u00e1<\/strong>\u00ab, se\u00f1al\u00f3 Barbieri, y adelant\u00f3 que analizar\u00e1n futuros negocios en<strong>\u00a0nuevos verticales<\/strong>\u00a0como\u00a0<strong>seguros<\/strong>, oportunidad que se abre tras la ronda encabezada por Allianz. \u00abEsperamos no necesitar capital nunca m\u00e1s\u00bb, agreg\u00f3 el CEO y fundador de la firma.<\/p>\n<\/div>\n<div class=\"sc-198be8ec-0 jDgmbe image-embed  image-embed \"><\/div>\n<div class=\"sc-80531b6b-0 XSMmt container-text text-embed\">\n<p>\u00ab<strong>La Argentina va a un crecimiento real, positivo y fuerte en 2025<\/strong>. Eso es bueno para los salarios y el trabajo. La baja de la inflaci\u00f3n es una buena noticia. Me habr\u00e1n escuchado decir que inflaci\u00f3n baja y estable, reglas claras y una econom\u00eda abierta son condiciones necesarias\u00bb, afirm\u00f3.<\/p>\n<\/div>\n<div class=\"sc-80531b6b-0 XSMmt container-text text-embed\">\n<p>Sobre la desregulaci\u00f3n del sector, opin\u00f3 que \u00abhay cosas que solamente pueden hacer bancos, y est\u00e1 bien que as\u00ed sea\u00bb. \u00abNo existe un sistema donde la gente pueda hacer intermediaci\u00f3n financiera sin supervisi\u00f3n bancaria. Hay muchos j<strong>ugadores que juegan al l\u00edmite de la regulaci\u00f3n<\/strong>. Yo no hago ning\u00fan lobby para que se cumpla la regulaci\u00f3n, la cumplo\u00bb, apunt\u00f3.<\/p>\n<\/div>\n<div class=\"sc-80531b6b-0 XSMmt container-text text-embed\">\n<p>Y agreg\u00f3 que a\u00fan hay cuestiones en las que hace falta avanzar, como la<strong>\u00a0interoperabilidad del QR<\/strong>. \u00abMuchos hablan de competencia, pero no abren sus sistemas a la competencia abierta, hacen lobby para cambiar las reglas que en el resto del mundo se cumplen\u00bb, indic\u00f3.<\/p>\n<\/div>\n<div class=\"sc-3d4cfefd-0 dYZKOs\">\n<div id=\"div-gpt-ad-caja3\" class=\"sc-dd1745b8-0 fvsSwU lazyBanner\" data-google-query-id=\"CKLutvHr1okDFddU3QIdZmUzow\">\n<div id=\"google_ads_iframe_\/242767168\/clarin\/economia\/nota\/caja3_0__container__\"><\/div>\n<\/div>\n<\/div>\n<div class=\"sc-80531b6b-0 XSMmt container-text text-embed\">\n<p>Por \u00faltimo, consultado sobre\u00a0<strong>la posibilidad de salir a la bolsa<\/strong>, Pierpaolo cerr\u00f3: \u00abSer\u00eda un orgullo ser la primera empresa argentina en mucho tiempo en cotizar en los Estados Unidos, pero\u00a0<strong>no tenemos un timming claro todav\u00eda<\/strong>. El objetivo es tener un tama\u00f1o de mercado desarrollado. Lo bueno es que ya operamos como banco en todos los dem\u00e1s pa\u00edses\u00bb.<\/p>\n<\/div>\n<\/div>\n<\/div>\n<\/article>\n<\/section>\n","protected":false},"excerpt":{"rendered":"<p>Ual\u00e1: Javier Milei expreso prefiero venir a felicitarlos que inaugurar una obra p\u00fablica costosa e ineficiente. El Presidente<\/p>\n","protected":false},"author":8,"featured_media":7053,"comment_status":"open","ping_status":"open","sticky":false,"template":"","format":"standard","meta":{"footnotes":""},"categories":[3],"tags":[692,2596,211,2707],"class_list":["post-7052","post","type-post","status-publish","format-standard","has-post-thumbnail","hentry","category-nacionales","tag-javier-milei","tag-juan-domingo-peron","tag-obra-publica","tag-uala"],"featured_image_urls":{"full":["https:\/\/opinionpublica.com.ar\/index\/wp-content\/uploads\/2024\/11\/wjp55GhKP_600x600__1-milei-uala.jpg",600,600,false],"thumbnail":["https:\/\/opinionpublica.com.ar\/index\/wp-content\/uploads\/2024\/11\/wjp55GhKP_600x600__1-milei-uala-150x150.jpg",150,150,true],"medium":["https:\/\/opinionpublica.com.ar\/index\/wp-content\/uploads\/2024\/11\/wjp55GhKP_600x600__1-milei-uala-300x300.jpg",300,300,true],"medium_large":["https:\/\/opinionpublica.com.ar\/index\/wp-content\/uploads\/2024\/11\/wjp55GhKP_600x600__1-milei-uala.jpg",600,600,false],"large":["https:\/\/opinionpublica.com.ar\/index\/wp-content\/uploads\/2024\/11\/wjp55GhKP_600x600__1-milei-uala.jpg",600,600,false],"1536x1536":["https:\/\/opinionpublica.com.ar\/index\/wp-content\/uploads\/2024\/11\/wjp55GhKP_600x600__1-milei-uala.jpg",600,600,false],"2048x2048":["https:\/\/opinionpublica.com.ar\/index\/wp-content\/uploads\/2024\/11\/wjp55GhKP_600x600__1-milei-uala.jpg",600,600,false],"morenews-large":["https:\/\/opinionpublica.com.ar\/index\/wp-content\/uploads\/2024\/11\/wjp55GhKP_600x600__1-milei-uala-600x575.jpg",600,575,true],"morenews-medium":["https:\/\/opinionpublica.com.ar\/index\/wp-content\/uploads\/2024\/11\/wjp55GhKP_600x600__1-milei-uala-590x410.jpg",590,410,true]},"author_info":{"display_name":"RKing","author_link":"https:\/\/opinionpublica.com.ar\/index\/author\/rking\/"},"category_info":"<a href=\"https:\/\/opinionpublica.com.ar\/index\/category\/nacionales\/\" rel=\"category tag\">Nacionales<\/a>","tag_info":"Nacionales","comment_count":"0","_links":{"self":[{"href":"https:\/\/opinionpublica.com.ar\/index\/wp-json\/wp\/v2\/posts\/7052","targetHints":{"allow":["GET"]}}],"collection":[{"href":"https:\/\/opinionpublica.com.ar\/index\/wp-json\/wp\/v2\/posts"}],"about":[{"href":"https:\/\/opinionpublica.com.ar\/index\/wp-json\/wp\/v2\/types\/post"}],"author":[{"embeddable":true,"href":"https:\/\/opinionpublica.com.ar\/index\/wp-json\/wp\/v2\/users\/8"}],"replies":[{"embeddable":true,"href":"https:\/\/opinionpublica.com.ar\/index\/wp-json\/wp\/v2\/comments?post=7052"}],"version-history":[{"count":1,"href":"https:\/\/opinionpublica.com.ar\/index\/wp-json\/wp\/v2\/posts\/7052\/revisions"}],"predecessor-version":[{"id":7055,"href":"https:\/\/opinionpublica.com.ar\/index\/wp-json\/wp\/v2\/posts\/7052\/revisions\/7055"}],"wp:featuredmedia":[{"embeddable":true,"href":"https:\/\/opinionpublica.com.ar\/index\/wp-json\/wp\/v2\/media\/7053"}],"wp:attachment":[{"href":"https:\/\/opinionpublica.com.ar\/index\/wp-json\/wp\/v2\/media?parent=7052"}],"wp:term":[{"taxonomy":"category","embeddable":true,"href":"https:\/\/opinionpublica.com.ar\/index\/wp-json\/wp\/v2\/categories?post=7052"},{"taxonomy":"post_tag","embeddable":true,"href":"https:\/\/opinionpublica.com.ar\/index\/wp-json\/wp\/v2\/tags?post=7052"}],"curies":[{"name":"wp","href":"https:\/\/api.w.org\/{rel}","templated":true}]}}