{"id":7056,"date":"2024-11-12T10:18:49","date_gmt":"2024-11-12T13:18:49","guid":{"rendered":"https:\/\/opinionpublica.com.ar\/index\/?p=7056"},"modified":"2024-11-12T10:18:49","modified_gmt":"2024-11-12T13:18:49","slug":"en-la-audiencia-publica-amplio-rechazo-por-la-creacion-del-ente-turismo-ushuaia","status":"publish","type":"post","link":"https:\/\/opinionpublica.com.ar\/index\/en-la-audiencia-publica-amplio-rechazo-por-la-creacion-del-ente-turismo-ushuaia\/","title":{"rendered":"En la audiencia p\u00fablica amplio rechazo por la creaci\u00f3n del Ente Turismo Ushuaia"},"content":{"rendered":"<p>En la audiencia p\u00fablica amplio rechazo por la creaci\u00f3n del Ente Turismo Ushuaia.<\/p>\n<p>Este lunes se llev\u00f3 a cabo en el Concejo Deliberante de Ushuaia la audiencia p\u00fablica para debatir el proyecto de ordenanza que propone la creaci\u00f3n del Ente Turismo Ushuaia (Enutur).<\/p>\n<p>Esta iniciativa, ya aprobada en primera lectura, incluye la creaci\u00f3n de un organismo que gestionar\u00eda la actividad tur\u00edstica de la ciudad y la implementaci\u00f3n de una tasa denominada \u201cderecho de uso urbano\u201d a turistas nacionales y extranjeros.<\/p>\n<p>La audiencia fue una oportunidad para que distintos sectores expresaran su posici\u00f3n respecto a este controversial proyecto.<\/p>\n<p><a href=\"https:\/\/opinionpublica.com.ar\/index\/wp-content\/uploads\/2024\/11\/2024111110051501bacb03d7f15dcabc10d5b363a95d9f-audiencia-publica-ecotasa.jpg\"><img fetchpriority=\"high\" decoding=\"async\" class=\"alignnone size-full wp-image-7058\" src=\"https:\/\/opinionpublica.com.ar\/index\/wp-content\/uploads\/2024\/11\/2024111110051501bacb03d7f15dcabc10d5b363a95d9f-audiencia-publica-ecotasa.jpg\" alt=\"\" width=\"1411\" height=\"1080\" srcset=\"https:\/\/opinionpublica.com.ar\/index\/wp-content\/uploads\/2024\/11\/2024111110051501bacb03d7f15dcabc10d5b363a95d9f-audiencia-publica-ecotasa.jpg 1411w, https:\/\/opinionpublica.com.ar\/index\/wp-content\/uploads\/2024\/11\/2024111110051501bacb03d7f15dcabc10d5b363a95d9f-audiencia-publica-ecotasa-300x230.jpg 300w, https:\/\/opinionpublica.com.ar\/index\/wp-content\/uploads\/2024\/11\/2024111110051501bacb03d7f15dcabc10d5b363a95d9f-audiencia-publica-ecotasa-1024x784.jpg 1024w, https:\/\/opinionpublica.com.ar\/index\/wp-content\/uploads\/2024\/11\/2024111110051501bacb03d7f15dcabc10d5b363a95d9f-audiencia-publica-ecotasa-768x588.jpg 768w\" sizes=\"(max-width: 1411px) 100vw, 1411px\" \/><\/a><\/p>\n<p>La sesi\u00f3n cont\u00f3 con la participaci\u00f3n de representantes de las c\u00e1maras empresariales vinculadas al turismo, quienes plantearon su rechazo un\u00e1nime a la imposici\u00f3n de esta nueva tasa. Patricio Cornejo, presidente de la C\u00e1mara de Turismo, hab\u00eda anticipado las preocupaciones de las c\u00e1maras empresariales, se\u00f1alando que la propuesta avanza sin el di\u00e1logo necesario con el sector privado y advirtiendo que el cobro de este tributo podr\u00eda desalentar la llegada de visitantes a Ushuaia en un contexto de crisis econ\u00f3mica.<\/p>\n<p>Tras la audiencia, el concejal del Movimiento Popular Fueguino, Vladimir Espeche, expres\u00f3 su oposici\u00f3n al proyecto. Espeche destac\u00f3 la importancia de un abordaje colaborativo para cualquier medida que afecte la actividad tur\u00edstica y cuestion\u00f3 la decisi\u00f3n de avanzar con la tasa de manera \u201ccompulsiva\u201d. \u201cToda la sociedad, todo el sector del turismo est\u00e1 en desacuerdo en tratar de imponer de forma compulsiva una tasa, que va a ser perjudicial para la actividad en un momento en que el turismo no atraviesa sus mejores momentos debido a la crisis econ\u00f3mica que vivimos\u201d, afirm\u00f3 el edil. Agreg\u00f3, adem\u00e1s, que el proyecto deber\u00eda haber sido remitido nuevamente a comisi\u00f3n para un an\u00e1lisis m\u00e1s profundo, donde todos los sectores pudieran aportar al desarrollo de una pol\u00edtica tur\u00edstica sostenible y consensuada.<\/p>\n<p>Espeche tambi\u00e9n se\u00f1al\u00f3 la falta de una infraestructura adecuada en la ciudad como un argumento en contra de la tasa. \u201cVecinos y trabajadores del sector tur\u00edstico plantearon que es llamativo cobrar una tasa cuando la ciudad no tiene buena accesibilidad y las calles est\u00e1n deterioradas\u201d, mencion\u00f3. Seg\u00fan Espeche, la iniciativa deber\u00eda construirse con la participaci\u00f3n de todos los sectores para lograr una pol\u00edtica tur\u00edstica orientada al crecimiento y a la mejora de la ciudad.<\/p>\n<p>La audiencia p\u00fablica concluy\u00f3 con un marcado rechazo de parte de los participantes hacia la creaci\u00f3n de Enutur y la imposici\u00f3n del \u201cderecho de uso urbano\u201d. Los sectores involucrados piden que el proyecto sea revisado a fondo y que se establezca un di\u00e1logo abierto para abordar de forma conjunta las pol\u00edticas que impactan en el turismo, un sector fundamental para la econom\u00eda local. La discusi\u00f3n ahora queda en manos del Concejo Deliberante, que deber\u00e1 decidir si da curso al proyecto en segunda lectura o si atiende las voces del sector tur\u00edstico y de la comunidad, que solicitan un proceso m\u00e1s participativo y consensuado.<\/p>\n","protected":false},"excerpt":{"rendered":"<p>En la audiencia p\u00fablica amplio rechazo por la creaci\u00f3n del Ente Turismo Ushuaia. Este lunes se llev\u00f3 a<\/p>\n","protected":false},"author":8,"featured_media":7058,"comment_status":"open","ping_status":"open","sticky":false,"template":"","format":"standard","meta":{"footnotes":""},"categories":[23,21],"tags":[2448,2708,249],"class_list":["post-7056","post","type-post","status-publish","format-standard","has-post-thumbnail","hentry","category-turismo","category-ushuaia","tag-audiencias-publicas","tag-ente-turismo-ushuaia","tag-rechazo"],"featured_image_urls":{"full":["https:\/\/opinionpublica.com.ar\/index\/wp-content\/uploads\/2024\/11\/2024111110051501bacb03d7f15dcabc10d5b363a95d9f-audiencia-publica-ecotasa.jpg",1411,1080,false],"thumbnail":["https:\/\/opinionpublica.com.ar\/index\/wp-content\/uploads\/2024\/11\/2024111110051501bacb03d7f15dcabc10d5b363a95d9f-audiencia-publica-ecotasa-150x150.jpg",150,150,true],"medium":["https:\/\/opinionpublica.com.ar\/index\/wp-content\/uploads\/2024\/11\/2024111110051501bacb03d7f15dcabc10d5b363a95d9f-audiencia-publica-ecotasa-300x230.jpg",300,230,true],"medium_large":["https:\/\/opinionpublica.com.ar\/index\/wp-content\/uploads\/2024\/11\/2024111110051501bacb03d7f15dcabc10d5b363a95d9f-audiencia-publica-ecotasa-768x588.jpg",640,490,true],"large":["https:\/\/opinionpublica.com.ar\/index\/wp-content\/uploads\/2024\/11\/2024111110051501bacb03d7f15dcabc10d5b363a95d9f-audiencia-publica-ecotasa-1024x784.jpg",640,490,true],"1536x1536":["https:\/\/opinionpublica.com.ar\/index\/wp-content\/uploads\/2024\/11\/2024111110051501bacb03d7f15dcabc10d5b363a95d9f-audiencia-publica-ecotasa.jpg",1411,1080,false],"2048x2048":["https:\/\/opinionpublica.com.ar\/index\/wp-content\/uploads\/2024\/11\/2024111110051501bacb03d7f15dcabc10d5b363a95d9f-audiencia-publica-ecotasa.jpg",1411,1080,false],"morenews-large":["https:\/\/opinionpublica.com.ar\/index\/wp-content\/uploads\/2024\/11\/2024111110051501bacb03d7f15dcabc10d5b363a95d9f-audiencia-publica-ecotasa-825x575.jpg",825,575,true],"morenews-medium":["https:\/\/opinionpublica.com.ar\/index\/wp-content\/uploads\/2024\/11\/2024111110051501bacb03d7f15dcabc10d5b363a95d9f-audiencia-publica-ecotasa-590x410.jpg",590,410,true]},"author_info":{"display_name":"RKing","author_link":"https:\/\/opinionpublica.com.ar\/index\/author\/rking\/"},"category_info":"<a href=\"https:\/\/opinionpublica.com.ar\/index\/category\/turismo\/\" rel=\"category tag\">Turismo<\/a> <a href=\"https:\/\/opinionpublica.com.ar\/index\/category\/ushuaia\/\" rel=\"category tag\">Ushuaia<\/a>","tag_info":"Ushuaia","comment_count":"0","_links":{"self":[{"href":"https:\/\/opinionpublica.com.ar\/index\/wp-json\/wp\/v2\/posts\/7056","targetHints":{"allow":["GET"]}}],"collection":[{"href":"https:\/\/opinionpublica.com.ar\/index\/wp-json\/wp\/v2\/posts"}],"about":[{"href":"https:\/\/opinionpublica.com.ar\/index\/wp-json\/wp\/v2\/types\/post"}],"author":[{"embeddable":true,"href":"https:\/\/opinionpublica.com.ar\/index\/wp-json\/wp\/v2\/users\/8"}],"replies":[{"embeddable":true,"href":"https:\/\/opinionpublica.com.ar\/index\/wp-json\/wp\/v2\/comments?post=7056"}],"version-history":[{"count":1,"href":"https:\/\/opinionpublica.com.ar\/index\/wp-json\/wp\/v2\/posts\/7056\/revisions"}],"predecessor-version":[{"id":7059,"href":"https:\/\/opinionpublica.com.ar\/index\/wp-json\/wp\/v2\/posts\/7056\/revisions\/7059"}],"wp:featuredmedia":[{"embeddable":true,"href":"https:\/\/opinionpublica.com.ar\/index\/wp-json\/wp\/v2\/media\/7058"}],"wp:attachment":[{"href":"https:\/\/opinionpublica.com.ar\/index\/wp-json\/wp\/v2\/media?parent=7056"}],"wp:term":[{"taxonomy":"category","embeddable":true,"href":"https:\/\/opinionpublica.com.ar\/index\/wp-json\/wp\/v2\/categories?post=7056"},{"taxonomy":"post_tag","embeddable":true,"href":"https:\/\/opinionpublica.com.ar\/index\/wp-json\/wp\/v2\/tags?post=7056"}],"curies":[{"name":"wp","href":"https:\/\/api.w.org\/{rel}","templated":true}]}}