{"id":7060,"date":"2024-11-12T10:24:11","date_gmt":"2024-11-12T13:24:11","guid":{"rendered":"https:\/\/opinionpublica.com.ar\/index\/?p=7060"},"modified":"2024-11-12T10:24:11","modified_gmt":"2024-11-12T13:24:11","slug":"foro-pescar-lanzaron-el-encuentro-anual-de-la-industria-pesquera-argentina-en-puerto-madryn","status":"publish","type":"post","link":"https:\/\/opinionpublica.com.ar\/index\/foro-pescar-lanzaron-el-encuentro-anual-de-la-industria-pesquera-argentina-en-puerto-madryn\/","title":{"rendered":"Foro Pescar: lanzaron el Encuentro Anual de la Industria Pesquera Argentina en Puerto Madryn"},"content":{"rendered":"<div class=\"row pb3p\">\n<div class=\"pt3p pb3p col-offset-0 col-md-offset-1 col-12 col-md-11 nota-encabezado\">\n<p class=\"ftitulo cblack bold fz43 mb15 lh50\">Foro Pescar: lanzaron el Encuentro Anual de la Industria Pesquera Argentina en Puerto Madryn.<\/p>\n<p class=\"fparrafo ctext fz18 lh25\">Ser\u00e1 un espacio de discusi\u00f3n, conexi\u00f3n y proyecci\u00f3n para un sector clave de la econom\u00eda argentina. La jornada promete debates, paneles con expertos y la formulaci\u00f3n de una agenda nacional.<\/p>\n<p><a href=\"https:\/\/opinionpublica.com.ar\/index\/wp-content\/uploads\/2024\/11\/20241112051621_img-0166-foro-pesca.jpg\"><img fetchpriority=\"high\" decoding=\"async\" class=\"alignnone size-full wp-image-7061\" src=\"https:\/\/opinionpublica.com.ar\/index\/wp-content\/uploads\/2024\/11\/20241112051621_img-0166-foro-pesca.jpg\" alt=\"\" width=\"880\" height=\"512\" srcset=\"https:\/\/opinionpublica.com.ar\/index\/wp-content\/uploads\/2024\/11\/20241112051621_img-0166-foro-pesca.jpg 880w, https:\/\/opinionpublica.com.ar\/index\/wp-content\/uploads\/2024\/11\/20241112051621_img-0166-foro-pesca-300x175.jpg 300w, https:\/\/opinionpublica.com.ar\/index\/wp-content\/uploads\/2024\/11\/20241112051621_img-0166-foro-pesca-768x447.jpg 768w\" sizes=\"(max-width: 880px) 100vw, 880px\" \/><\/a><\/p>\n<\/div>\n<\/div>\n<div class=\"row\">\n<div class=\"col-12 col-md-1 fparrafo fz10 lh14 posr ctext columnista\"><\/div>\n<div class=\"col-12 col-md-11 fparrafo ctext fz16 lh28 mb20\">\n<div class=\"wysiwyg mb15 texto_nota\">\n<p>Puerto Madryn ser\u00e1 sede, el pr\u00f3ximo 6 de marzo de 2025, del primer el Encuentro Anual de la Industria Pesquera Argentina \u2013 Foro Pescar. Se trata de un evento sin precedentes en el \u00e1mbito del sector pesquero argentino. La iniciativa, impulsada por el empresario Ra\u00fal Mat\u00edas \u2018Tato\u2019 Cereseto, pretende establecer un espacio de encuentro, discusi\u00f3n y actualizaci\u00f3n para todos los actores vinculados a la actividad y sus sectores asociados. La presentaci\u00f3n del foro tuvo lugar en el Ecocentro este lunes a la ma\u00f1ana, en el marco de una conferencia a la que asistieron empresarios, representantes de CAFACh, CAPIP y el propio intendente Gustavo Sastre.<\/p>\n<p>Leonardo Redolfi, coorganizador del evento, explic\u00f3 a Canal 12 que la idea surgi\u00f3 meses atr\u00e1s cuando fue convocado por Cereseto. \u201cTato me llam\u00f3 para pensar en un evento que pudiera reunir a la industria. Es incre\u00edble c\u00f3mo un sector tan importante para el PBI argentino no cuenta con una plataforma de este tipo\u201d, coment\u00f3 el integrante de la organizaci\u00f3n. Seg\u00fan explic\u00f3, el Foro Pescar busca no solo generar un espacio de negocios y contenidos, sino tambi\u00e9n conectar a las personas y promover la innovaci\u00f3n en un sector vital para la econom\u00eda regional y nacional.<\/p>\n<p>El encuentro se llevar\u00e1 a cabo en el Hotel Rayentray y se extender\u00e1 desde las 9 de la ma\u00f1ana hasta las 6 de la tarde. La jornada contar\u00e1 con la participaci\u00f3n de destacados referentes de la industria pesquera, as\u00ed como especialistas en econom\u00eda y pol\u00edtica, como el economista Claudio Zuchovicki y el analista pol\u00edtico Sergio Berensztein. \u201cQueremos que este evento sea el faro que gu\u00ede el futuro de la industria pesquera, un espacio que se repita a\u00f1o a a\u00f1o y permita un crecimiento constante\u201d, agreg\u00f3 Cereseto.<\/p>\n<p>Adem\u00e1s, el foro contar\u00e1 con la presencia de expertos internacionales, entre ellos la ex secretaria de Acuicultura de Chile, pa\u00eds l\u00edder en la materia en Latinoam\u00e9rica. Otto W\u00f6hler, director del INIDEP, y el subsecretario de Pesca de la Naci\u00f3n, Juan Antonio L\u00f3pez Cazorla, tambi\u00e9n participar\u00e1n como oradores destacados.<\/p>\n<p>Uno de los puntos clave del foro ser\u00e1 la amplitud de los temas abordados. \u201cNo queremos limitarnos solo a la pesca. El foro incluir\u00e1 a toda la cadena de valor: industria naval, acuicultura, ciencia, educaci\u00f3n y tecnolog\u00eda\u201d, destac\u00f3 Redolfi. Los organizadores esperan que este enfoque integral permita a los participantes debatir y conformar una agenda que impulse el desarrollo del sector pesquero de manera sustentable y estrat\u00e9gica.<\/p>\n<p>La elecci\u00f3n de Puerto Madryn como sede no es casual. La ciudad, adem\u00e1s de ser un epicentro clave para la industria, cuenta con una belleza natural \u00fanica, como la Pen\u00ednsula Vald\u00e9s, lo que la convierte en un lugar atractivo para visitantes de todo el mundo. \u201cMadryn tiene la infraestructura y la capacidad productiva necesarias. Adem\u00e1s, es una ciudad hermosa que esperamos todos puedan disfrutar\u201d, se\u00f1al\u00f3 el empresario.<\/p>\n<p>El encuentro anual no solo busca ser un espacio de di\u00e1logo y encuentro, sino tambi\u00e9n un punto de partida para acciones concretas. \u201cLa idea es que las conclusiones del foro marquen una agenda pesquera a nivel nacional y sirvan como base para futuras pol\u00edticas de desarrollo\u201d, explic\u00f3 Redolfi. Los organizadores apuntan a que las discusiones y los consensos que surjan del evento se reflejen en actualizaciones legislativas y en una mayor inclusi\u00f3n de la pesca en las mesas de discusi\u00f3n pol\u00edtica y econ\u00f3mica.<\/p>\n<p>La propuesta del foro ha sido bien recibida por el sector pesquero. \u201cEl di\u00e1logo es fundamental, y en este contexto, es importante que el sector privado y p\u00fablico trabajen juntos\u201d, remarc\u00f3 sobre el final Ra\u00fal Cereseto. (Fuente:Canal 12 web)<\/p>\n<\/div>\n<\/div>\n<\/div>\n","protected":false},"excerpt":{"rendered":"<p>Foro Pescar: lanzaron el Encuentro Anual de la Industria Pesquera Argentina en Puerto Madryn. Ser\u00e1 un espacio de<\/p>\n","protected":false},"author":8,"featured_media":7061,"comment_status":"open","ping_status":"open","sticky":false,"template":"","format":"standard","meta":{"footnotes":""},"categories":[3],"tags":[2711,1290,2709,2710],"class_list":["post-7060","post","type-post","status-publish","format-standard","has-post-thumbnail","hentry","category-nacionales","tag-cafach","tag-capip","tag-foro-pescar","tag-industria-pesquera-argentina"],"featured_image_urls":{"full":["https:\/\/opinionpublica.com.ar\/index\/wp-content\/uploads\/2024\/11\/20241112051621_img-0166-foro-pesca.jpg",880,512,false],"thumbnail":["https:\/\/opinionpublica.com.ar\/index\/wp-content\/uploads\/2024\/11\/20241112051621_img-0166-foro-pesca-150x150.jpg",150,150,true],"medium":["https:\/\/opinionpublica.com.ar\/index\/wp-content\/uploads\/2024\/11\/20241112051621_img-0166-foro-pesca-300x175.jpg",300,175,true],"medium_large":["https:\/\/opinionpublica.com.ar\/index\/wp-content\/uploads\/2024\/11\/20241112051621_img-0166-foro-pesca-768x447.jpg",640,373,true],"large":["https:\/\/opinionpublica.com.ar\/index\/wp-content\/uploads\/2024\/11\/20241112051621_img-0166-foro-pesca.jpg",640,372,false],"1536x1536":["https:\/\/opinionpublica.com.ar\/index\/wp-content\/uploads\/2024\/11\/20241112051621_img-0166-foro-pesca.jpg",880,512,false],"2048x2048":["https:\/\/opinionpublica.com.ar\/index\/wp-content\/uploads\/2024\/11\/20241112051621_img-0166-foro-pesca.jpg",880,512,false],"morenews-large":["https:\/\/opinionpublica.com.ar\/index\/wp-content\/uploads\/2024\/11\/20241112051621_img-0166-foro-pesca-825x512.jpg",825,512,true],"morenews-medium":["https:\/\/opinionpublica.com.ar\/index\/wp-content\/uploads\/2024\/11\/20241112051621_img-0166-foro-pesca-590x410.jpg",590,410,true]},"author_info":{"display_name":"RKing","author_link":"https:\/\/opinionpublica.com.ar\/index\/author\/rking\/"},"category_info":"<a href=\"https:\/\/opinionpublica.com.ar\/index\/category\/nacionales\/\" rel=\"category tag\">Nacionales<\/a>","tag_info":"Nacionales","comment_count":"1","_links":{"self":[{"href":"https:\/\/opinionpublica.com.ar\/index\/wp-json\/wp\/v2\/posts\/7060","targetHints":{"allow":["GET"]}}],"collection":[{"href":"https:\/\/opinionpublica.com.ar\/index\/wp-json\/wp\/v2\/posts"}],"about":[{"href":"https:\/\/opinionpublica.com.ar\/index\/wp-json\/wp\/v2\/types\/post"}],"author":[{"embeddable":true,"href":"https:\/\/opinionpublica.com.ar\/index\/wp-json\/wp\/v2\/users\/8"}],"replies":[{"embeddable":true,"href":"https:\/\/opinionpublica.com.ar\/index\/wp-json\/wp\/v2\/comments?post=7060"}],"version-history":[{"count":2,"href":"https:\/\/opinionpublica.com.ar\/index\/wp-json\/wp\/v2\/posts\/7060\/revisions"}],"predecessor-version":[{"id":7079,"href":"https:\/\/opinionpublica.com.ar\/index\/wp-json\/wp\/v2\/posts\/7060\/revisions\/7079"}],"wp:featuredmedia":[{"embeddable":true,"href":"https:\/\/opinionpublica.com.ar\/index\/wp-json\/wp\/v2\/media\/7061"}],"wp:attachment":[{"href":"https:\/\/opinionpublica.com.ar\/index\/wp-json\/wp\/v2\/media?parent=7060"}],"wp:term":[{"taxonomy":"category","embeddable":true,"href":"https:\/\/opinionpublica.com.ar\/index\/wp-json\/wp\/v2\/categories?post=7060"},{"taxonomy":"post_tag","embeddable":true,"href":"https:\/\/opinionpublica.com.ar\/index\/wp-json\/wp\/v2\/tags?post=7060"}],"curies":[{"name":"wp","href":"https:\/\/api.w.org\/{rel}","templated":true}]}}