{"id":7063,"date":"2024-11-12T10:46:34","date_gmt":"2024-11-12T13:46:34","guid":{"rendered":"https:\/\/opinionpublica.com.ar\/index\/?p=7063"},"modified":"2024-11-12T10:46:34","modified_gmt":"2024-11-12T13:46:34","slug":"el-legislador-de-la-libertad-avanza-agustin-coto-expuso-contradicciones-en-el-gobierno","status":"publish","type":"post","link":"https:\/\/opinionpublica.com.ar\/index\/el-legislador-de-la-libertad-avanza-agustin-coto-expuso-contradicciones-en-el-gobierno\/","title":{"rendered":"El legislador de La Libertad Avanza Agust\u00edn Coto expuso contradicciones en el gobierno"},"content":{"rendered":"<header class=\"entry-header\">\n<p class=\"entry-title\">El legislador de La Libertad Avanza Agust\u00edn Coto expuso contradicciones en el gobierno.<\/p>\n<\/header>\n<div class=\"entry-content clearfix\">\n<p>El legislador de La Libertad Avanza Agust\u00edn Coto expuso contradicciones en el gobierno, porque no toma las herramientas que se est\u00e1n brindando a nivel nacional para generar diversificaci\u00f3n y desarrollo, y va a pedir fondos a nivel nacional. Particularmente apunt\u00f3 contra la gesti\u00f3n de Gustavo Melella y de su aliado pol\u00edtico Walter Vuoto.<\/p>\n<p><a href=\"https:\/\/opinionpublica.com.ar\/index\/wp-content\/uploads\/2024\/03\/agustin-coto-1.webp\"><img fetchpriority=\"high\" decoding=\"async\" class=\"alignnone size-full wp-image-1017\" src=\"https:\/\/opinionpublica.com.ar\/index\/wp-content\/uploads\/2024\/03\/agustin-coto-1.webp\" alt=\"\" width=\"1400\" height=\"935\" srcset=\"https:\/\/opinionpublica.com.ar\/index\/wp-content\/uploads\/2024\/03\/agustin-coto-1.webp 1400w, https:\/\/opinionpublica.com.ar\/index\/wp-content\/uploads\/2024\/03\/agustin-coto-1-300x200.webp 300w, https:\/\/opinionpublica.com.ar\/index\/wp-content\/uploads\/2024\/03\/agustin-coto-1-1024x684.webp 1024w, https:\/\/opinionpublica.com.ar\/index\/wp-content\/uploads\/2024\/03\/agustin-coto-1-768x513.webp 768w\" sizes=\"(max-width: 1400px) 100vw, 1400px\" \/><\/a><\/p>\n<p>En el caso de Melella, cuestion\u00f3 que todav\u00eda no se haya adherido al RIGI, para permitir nuevas inversiones y, yendo al \u00e1mbito municipal, que no se haya aprobado el cr\u00e9dito del municipio de R\u00edo Grande para un nuevo frigor\u00edfico, que es fundamental para la actividad agropecuaria. En el caso de Vuoto, carg\u00f3 contra el cobro de un impuesto al turista adem\u00e1s de sumar una nueva estructura municipal, que va en el sentido contrario de la pol\u00edtica nacional que busca reducir estructuras y eliminar impuestos. \u201cEstamos discutiendo en Ushuaia la creaci\u00f3n de un ente aut\u00e1rquico y de un impuesto nuevo y la verdad es que no se les cae una idea, porque las ideas que se les caen es cobrarle m\u00e1s a la gente y no permitir que la gente pueda producir m\u00e1s\u201d, dispar\u00f3. \u201cEl RIGI no avanza, no invierten en cosas nuevas y la verdad es que la planificaci\u00f3n socialista no funcion\u00f3\u201d, sostuvo. Para Coto hay \u201cun miedo enorme a no poder controlar la vida de los dem\u00e1s\u201d, al poner trabas a la actividad privada. \u201cParece que ellos se la saben todas y los que invierten su capital son todos giles\u201d, dijo, y sugiri\u00f3 \u201cno llamar tanto la atenci\u00f3n a nivel nacional, porque no sea cosa de que se aviven de que estamos haciendo poco\u201d.<\/p>\n<p>&nbsp;<\/p>\n<p>El legislador de La Libertad Avanza Agust\u00edn Coto brind\u00f3 una extensa entrevista al programa \u2018Buscando el Equilibrio\u2019 por Radio Provincia en la que abord\u00f3 lo que considera contradicciones en la gesti\u00f3n Melella, que habr\u00eda convertido al Estado \u201cen una m\u00e1quina de impedir\u201d, por las trabas a las nuevas inversiones.<\/p>\n<p>En principio se refiri\u00f3 al tratamiento del presupuesto 2025 y se\u00f1al\u00f3 que \u201cya est\u00e1 el calendario de las exposiciones de las diferentes \u00e1reas de gobierno que van a venir a la Legislatura a defender el presupuesto. Lo l\u00f3gico es que la provincia tenga un presupuesto aprobado, porque permite auditarlo. Una reconducci\u00f3n, que es la situaci\u00f3n en la que estamos hoy, no es buena. Acumular reconducciones con un aumento de recaudaci\u00f3n y asignar esos recursos sin poder auditarlos es un problema\u201d, consider\u00f3.<\/p>\n<p>Respecto de su proyecto de adhesi\u00f3n al RIGI, sostuvo que \u201cno hemos logrado todav\u00eda que haya tratamiento del asunto en la comisi\u00f3n 1, de legislaci\u00f3n general. No ha sido analizado formalmente por los legisladores y deber\u00eda aprobarse cuanto antes, porque es necesario para la provincia. No hacerlo es perder una herramienta muy importante. Ya est\u00e1n adheridas R\u00edo Negro, Chubut, Mendoza, San Juan, Salta y C\u00f3rdoba y no termino de entender el motivo por el cual el Ejecutivo le tiene miedo o no quiere avanzar con el tema, cuando deber\u00edamos ser la primera de las 24 provincias en adherir a un r\u00e9gimen especial que nos permite inversiones\u201d.<\/p>\n<p>\u201cLo que estuvimos haciendo no es ampliar la matriz productiva, porque hay sectores que se pueden desarrollar mucho m\u00e1s, como el agro, con todo lo que significa: agroalimentos, farmas, poder aprobar una ley de salmonicultura que hoy est\u00e1 en 50 toneladas de producci\u00f3n anual y significa nada. Es como poner un quiosco y vender un alfajor por mes. Eso lo hace inviable. La turba es otro recurso a desarrollar, hay que seguir potenciando el turismo, que es diversificaci\u00f3n de la matriz productiva; la log\u00edstica ant\u00e1rtica, el puerto de R\u00edo Grande. Si no empezamos a diversificar la matriz productiva, no vamos a ampliar la matriz. No se ampl\u00eda dici\u00e9ndolo, sino invirtiendo y permitiendo la inversi\u00f3n en sectores que sean productivos, que no sean los mismos que se vienen trabajando hace 50 a\u00f1os\u201d, subray\u00f3.<\/p>\n<p>\u201cSi la provincia va a seguir poni\u00e9ndose palos en la rueda a s\u00ed misma, por no ampliar sus posibilidades de inversi\u00f3n, se hace imposible. Tenemos un r\u00e9gimen como el RIGI, que nos puede permitir grandes inversiones, pero el gobierno no lo quiere. Tenemos la posibilidad de ampliar el desarrollo acu\u00edcola de la provincia con salmonicultura, pero la provincia no quiere. La verdad es que el gobierno parece m\u00e1s una m\u00e1quina de impedir que otra cosa. Parece que el gobierno de la provincia lo que no quiere es producir y quiere que la plata venga por obra y gracia del Esp\u00edritu Santo, o por obra y gracia de la coparticipaci\u00f3n y las transferencias discrecionales, que es como se estuvo manejando este \u00faltimo tiempo\u201d, cuestion\u00f3.<\/p>\n<p>\u201cLo escuch\u00e9 al gobernador quej\u00e1ndose de que la gente vot\u00f3 al presidente Milei porque vot\u00f3 el ajuste, pero lo divertido es que el que no hizo ning\u00fan ajuste es el gobierno de la provincia. El gobierno no est\u00e1 tomando la temperatura de lo que sucede a nivel nacional y de lo que la gente est\u00e1 pidiendo. Y est\u00e1 pidiendo que ajuste, que deje de gastar guita y de inventar cosas. En el medio estamos discutiendo en Ushuaia la creaci\u00f3n de un ente aut\u00e1rquico y de un impuesto nuevo. La verdad es que no se les cae una idea, y las ideas que se les caen es cobrarle m\u00e1s a la gente y no permitir que la gente pueda producir m\u00e1s\u201d, dispar\u00f3.<\/p>\n<p>\u201cTenemos que empezar en ampliar la oferta del matadero, porque el cupo disponible no alcanza. El gobierno no aprob\u00f3 el cr\u00e9dito para el frigor\u00edfico y el matadero est\u00e1 a su capacidad m\u00e1xima posible. Que el gobierno de la provincia no haya aprobado algo que significar\u00eda una reducci\u00f3n de costos para los que van al supermercado a comprar comida, es el ejemplo de que no quieren generar recursos nuevos\u201d, manifest\u00f3.<\/p>\n<p>\u201cSi hay una actividad que da empleo a m\u00e1s de 15 mil personas y que tiene un potencial gigantesco, es el turismo. En vez de ampliarlo, quieren meterle un zarpazo para sacarle un mango, es algo ins\u00f3lito. Hay una obsesi\u00f3n por no ampliar la cantidad de pizzas y ver con cu\u00e1ntas porciones de la \u00fanica pizza que hay se puede quedar el gobierno. Realmente es muy extra\u00f1o y es una lectura pre capitalista, medieval\u201d, calific\u00f3.<\/p>\n<p>&nbsp;<\/p>\n<p><strong>Secretaria ausente<\/strong><\/p>\n<p>Coto marc\u00f3 otra contradicci\u00f3n entre el inter\u00e9s de la gesti\u00f3n Vuoto por crear el ENUTUR y la ausencia de Viviana Manfredotti en la audiencia p\u00fablica. \u201cEl proyecto de ordenanza se present\u00f3 ayer en audiencia p\u00fablica del Concejo Deliberante y la Secretaria de Turismo, que tiene que defender el proyecto, ni siquiera fue. Un funcionario que propone un cambio tan radical como transformar una Secretar\u00eda en un ente aut\u00e1rquico y cobrar una tasa o un impuesto de 10 d\u00f3lares, porque no se sabe qu\u00e9 es, no va a defender el proyecto\u201d, dijo.<\/p>\n<p>\u201cNi siquiera sabemos a qui\u00e9n se le va a cobrar, cu\u00e1ntas veces se le va a cobrar ni c\u00f3mo. No sabemos si pagan los que se alojan, los que no se alojan, los fueguinos que se fueron a estudiar al norte y vuelven de visita. Todo eso no est\u00e1 en el proyecto, que no fue defendido por la Secretaria de Turismo\u201d, remarc\u00f3.<\/p>\n<p>&nbsp;<\/p>\n<p><strong>Desfinanciamiento del Ushuaia Bureau<\/strong><\/p>\n<p>Asimismo, desaprob\u00f3 la idea de dejar de lado al sector privado vinculado con el turismo. \u201cEl sector privado no son las grandes empresas, el sector privado es todo el mundo, son los artesanos tambi\u00e9n y los que tienen una actividad econ\u00f3mica. No est\u00e1n viendo el problema ni los signos de los tiempos a nivel macro y a nivel nacional. El RIGI no avanza, no invierten en cosas nuevas y la verdad es que la planificaci\u00f3n socialista no funcion\u00f3. La semana pasada se cumpli\u00f3 otro aniversario de la ca\u00edda del muro de Berl\u00edn. No funciona, muchachos, porque los que estamos en el Estado no podemos prever todo lo que van a hacer 200 mil personas. No podemos, no sabemos y no est\u00e1 bien que lo pretendamos. Es una fatal arrogancia creer que uno desde el Estado, con una lapicera detr\u00e1s de un escritorio, puede decidir lo mejor para 200 mil personas. Eso no es cierto porque no se puede hablar por los 200 mil fueguinos. No tiene nada de malo tener actividades econ\u00f3micas diferentes y me parece que ac\u00e1 tienen un miedo enorme a no poder controlar la vida de los dem\u00e1s. En materia econ\u00f3mica, pretenden tener un sistema regulado para todo, y cuando aparecen sistemas de incentivo a la actividad privada, como puede ser el RIGI, no les gusta. Podemos tener una actividad acu\u00edcola que no sea contaminante, pero de ninguna manera lo quieren. Parece que ellos se la saben todas y los que invierten su capital son todos giles. La verdad es que no la tienen clara en todo\u201d, advirti\u00f3.<\/p>\n<p>&nbsp;<\/p>\n<p><strong>Iniciativas p\u00fablico-privadas<\/strong><\/p>\n<p>Respecto de la intervenci\u00f3n del Estado en las iniciativas privadas, se\u00f1al\u00f3 que \u201cel privado no tiene por qu\u00e9 estar sentado en su casa, esperando que a alg\u00fan bur\u00f3crata se le ocurra invitarlo a una reuni\u00f3n. Tienen que dejarlo desarrollarse y lo que tiene que hacer el Estado es fiscalizar, controlar, y que las cosas funcionen, pero no meterse a poner constantemente las reglas de juego de todo. El Estado tiene que ser el \u00e1rbitro, pero no puede ser el due\u00f1o de la cancha, de la pelota y el arquero. As\u00ed no funciona y ya lo probamos en la Argentina\u201d.<\/p>\n<p>&nbsp;<\/p>\n<p><strong>En el para\u00edso<\/strong><\/p>\n<p>Asimismo, compar\u00f3 los pasos que dio Milei en materia de ajuste del Estado, con la inacci\u00f3n de Melella en este sentido. \u201cNosotros presentamos un proyecto para adherir al blanqueo y tampoco prosper\u00f3. El gobernador se dirigi\u00f3 a la gente que vot\u00f3 el ajuste, y somos la mayor\u00eda de la provincia, porque el presidente Milei gan\u00f3 con m\u00e1s del 50% de los votos. El que parece no haber acusado recibo es el gobierno de la provincia, que no ha ajustado nada. El gobierno nacional ha ajustado fuertemente, pero el gobierno de la provincia hace como si estuvi\u00e9semos viviendo en el para\u00edso de la leche y la miel. Despu\u00e9s los n\u00fameros no cierran y se preguntan qu\u00e9 est\u00e1 sucediendo, que es muy simple: los n\u00fameros no cierran porque gastan de m\u00e1s. No hemos visto ninguna voluntad del gobierno en racionalizar sus gastos\u201d, asever\u00f3.<\/p>\n<p>&nbsp;<\/p>\n<p><strong>Eliminaci\u00f3n del IPRA<\/strong><\/p>\n<p>Como ejemplo de ineficiencia, plante\u00f3 la situaci\u00f3n del IPRA. \u201cEl organismo que se dedica a regular apuestas tiene un problema financiero. Estamos naturalizando que hay que ponerle guita a un organismo que se dedica a la timba, literalmente. No tenemos plata para que haya presi\u00f3n de agua ni para que haya luz y tenemos que poner dinero en un organismo que se dedica a la timba. El oficialismo de Ushuaia tiene un proyecto para limitar las apuestas infantiles, porque es un flagelo lo que est\u00e1 sucediendo con los chicos, y naturalizamos que el Estado tenga un organismo que se dedica a juntar guita de la timba. Me parece que eso ya fue, que esto rompe familias y que no est\u00e1 bueno que tengamos ese organismo. Hay que empezar a pensar en nuestras prioridades\u201d, enfatiz\u00f3.<\/p>\n<p>&nbsp;<\/p>\n<p><strong>Falta de informaci\u00f3n<\/strong><\/p>\n<p>En otro tramo carg\u00f3 contra la falta de transparencia del gobierno en materia de informaci\u00f3n p\u00fablica. \u201cEn la Legislatura los pedidos de informe se aprueban, pero no necesariamente el Ejecutivo los responde. Cuando responde no lo hace en el tiempo que establece la ley, hay que insistir con el pedido de informes y yo tengo algunos que nunca fueron respondidos. Uno est\u00e1 referido a la contrataci\u00f3n de Mart\u00ednez Sosa por el tema de seguros en la provincia\u201d, cit\u00f3.<\/p>\n<p><strong>Cambios en OSEF<\/strong><\/p>\n<p>Otro ente deficitario es la obra social del Estado y pidi\u00f3 tomar medidas de fondo, aunque sean antip\u00e1ticas. \u201cLa OSEF es uno de los temas candentes de la provincia. Se aprob\u00f3 el destino del dinero que se percibe por el impuesto a entidades crediticias, que iba a la caja de previsi\u00f3n, para d\u00e1rselo a la obra social. Eso fue por seis meses y se prorrog\u00f3 por otros seis meses, pero eso se va a acabar y son parches. M\u00e1s all\u00e1 de que usen bien el dinero, la pregunta es por qu\u00e9 tienen ese d\u00e9ficit. No podemos estar en emergencia por los siglos de los siglos. Algo hay que hacer de fondo para no volver a la misma situaci\u00f3n. La obra social est\u00e1 complicada en tema de costos, de administraci\u00f3n, de recursos que le ingresan. No le est\u00e1n cerrando los n\u00fameros y hay que reconocerlo. Puede que la soluci\u00f3n no sea simp\u00e1tica pero no podemos seguir con parches. Hay una posici\u00f3n mayoritaria de que tenemos que cuidar a nuestra obra social y tenemos que hacer algo para que eso suceda. Lo peor que nos podr\u00eda pasar ser\u00eda una armonizaci\u00f3n con ANSES y PAMI, porque ser\u00eda un fracaso como provincia, pero hay que hacer algo para que los n\u00fameros den. Esa es la discusi\u00f3n que tenemos que dar. Hay farmacias privadas que crecen y la farmacia del Estado no funciona\u201d, ejemplific\u00f3.<\/p>\n<p>&nbsp;<\/p>\n<p><strong>Amparo fracasado<\/strong><\/p>\n<p>Adem\u00e1s apunt\u00f3 contra el amparo para frenar los aumentos del gas, que termin\u00f3 empeorando el escenario para los usuarios. \u201cHicieron un amparo cuando les dijimos que eso estaba mal, perdimos el amparo como provincia y ahora tenemos que pagar en cuatro cuotas lo que no pagamos y quiero saber qu\u00e9 costo le significa esto a la provincia en materia de honorarios, de tasa de justicia, de cauci\u00f3n en Comodoro Rivadavia. Hacer juicios porque s\u00ed sale mal, y los que pagan son los 200 mil giles\u201d, sostuvo.<\/p>\n<p>\u201cLo del amparo fue un acto pol\u00edtico, fue una foto que se sacaron un grupo de pol\u00edticos y algunos de las c\u00e1maras. Las tarifas del agua y de la luz tambi\u00e9n subieron, pero el gobernador no le hizo un amparo ni a la DPE, ni a la DPOSS ni a la Cooperativa El\u00e9ctrica. Parece que algunos aumentos son buenos y que otros son malos. Los aumentos buenos casualmente son los que hizo el mismo gobierno de la provincia en audiencia p\u00fablica, as\u00ed que se tienen que poner de acuerdo\u201d, insisti\u00f3.<\/p>\n<p>&nbsp;<\/p>\n<p><strong>Promoci\u00f3n en riesgo<\/strong><\/p>\n<p>Tras todas estas cr\u00edticas, recomend\u00f3 a la provincia no llamar tanto la atenci\u00f3n a nivel nacional, porque va a quedar expuesto lo poco que se est\u00e1 haciendo por el desarrollo y el ajuste del gasto. \u201cNosotros tenemos una bendici\u00f3n en nuestra isla, que es que no pagamos IVA, Ganancias ni aranceles de importaci\u00f3n. La tasa fiscal del Estado nacional no est\u00e1, o est\u00e1 muy poco, y tenemos que ser inteligentes para poder mantener esa situaci\u00f3n fiscal que tenemos, porque si seguimos haciendo lo que hacemos, que es mirarnos el ombligo y pedir soluciones m\u00e1gicas al gobierno nacional, alg\u00fan d\u00eda nos van a decir que nos pongamos de acuerdo. Como fueguino no tengo ganas de que vengan a sacarnos beneficios, pero el primer paso para eso es que generemos los recursos para no estar constantemente yendo a pedir guita o soluciones en materia de grandes inversiones, cuando hay herramientas nuevas que se ofrecen a nivel nacional y no las toman. Si hablamos de YPF, de Roch, de Camuzzi, de regal\u00edas, estamos hablando de grandes inversiones, pero no aprueban el RIGI, no hacen algo para producir m\u00e1s en materia acu\u00edcola. Va a llegar un momento en que nos van a decir que nos pongamos a laburar nosotros. Hay que intentar no llamar tanto la atenci\u00f3n a nivel nacional, porque no sea cosa de que se aviven de que estamos haciendo poco\u201d, concluy\u00f3.<\/p>\n<\/div>\n","protected":false},"excerpt":{"rendered":"<p>El legislador de La Libertad Avanza Agust\u00edn Coto expuso contradicciones en el gobierno. El legislador de La Libertad<\/p>\n","protected":false},"author":8,"featured_media":6953,"comment_status":"open","ping_status":"open","sticky":false,"template":"","format":"standard","meta":{"footnotes":""},"categories":[2],"tags":[330],"class_list":["post-7063","post","type-post","status-publish","format-standard","has-post-thumbnail","hentry","category-tierra-del-fuego","tag-agustin-coto"],"featured_image_urls":{"full":["https:\/\/opinionpublica.com.ar\/index\/wp-content\/uploads\/2024\/11\/e_1719261511-agustin-coto.jpg",900,577,false],"thumbnail":["https:\/\/opinionpublica.com.ar\/index\/wp-content\/uploads\/2024\/11\/e_1719261511-agustin-coto-150x150.jpg",150,150,true],"medium":["https:\/\/opinionpublica.com.ar\/index\/wp-content\/uploads\/2024\/11\/e_1719261511-agustin-coto-300x192.jpg",300,192,true],"medium_large":["https:\/\/opinionpublica.com.ar\/index\/wp-content\/uploads\/2024\/11\/e_1719261511-agustin-coto-768x492.jpg",640,410,true],"large":["https:\/\/opinionpublica.com.ar\/index\/wp-content\/uploads\/2024\/11\/e_1719261511-agustin-coto.jpg",640,410,false],"1536x1536":["https:\/\/opinionpublica.com.ar\/index\/wp-content\/uploads\/2024\/11\/e_1719261511-agustin-coto.jpg",900,577,false],"2048x2048":["https:\/\/opinionpublica.com.ar\/index\/wp-content\/uploads\/2024\/11\/e_1719261511-agustin-coto.jpg",900,577,false],"morenews-large":["https:\/\/opinionpublica.com.ar\/index\/wp-content\/uploads\/2024\/11\/e_1719261511-agustin-coto-825x575.jpg",825,575,true],"morenews-medium":["https:\/\/opinionpublica.com.ar\/index\/wp-content\/uploads\/2024\/11\/e_1719261511-agustin-coto-590x410.jpg",590,410,true]},"author_info":{"display_name":"RKing","author_link":"https:\/\/opinionpublica.com.ar\/index\/author\/rking\/"},"category_info":"<a href=\"https:\/\/opinionpublica.com.ar\/index\/category\/tierra-del-fuego\/\" rel=\"category tag\">Tierra del Fuego<\/a>","tag_info":"Tierra del Fuego","comment_count":"0","_links":{"self":[{"href":"https:\/\/opinionpublica.com.ar\/index\/wp-json\/wp\/v2\/posts\/7063","targetHints":{"allow":["GET"]}}],"collection":[{"href":"https:\/\/opinionpublica.com.ar\/index\/wp-json\/wp\/v2\/posts"}],"about":[{"href":"https:\/\/opinionpublica.com.ar\/index\/wp-json\/wp\/v2\/types\/post"}],"author":[{"embeddable":true,"href":"https:\/\/opinionpublica.com.ar\/index\/wp-json\/wp\/v2\/users\/8"}],"replies":[{"embeddable":true,"href":"https:\/\/opinionpublica.com.ar\/index\/wp-json\/wp\/v2\/comments?post=7063"}],"version-history":[{"count":1,"href":"https:\/\/opinionpublica.com.ar\/index\/wp-json\/wp\/v2\/posts\/7063\/revisions"}],"predecessor-version":[{"id":7064,"href":"https:\/\/opinionpublica.com.ar\/index\/wp-json\/wp\/v2\/posts\/7063\/revisions\/7064"}],"wp:featuredmedia":[{"embeddable":true,"href":"https:\/\/opinionpublica.com.ar\/index\/wp-json\/wp\/v2\/media\/6953"}],"wp:attachment":[{"href":"https:\/\/opinionpublica.com.ar\/index\/wp-json\/wp\/v2\/media?parent=7063"}],"wp:term":[{"taxonomy":"category","embeddable":true,"href":"https:\/\/opinionpublica.com.ar\/index\/wp-json\/wp\/v2\/categories?post=7063"},{"taxonomy":"post_tag","embeddable":true,"href":"https:\/\/opinionpublica.com.ar\/index\/wp-json\/wp\/v2\/tags?post=7063"}],"curies":[{"name":"wp","href":"https:\/\/api.w.org\/{rel}","templated":true}]}}