{"id":7065,"date":"2024-11-12T10:56:40","date_gmt":"2024-11-12T13:56:40","guid":{"rendered":"https:\/\/opinionpublica.com.ar\/index\/?p=7065"},"modified":"2024-11-12T10:56:40","modified_gmt":"2024-11-12T13:56:40","slug":"cepo-al-dolar-y-donad-trump-los-riesgos-que-emergen-en-el-comercio-exterior-para-2025","status":"publish","type":"post","link":"https:\/\/opinionpublica.com.ar\/index\/cepo-al-dolar-y-donad-trump-los-riesgos-que-emergen-en-el-comercio-exterior-para-2025\/","title":{"rendered":"Cepo al d\u00f3lar y Donad Trump: los riesgos que emergen en el comercio exterior para 2025"},"content":{"rendered":"<header class=\"news-headline\">\n<p class=\"news-headline__title\">Cepo al d\u00f3lar y Donad Trump: los riesgos que emergen en el comercio exterior para 2025.<\/p>\n<p class=\"ignore-parser\">A los exportadores les preocupa lo que pueda ocurrir con los precios internacionales y los importadores esperan se\u00f1ales sobre qu\u00e9 puede pasar con el d\u00f3lar a nivel local.<\/p>\n<\/header>\n<article class=\"article-body article-body--first-paragraph content-protected-false\" data-td-script-src=\"https:\/\/www.ambito.com\/td\/modulos\/encuestas\/js\/function-embeds-min-version-1731384488.js\">Estados Unidos es el tercer mayor socio comercial de Argentina y\u00a0el principal acreedor en t\u00e9rminos de financiamiento, por lo que juega un rol\u00a0<strong>clave en la econom\u00eda argentina.<\/strong>\u00a0Con el reciente triunfo de\u00a0<strong>Donald Trump<\/strong>, el<strong>\u00a0v\u00ednculo comercial podr\u00eda experimentar cambios profundos<\/strong>.<\/p>\n<\/article>\n<div class=\"banner banner--free-banner\">\n<div class=\"banner__content-wrapper\">\n<div id=\"ad-slot-outstream\" class=\"ad-slot-outstream ad-slot\" data-lazyload=\"1\" data-adtype=\"outstream\" data-google-query-id=\"CNja5Z_31okDFXpK3QIde1UtHw\">\n<div id=\"google_ads_iframe_\/78858960\/Ambito\/Not-outstream_0__container__\"><a href=\"https:\/\/opinionpublica.com.ar\/index\/wp-content\/uploads\/2024\/10\/Revista-Puerto-Comercio-exterior-El-Gobierno-dejo-sin-efecto-los-valores-de-referencia-de-exportacion-img-02-puerto.jpg\"><img fetchpriority=\"high\" decoding=\"async\" class=\"alignnone size-full wp-image-6560\" src=\"https:\/\/opinionpublica.com.ar\/index\/wp-content\/uploads\/2024\/10\/Revista-Puerto-Comercio-exterior-El-Gobierno-dejo-sin-efecto-los-valores-de-referencia-de-exportacion-img-02-puerto.jpg\" alt=\"\" width=\"760\" height=\"507\" srcset=\"https:\/\/opinionpublica.com.ar\/index\/wp-content\/uploads\/2024\/10\/Revista-Puerto-Comercio-exterior-El-Gobierno-dejo-sin-efecto-los-valores-de-referencia-de-exportacion-img-02-puerto.jpg 760w, https:\/\/opinionpublica.com.ar\/index\/wp-content\/uploads\/2024\/10\/Revista-Puerto-Comercio-exterior-El-Gobierno-dejo-sin-efecto-los-valores-de-referencia-de-exportacion-img-02-puerto-300x200.jpg 300w\" sizes=\"(max-width: 760px) 100vw, 760px\" \/><\/a><\/div>\n<\/div>\n<\/div>\n<\/div>\n<article class=\"article-body article-body--second-paragraph content-protected-false\">Los protagonistas del comercio exterior consultados por\u00a0<strong>\u00c1mbito\u00a0<\/strong>ya manifestaron sus primeras se\u00f1ales de alarma ante este nuevo escenario: exportadores preocupados por los precios internacionales e importadores a la espera de se\u00f1ales de qu\u00e9 puede pasar con el cepo cambiario. Todo ello sumado a las decisiones en t\u00e9rminos de proteccionismo que pueda adoptar el republicano en su segundo mandato.<\/p>\n<\/article>\n<article class=\"article-body article-body--third-paragraph content-protected-false\">Es importante hacer una peque\u00f1a revisi\u00f3n de lo que implica EEUU para la Argentina. Seg\u00fan destaca\u00a0<strong>Marcelo Elizondo<\/strong>, presidente de la International Chamber of Commerce (ICC) en Argentina, en un informe reciente, EEUU \u00abes el mayor destino de exportaci\u00f3n de los servicios argentinos y es el pa\u00eds del que han provenido los mayores montos del stock total de inversi\u00f3n extranjera directa presentes en nuestro pa\u00eds\u00bb, explic\u00f3. Adem\u00e1s,\u00a0<strong>es uno de los principales proveedores de insumos y tecnolog\u00eda para la producci\u00f3n de la econom\u00eda local.<\/strong><\/p>\n<\/article>\n<article class=\"article-body article-body--fourth-paragraph content-protected-false\">De acuerdo a datos brindados por el INDEC,\u00a0<strong>EEUU es el tercer mayor destino de exportaciones argentinas de bienes y el tercer mayor proveedor a trav\u00e9s de importaciones.<\/strong><\/p>\n<\/article>\n<article class=\"article-body article-body--remaining-paragraph content-protected-false\">Sin embargo, agrega Elizondo, \u00aben t\u00e9rminos comparativos, la intensidad de la relaci\u00f3n bilateral es<strong>\u00a0muy menor al potencial y debe propenderse a mejorarla.\u00a0<\/strong>La Argentina es uno de los cinco pa\u00edses con menor participaci\u00f3n del comercio internacional en su econom\u00eda en el planeta y el que menor ratio de inversi\u00f3n extranjera en relaci\u00f3n al PBI exhibe en nuestra regi\u00f3n. Y Estados Unidos es el mayor importador del mundo y el mayor inversor extranjero en el planeta\u00bb.<\/p>\n<h2>Trump al poder: dudas y un par de certezas<\/h2>\n<p>En ese contexto, un<strong>\u00a0informe elaborado por Invecq reflej\u00f3 los principales puntos en el aspecto financiero\u00a0<\/strong>que hay que tener en cuenta, aunque advierte que no hay claridad en el mediano plazo.<\/p>\n<ol>\n<li><strong>Trump aplicar\u00eda un arancel del 10%-20% a todas las importaciones.\u00a0<\/strong>Esto se traducir\u00eda en un mayor nivel de precios para la econom\u00eda EEUU y es de esperar que la Fed contin\u00fae recortando su tasa de referencia aunque la baja sea m\u00e1s gradual. Esto impacta en el costo de la deuda que mantiene la Argentina en moneda dura.<\/li>\n<li><strong>Un d\u00f3lar m\u00e1s fuerte tiene varios impactos negativos para la Argentina<\/strong>: seg\u00fan se\u00f1ala Invecq, implica una reducci\u00f3n del ingreso de capitales, depreciaci\u00f3n de monedas emergentes, y ca\u00edda en el precio de los commodities. En cuanto a esto \u00faltimo, adem\u00e1s, habr\u00e1 que seguir de cerca a la soja (se espera que haya sobreoferta en 2025, lo que ya se refleja en menores precios).<\/li>\n<li><strong>\u00abBeneficios inesperados\u00bb<\/strong>\u00a0por la guerra comercial con China: seg\u00fan se\u00f1ala Invecq, cuando sucedi\u00f3 lo mismo en el anterior mandato de Trump, el precio de la soja de la Bolsa de Comercio de Rosario (BCR) se \u00abdesacopl\u00f3\u00bb del de Chicago en el momento de mayor tensi\u00f3n entre ambos pa\u00edses.<\/li>\n<\/ol>\n<h2>Nueva era Trump: para exportadores podr\u00edan empeorar los env\u00edos a EEUU<\/h2>\n<p><strong>Fernando Landa,<\/strong>\u00a0presidente de CERA (C\u00e1mara de Exportadores de la Rep\u00fablica Argentina) y copresidente del grupo de Comercio e Inversi\u00f3n del B20 Brasil 2024,\u00a0<strong>resalt\u00f3 la agenda de comercio que tiene el pa\u00eds con EEUU,<\/strong>\u00a0entre cuyos aspectos se encuentra la aprobaci\u00f3n regulatoria pendiente para el ingreso de c\u00edtricos dulces, la reactivaci\u00f3n del sistema de preferencias (SGP) y la inclusi\u00f3n del litio nacional en el Inflation Reduction Act. Pero tambi\u00e9n hay productos que est\u00e1n bajo derechos compensatorios o acciones antidumping como la miel y la tuber\u00eda OCTG donde Argentina ya tuvo p\u00e9rdidas de mercados importantes como en el caso del biodi\u00e9sel.<\/p>\n<p><a href=\"https:\/\/opinionpublica.com.ar\/index\/wp-content\/uploads\/2024\/11\/como-Importar-a-Argentina-desde-USA-e1635859698536-argentina-estados-unidos.webp\"><img decoding=\"async\" class=\"alignnone size-full wp-image-7066\" src=\"https:\/\/opinionpublica.com.ar\/index\/wp-content\/uploads\/2024\/11\/como-Importar-a-Argentina-desde-USA-e1635859698536-argentina-estados-unidos.webp\" alt=\"\" width=\"1350\" height=\"651\" srcset=\"https:\/\/opinionpublica.com.ar\/index\/wp-content\/uploads\/2024\/11\/como-Importar-a-Argentina-desde-USA-e1635859698536-argentina-estados-unidos.webp 1350w, https:\/\/opinionpublica.com.ar\/index\/wp-content\/uploads\/2024\/11\/como-Importar-a-Argentina-desde-USA-e1635859698536-argentina-estados-unidos-300x145.webp 300w, https:\/\/opinionpublica.com.ar\/index\/wp-content\/uploads\/2024\/11\/como-Importar-a-Argentina-desde-USA-e1635859698536-argentina-estados-unidos-1024x494.webp 1024w, https:\/\/opinionpublica.com.ar\/index\/wp-content\/uploads\/2024\/11\/como-Importar-a-Argentina-desde-USA-e1635859698536-argentina-estados-unidos-768x370.webp 768w\" sizes=\"(max-width: 1350px) 100vw, 1350px\" \/><\/a><\/p>\n<p>\u00abEn t\u00e9rminos internacionales y ante la crisis del multilateralismo en relaci\u00f3n al comercio basado en reglas, las dos dimensiones fundamentales a observar son: por un lado, el<strong>\u00a0potencial aumento de aranceles,<\/strong>\u00a0que tomado como efecto individual emporar\u00eda las exportaciones argentinas, pero tambi\u00e9n el<strong>\u00a0recrudecimiento de la disputa con China\u00a0<\/strong>y sus efectos en t\u00e9rminos de retaliaci\u00f3n y desv\u00edo de comercio\u00bb, explic\u00f3 Landa.<\/p>\n<p>\u00abCon todo esto en consideraci\u00f3n, Argentina como zona libre de conflictos b\u00e9licos\u00a0<strong>debe acelerar su proceso de ganancia de competitividad,<\/strong>\u00a0ser un socio cre\u00edble que permita establecer v\u00ednculos de largo plazo de comercio e inversi\u00f3n. Se habl\u00f3 bastante de los eventuales efectos de la dimensi\u00f3n financiera pero consideramos que, particularmente en el posible entorno futuro, la\u00a0<strong>competitividad debe ser la agenda la fundamental para la generaci\u00f3n de empleo y desarrollo<\/strong>\u00ab, concluy\u00f3.<\/p>\n<h2>Importadores descartan compras masivas a EEUU y advierten por salida del cepo<\/h2>\n<p>Por su parte<strong>, Fernando Furci,<\/strong>\u00a0presidente de la\u00a0<strong>C\u00e1mara de Importadores,\u00a0<\/strong>manifest\u00f3 en conversaci\u00f3n con este medio algo fundamental: \u00ab<strong>Trump es empresario y suele tener un esp\u00edritu pragm\u00e1tico.<\/strong>\u00a0Hay que esperar a la ejecuci\u00f3n pol\u00edtica\u00bb.<\/p>\n<p>En un principio, se\u00f1al\u00f3 que si bien para la Argentina podr\u00eda ser una situaci\u00f3n \u00abinconfortable\u00bb la victoria de Trump por la afectaci\u00f3n a los precios de los commodities, lo que generar\u00eda una \u00abmayor presi\u00f3n cambiaria\u00bb, el mayor \u00e9nfasis lo puso en que esta situaci\u00f3n podr\u00eda generar una mayor demanda de d\u00f3lares y<strong>\u00a0ralentizar la salida del cepo.\u00a0<\/strong>Adem\u00e1s, en principio descart\u00f3 una \u00abola importadora\u00bb a EEUU.<\/p>\n<p><strong>\u00abLo deseable es eliminar el cepo para regularizar la parte financiera del comercio exterior en su totalidad\u00bb,\u00a0<\/strong>remarc\u00f3 Furci y se\u00f1al\u00f3 algunos cambios que est\u00e1 viendo en el sector en los \u00faltimos meses: \u00abYa vemos proveedores en el exterior que le empezaron a dar cr\u00e9dito a la Argentina\u00bb, aunque todav\u00eda queda trabajo por delante.<\/p>\n<p>\u00abDesde el punto de vista de la competitividad, Argentina podr\u00eda quedar m\u00e1s cara en d\u00f3lares y la mejor manera de compensar es\u00a0<strong>acelerar los procesos de desregularizaci\u00f3n y baja de costos en general<\/strong>\u00a0para mejorar la presi\u00f3n que tienen las empresas. Si Argentina logra ser m\u00e1s competitiva en el mediano plazo, puede haber oportunidades para el negocio con EEUU. Es un escenario dif\u00edcil, pero posible\u00bb, concluy\u00f3 Furci.<\/p>\n<p>&nbsp;<\/p>\n<\/article>\n","protected":false},"excerpt":{"rendered":"<p>Cepo al d\u00f3lar y Donad Trump: los riesgos que emergen en el comercio exterior para 2025. A los<\/p>\n","protected":false},"author":8,"featured_media":6560,"comment_status":"open","ping_status":"open","sticky":false,"template":"","format":"standard","meta":{"footnotes":""},"categories":[3,27],"tags":[574,2008,505,2128],"class_list":["post-7065","post","type-post","status-publish","format-standard","has-post-thumbnail","hentry","category-nacionales","category-politica","tag-dolar","tag-donald-trump","tag-exportaciones","tag-importadores"],"featured_image_urls":{"full":["https:\/\/opinionpublica.com.ar\/index\/wp-content\/uploads\/2024\/10\/Revista-Puerto-Comercio-exterior-El-Gobierno-dejo-sin-efecto-los-valores-de-referencia-de-exportacion-img-02-puerto.jpg",760,507,false],"thumbnail":["https:\/\/opinionpublica.com.ar\/index\/wp-content\/uploads\/2024\/10\/Revista-Puerto-Comercio-exterior-El-Gobierno-dejo-sin-efecto-los-valores-de-referencia-de-exportacion-img-02-puerto-150x150.jpg",150,150,true],"medium":["https:\/\/opinionpublica.com.ar\/index\/wp-content\/uploads\/2024\/10\/Revista-Puerto-Comercio-exterior-El-Gobierno-dejo-sin-efecto-los-valores-de-referencia-de-exportacion-img-02-puerto-300x200.jpg",300,200,true],"medium_large":["https:\/\/opinionpublica.com.ar\/index\/wp-content\/uploads\/2024\/10\/Revista-Puerto-Comercio-exterior-El-Gobierno-dejo-sin-efecto-los-valores-de-referencia-de-exportacion-img-02-puerto.jpg",640,427,false],"large":["https:\/\/opinionpublica.com.ar\/index\/wp-content\/uploads\/2024\/10\/Revista-Puerto-Comercio-exterior-El-Gobierno-dejo-sin-efecto-los-valores-de-referencia-de-exportacion-img-02-puerto.jpg",640,427,false],"1536x1536":["https:\/\/opinionpublica.com.ar\/index\/wp-content\/uploads\/2024\/10\/Revista-Puerto-Comercio-exterior-El-Gobierno-dejo-sin-efecto-los-valores-de-referencia-de-exportacion-img-02-puerto.jpg",760,507,false],"2048x2048":["https:\/\/opinionpublica.com.ar\/index\/wp-content\/uploads\/2024\/10\/Revista-Puerto-Comercio-exterior-El-Gobierno-dejo-sin-efecto-los-valores-de-referencia-de-exportacion-img-02-puerto.jpg",760,507,false],"morenews-large":["https:\/\/opinionpublica.com.ar\/index\/wp-content\/uploads\/2024\/10\/Revista-Puerto-Comercio-exterior-El-Gobierno-dejo-sin-efecto-los-valores-de-referencia-de-exportacion-img-02-puerto.jpg",760,507,false],"morenews-medium":["https:\/\/opinionpublica.com.ar\/index\/wp-content\/uploads\/2024\/10\/Revista-Puerto-Comercio-exterior-El-Gobierno-dejo-sin-efecto-los-valores-de-referencia-de-exportacion-img-02-puerto-590x410.jpg",590,410,true]},"author_info":{"display_name":"RKing","author_link":"https:\/\/opinionpublica.com.ar\/index\/author\/rking\/"},"category_info":"<a href=\"https:\/\/opinionpublica.com.ar\/index\/category\/nacionales\/\" rel=\"category tag\">Nacionales<\/a> <a href=\"https:\/\/opinionpublica.com.ar\/index\/category\/politica\/\" rel=\"category tag\">Politica<\/a>","tag_info":"Politica","comment_count":"0","_links":{"self":[{"href":"https:\/\/opinionpublica.com.ar\/index\/wp-json\/wp\/v2\/posts\/7065","targetHints":{"allow":["GET"]}}],"collection":[{"href":"https:\/\/opinionpublica.com.ar\/index\/wp-json\/wp\/v2\/posts"}],"about":[{"href":"https:\/\/opinionpublica.com.ar\/index\/wp-json\/wp\/v2\/types\/post"}],"author":[{"embeddable":true,"href":"https:\/\/opinionpublica.com.ar\/index\/wp-json\/wp\/v2\/users\/8"}],"replies":[{"embeddable":true,"href":"https:\/\/opinionpublica.com.ar\/index\/wp-json\/wp\/v2\/comments?post=7065"}],"version-history":[{"count":2,"href":"https:\/\/opinionpublica.com.ar\/index\/wp-json\/wp\/v2\/posts\/7065\/revisions"}],"predecessor-version":[{"id":7068,"href":"https:\/\/opinionpublica.com.ar\/index\/wp-json\/wp\/v2\/posts\/7065\/revisions\/7068"}],"wp:featuredmedia":[{"embeddable":true,"href":"https:\/\/opinionpublica.com.ar\/index\/wp-json\/wp\/v2\/media\/6560"}],"wp:attachment":[{"href":"https:\/\/opinionpublica.com.ar\/index\/wp-json\/wp\/v2\/media?parent=7065"}],"wp:term":[{"taxonomy":"category","embeddable":true,"href":"https:\/\/opinionpublica.com.ar\/index\/wp-json\/wp\/v2\/categories?post=7065"},{"taxonomy":"post_tag","embeddable":true,"href":"https:\/\/opinionpublica.com.ar\/index\/wp-json\/wp\/v2\/tags?post=7065"}],"curies":[{"name":"wp","href":"https:\/\/api.w.org\/{rel}","templated":true}]}}