{"id":7069,"date":"2024-11-12T11:05:50","date_gmt":"2024-11-12T14:05:50","guid":{"rendered":"https:\/\/opinionpublica.com.ar\/index\/?p=7069"},"modified":"2024-11-12T11:05:50","modified_gmt":"2024-11-12T14:05:50","slug":"el-intendente-perez-insto-a-barpla-a-cumplir-con-los-derechos-de-sus-trabajadores","status":"publish","type":"post","link":"https:\/\/opinionpublica.com.ar\/index\/el-intendente-perez-insto-a-barpla-a-cumplir-con-los-derechos-de-sus-trabajadores\/","title":{"rendered":"El intendente Perez inst\u00f3 a Barpla a cumplir con los derechos de sus trabajadores"},"content":{"rendered":"<div class=\"row pb3p\">\n<div class=\"pt3p pb3p col-offset-0 col-md-offset-1 col-12 col-md-11 nota-encabezado\">El intendente Perez inst\u00f3 a Barpla a cumplir con los derechos de sus trabajadores.<\/p>\n<p class=\"fparrafo ctext fz18 lh25\">\u00abEstamos acompa\u00f1ando a los trabajadores, pero tambi\u00e9n estamos exigiendo a la empresa que cumpla sus responsabilidades, que pague indemnizaciones\u201d, insisti\u00f3 el intendente Perez, y resalt\u00f3 que no es aceptable que una empresa cierre sin previo aviso, dejando a los trabajadores en una situaci\u00f3n de vulnerabilidad sin recibir lo que les corresponde. \u201cVamos a hacer todo lo que corresponda para que cumplan con sus responsabilidades\u201d.<\/p>\n<\/div>\n<div class=\"col-offset-0 col-md-offset-1 col-12 col-md-11\">\n<div class=\"owl-carousel owl-theme carousel-nota owl-loaded owl-drag\">\n<div class=\"owl-stage-outer\">\n<div class=\"owl-stage\">\n<div class=\"owl-item cloned\">\n<div class=\"item\"><\/div>\n<\/div>\n<\/div>\n<\/div>\n<\/div>\n<\/div>\n<div class=\"col-12 col-md-10 col-md-offset-2 fz10 lh12\">\n<div class=\"bdb bdtextlight tar mb8 pt8 pb8\">\n<div id=\"st-1\" class=\"sharethis-inline-share-buttons st-left st-lang-es  st-inline-share-buttons st-animated\">\n<div class=\"st-btn st-last\" data-network=\"whatsapp\"><a href=\"https:\/\/opinionpublica.com.ar\/index\/wp-content\/uploads\/2024\/11\/20241111084917_barpla.jpg\"><img fetchpriority=\"high\" decoding=\"async\" class=\"alignnone size-full wp-image-7070\" src=\"https:\/\/opinionpublica.com.ar\/index\/wp-content\/uploads\/2024\/11\/20241111084917_barpla.jpg\" alt=\"\" width=\"880\" height=\"512\" srcset=\"https:\/\/opinionpublica.com.ar\/index\/wp-content\/uploads\/2024\/11\/20241111084917_barpla.jpg 880w, https:\/\/opinionpublica.com.ar\/index\/wp-content\/uploads\/2024\/11\/20241111084917_barpla-300x175.jpg 300w, https:\/\/opinionpublica.com.ar\/index\/wp-content\/uploads\/2024\/11\/20241111084917_barpla-768x447.jpg 768w\" sizes=\"(max-width: 880px) 100vw, 880px\" \/><\/a><img decoding=\"async\" src=\"https:\/\/platform-cdn.sharethis.com\/img\/whatsapp.svg\" alt=\"whatsapp sharing button\" \/><\/div>\n<\/div>\n<\/div>\n<\/div>\n<\/div>\n<div class=\"row\">\n<div class=\"col-12 col-md-2 fparrafo fz10 lh14 posr ctext columnista\"><\/div>\n<div class=\"col-12 col-md-10 fparrafo ctext fz16 lh28 mb20\">\n<div class=\"wysiwyg mb15\">\n<p>En el marco de la inauguraci\u00f3n de la cuarta edici\u00f3n de la Expo Agroproductiva, el intendente de R\u00edo Grande, Mart\u00edn Perez, mantuvo un di\u00e1logo con la prensa para abordar la situaci\u00f3n actual de los trabajadores textiles de la ciudad, en particular los afectados por el cierre de la planta Barpla, destacando la necesidad de colaboraci\u00f3n entre los distintos niveles de gobierno para acompa\u00f1ar a los vecinos y vecinas, y remarc\u00f3 su compromiso en la defensa de los derechos laborales.<\/p>\n<p>En primer lugar, Perez resalt\u00f3 la importancia de lograr una mayor cooperaci\u00f3n para apoyar a los trabajadores afectados por la crisis textil \u00abtodav\u00eda creo que ser\u00eda importante que podamos coincidir y ver de qu\u00e9 manera nos podemos ayudar un poco m\u00e1s. Nosotros hoy estamos llevando adelante nuestro plan de obras enteramente con recursos propios municipales\u201d, explic\u00f3 el intendente, quien dej\u00f3 en claro que, aunque cuentan con fondos de coparticipaci\u00f3n, estos no son suficientes para cubrir todas las necesidades de los vecinos.<\/p>\n<p>En este contexto, el intendente se\u00f1al\u00f3 que la ayuda adicional de otros niveles de gobierno ser\u00eda fundamental para beneficiar a la comunidad \u00abojal\u00e1 que pudi\u00e9semos tener alg\u00fan tipo de ayuda, nos vendr\u00eda muy bien, eso sin duda\u201d, subray\u00f3.<\/p>\n<p>\u00abCada apoyo del gobierno provincial o nacional ser\u00e1 bien recibido para el beneficio de los ciudadanos\u00bb, manifest\u00f3 Perez, expresando su deseo de trabajar en un marco de cooperaci\u00f3n y acompa\u00f1amiento mutuo.<\/p>\n<p><a href=\"https:\/\/opinionpublica.com.ar\/index\/wp-content\/uploads\/2024\/10\/20241017195357_barpla.jpg\"><img decoding=\"async\" class=\"alignnone size-full wp-image-6429\" src=\"https:\/\/opinionpublica.com.ar\/index\/wp-content\/uploads\/2024\/10\/20241017195357_barpla.jpg\" alt=\"\" width=\"880\" height=\"512\" srcset=\"https:\/\/opinionpublica.com.ar\/index\/wp-content\/uploads\/2024\/10\/20241017195357_barpla.jpg 880w, https:\/\/opinionpublica.com.ar\/index\/wp-content\/uploads\/2024\/10\/20241017195357_barpla-300x175.jpg 300w, https:\/\/opinionpublica.com.ar\/index\/wp-content\/uploads\/2024\/10\/20241017195357_barpla-768x447.jpg 768w\" sizes=\"(max-width: 880px) 100vw, 880px\" \/><\/a><\/p>\n<p>&nbsp;<\/p>\n<p>Adem\u00e1s, Mart\u00edn P\u00e9rez destac\u00f3 la importancia de la articulaci\u00f3n pol\u00edtica en tiempos de crisis \u00abcreo que es lo que nuestra gente demanda, \u00bfno? De que trabajemos en conjunto y entendamos que institucionalmente tenemos que articular entre todos\u201d, afirm\u00f3, subrayando la relevancia de establecer un camino com\u00fan que permita a las ciudades y a sus habitantes salir adelante.<\/p>\n<p>Para ejemplificar el compromiso de su gesti\u00f3n, Perez se refiri\u00f3 directamente a los trabajadores de la planta Barpla, quienes han perdido su fuente de trabajo tras el cierre repentino de la empresa \u00abnosotros estamos acompa\u00f1ando a los trabajadores, pero tambi\u00e9n le estamos exigiendo a la empresa que cumpla con sus responsabilidades, que pague las indemnizaciones correspondientes\u201d, insisti\u00f3 el intendente, y de forma posterior resalt\u00f3 que no es aceptable que una empresa cierre sin previo aviso, dejando a los trabajadores en una situaci\u00f3n de vulnerabilidad sin recibir lo que les corresponde.<\/p>\n<p>Por \u00faltimo, Mart\u00edn Perez asegur\u00f3 que su administraci\u00f3n siempre estar\u00e1 del lado de los trabajadores y seguir\u00e1 trabajando para que las empresas asuman sus obligaciones \u00abalgunos empresarios pueden enojarse con nosotros, pero deben tener en claro que vamos a estar siempre del lado de los trabajadores y a hacer todo lo que corresponda para que las empresas cumplan con sus responsabilidades\u201d, concluy\u00f3 el intendente.<\/p>\n<\/div>\n<\/div>\n<\/div>\n","protected":false},"excerpt":{"rendered":"<p>El intendente Perez inst\u00f3 a Barpla a cumplir con los derechos de sus trabajadores. \u00abEstamos acompa\u00f1ando a los<\/p>\n","protected":false},"author":8,"featured_media":6429,"comment_status":"open","ping_status":"open","sticky":false,"template":"","format":"standard","meta":{"footnotes":""},"categories":[25,2],"tags":[2314,38,2712,260],"class_list":["post-7069","post","type-post","status-publish","format-standard","has-post-thumbnail","hentry","category-rio-grande","category-tierra-del-fuego","tag-barpla","tag-industria","tag-intendente","tag-martin-perez"],"featured_image_urls":{"full":["https:\/\/opinionpublica.com.ar\/index\/wp-content\/uploads\/2024\/10\/20241017195357_barpla.jpg",880,512,false],"thumbnail":["https:\/\/opinionpublica.com.ar\/index\/wp-content\/uploads\/2024\/10\/20241017195357_barpla-150x150.jpg",150,150,true],"medium":["https:\/\/opinionpublica.com.ar\/index\/wp-content\/uploads\/2024\/10\/20241017195357_barpla-300x175.jpg",300,175,true],"medium_large":["https:\/\/opinionpublica.com.ar\/index\/wp-content\/uploads\/2024\/10\/20241017195357_barpla-768x447.jpg",640,373,true],"large":["https:\/\/opinionpublica.com.ar\/index\/wp-content\/uploads\/2024\/10\/20241017195357_barpla.jpg",640,372,false],"1536x1536":["https:\/\/opinionpublica.com.ar\/index\/wp-content\/uploads\/2024\/10\/20241017195357_barpla.jpg",880,512,false],"2048x2048":["https:\/\/opinionpublica.com.ar\/index\/wp-content\/uploads\/2024\/10\/20241017195357_barpla.jpg",880,512,false],"morenews-large":["https:\/\/opinionpublica.com.ar\/index\/wp-content\/uploads\/2024\/10\/20241017195357_barpla-825x512.jpg",825,512,true],"morenews-medium":["https:\/\/opinionpublica.com.ar\/index\/wp-content\/uploads\/2024\/10\/20241017195357_barpla-590x410.jpg",590,410,true]},"author_info":{"display_name":"RKing","author_link":"https:\/\/opinionpublica.com.ar\/index\/author\/rking\/"},"category_info":"<a href=\"https:\/\/opinionpublica.com.ar\/index\/category\/rio-grande\/\" rel=\"category tag\">Rio Grande<\/a> <a href=\"https:\/\/opinionpublica.com.ar\/index\/category\/tierra-del-fuego\/\" rel=\"category tag\">Tierra del Fuego<\/a>","tag_info":"Tierra del Fuego","comment_count":"0","_links":{"self":[{"href":"https:\/\/opinionpublica.com.ar\/index\/wp-json\/wp\/v2\/posts\/7069","targetHints":{"allow":["GET"]}}],"collection":[{"href":"https:\/\/opinionpublica.com.ar\/index\/wp-json\/wp\/v2\/posts"}],"about":[{"href":"https:\/\/opinionpublica.com.ar\/index\/wp-json\/wp\/v2\/types\/post"}],"author":[{"embeddable":true,"href":"https:\/\/opinionpublica.com.ar\/index\/wp-json\/wp\/v2\/users\/8"}],"replies":[{"embeddable":true,"href":"https:\/\/opinionpublica.com.ar\/index\/wp-json\/wp\/v2\/comments?post=7069"}],"version-history":[{"count":1,"href":"https:\/\/opinionpublica.com.ar\/index\/wp-json\/wp\/v2\/posts\/7069\/revisions"}],"predecessor-version":[{"id":7071,"href":"https:\/\/opinionpublica.com.ar\/index\/wp-json\/wp\/v2\/posts\/7069\/revisions\/7071"}],"wp:featuredmedia":[{"embeddable":true,"href":"https:\/\/opinionpublica.com.ar\/index\/wp-json\/wp\/v2\/media\/6429"}],"wp:attachment":[{"href":"https:\/\/opinionpublica.com.ar\/index\/wp-json\/wp\/v2\/media?parent=7069"}],"wp:term":[{"taxonomy":"category","embeddable":true,"href":"https:\/\/opinionpublica.com.ar\/index\/wp-json\/wp\/v2\/categories?post=7069"},{"taxonomy":"post_tag","embeddable":true,"href":"https:\/\/opinionpublica.com.ar\/index\/wp-json\/wp\/v2\/tags?post=7069"}],"curies":[{"name":"wp","href":"https:\/\/api.w.org\/{rel}","templated":true}]}}