{"id":7074,"date":"2024-11-12T11:14:56","date_gmt":"2024-11-12T14:14:56","guid":{"rendered":"https:\/\/opinionpublica.com.ar\/index\/?p=7074"},"modified":"2024-11-12T11:14:56","modified_gmt":"2024-11-12T14:14:56","slug":"la-justicia-federal-pidio-a-la-camara-de-diputados-abstenerse-de-reemplazar-a-tito-stefani","status":"publish","type":"post","link":"https:\/\/opinionpublica.com.ar\/index\/la-justicia-federal-pidio-a-la-camara-de-diputados-abstenerse-de-reemplazar-a-tito-stefani\/","title":{"rendered":"La Justicia Federal pidi\u00f3 a la C\u00e1mara de Diputados abstenerse de reemplazar a \u201cTito\u201d Stefani"},"content":{"rendered":"<div class=\"td-post-header td-container\">\n<div class=\"td-post-header-holder td-image-gradient\">\n<header class=\"td-post-title\">\n<p class=\"entry-title\">La Justicia Federal pidi\u00f3 a la C\u00e1mara de Diputados abstenerse de reemplazar a \u201cTito\u201d Stefani<\/p>\n<\/header>\n<\/div>\n<\/div>\n<div class=\"td-container\">\n<div class=\"td-pb-row\">\n<div class=\"td-pb-span12 td-main-content\" role=\"main\">\n<div class=\"td-ss-main-content\">\n<div class=\"td-post-content tagdiv-type\">\n<p>Atento a las publicaciones period\u00edsticas que daban cuenta de la inminente designaci\u00f3n de Ricardo Garramu\u00f1o para reemplazar al extinto diputado H\u00e9ctor Stefani, fallecido el pasado 12 de octubre, la Justicia Federal envi\u00f3 un oficio al Presidente de la C\u00e1mara de Diputados.<\/p>\n<p><a href=\"https:\/\/opinionpublica.com.ar\/index\/wp-content\/uploads\/2024\/05\/Hector-Tito-Stefani.jpg\"><img fetchpriority=\"high\" decoding=\"async\" class=\"alignnone size-full wp-image-2733\" src=\"https:\/\/opinionpublica.com.ar\/index\/wp-content\/uploads\/2024\/05\/Hector-Tito-Stefani.jpg\" alt=\"\" width=\"1200\" height=\"800\" srcset=\"https:\/\/opinionpublica.com.ar\/index\/wp-content\/uploads\/2024\/05\/Hector-Tito-Stefani.jpg 1200w, https:\/\/opinionpublica.com.ar\/index\/wp-content\/uploads\/2024\/05\/Hector-Tito-Stefani-300x200.jpg 300w, https:\/\/opinionpublica.com.ar\/index\/wp-content\/uploads\/2024\/05\/Hector-Tito-Stefani-1024x683.jpg 1024w, https:\/\/opinionpublica.com.ar\/index\/wp-content\/uploads\/2024\/05\/Hector-Tito-Stefani-768x512.jpg 768w\" sizes=\"(max-width: 1200px) 100vw, 1200px\" \/><\/a><\/p>\n<p>En el mismo la jueza federal de R\u00edo Grande Mariel Borruto, subrogando al juez Federico Calvete, pidi\u00f3 \u201cante el estado de las presentes actuaciones y encontr\u00e1ndose las mismas a estudio en esta judicatura, que por el momento, y hasta tanto esta sede no se expida, no lleve adelante la incorporaci\u00f3n aludida\u201d, en relaci\u00f3n a Garramu\u00f1o, \u201ca fin de evitar un gravamen innecesario al inter\u00e9s p\u00fablico\u201d.<\/p>\n<p>Ello en raz\u00f3n a la resoluci\u00f3n judicial que debe imperar respecto del recurso judicial interpuesto por la abogada riograndense Dalila Nora, pugnando por dicho reemplazo en alusi\u00f3n a la \u201cparidad de g\u00e9nero\u201d, pidiendo alterar el orden de la lista electa.<\/p>\n<\/div>\n<\/div>\n<\/div>\n<\/div>\n<\/div>\n","protected":false},"excerpt":{"rendered":"<p>La Justicia Federal pidi\u00f3 a la C\u00e1mara de Diputados abstenerse de reemplazar a \u201cTito\u201d Stefani Atento a las<\/p>\n","protected":false},"author":8,"featured_media":2733,"comment_status":"open","ping_status":"open","sticky":false,"template":"","format":"standard","meta":{"footnotes":""},"categories":[2],"tags":[2493,749],"class_list":["post-7074","post","type-post","status-publish","format-standard","has-post-thumbnail","hentry","category-tierra-del-fuego","tag-banca-diputados","tag-hector-tito-stefani"],"featured_image_urls":{"full":["https:\/\/opinionpublica.com.ar\/index\/wp-content\/uploads\/2024\/05\/Hector-Tito-Stefani.jpg",1200,800,false],"thumbnail":["https:\/\/opinionpublica.com.ar\/index\/wp-content\/uploads\/2024\/05\/Hector-Tito-Stefani-150x150.jpg",150,150,true],"medium":["https:\/\/opinionpublica.com.ar\/index\/wp-content\/uploads\/2024\/05\/Hector-Tito-Stefani-300x200.jpg",300,200,true],"medium_large":["https:\/\/opinionpublica.com.ar\/index\/wp-content\/uploads\/2024\/05\/Hector-Tito-Stefani-768x512.jpg",640,427,true],"large":["https:\/\/opinionpublica.com.ar\/index\/wp-content\/uploads\/2024\/05\/Hector-Tito-Stefani-1024x683.jpg",640,427,true],"1536x1536":["https:\/\/opinionpublica.com.ar\/index\/wp-content\/uploads\/2024\/05\/Hector-Tito-Stefani.jpg",1200,800,false],"2048x2048":["https:\/\/opinionpublica.com.ar\/index\/wp-content\/uploads\/2024\/05\/Hector-Tito-Stefani.jpg",1200,800,false],"morenews-large":["https:\/\/opinionpublica.com.ar\/index\/wp-content\/uploads\/2024\/05\/Hector-Tito-Stefani-825x575.jpg",825,575,true],"morenews-medium":["https:\/\/opinionpublica.com.ar\/index\/wp-content\/uploads\/2024\/05\/Hector-Tito-Stefani-590x410.jpg",590,410,true]},"author_info":{"display_name":"RKing","author_link":"https:\/\/opinionpublica.com.ar\/index\/author\/rking\/"},"category_info":"<a href=\"https:\/\/opinionpublica.com.ar\/index\/category\/tierra-del-fuego\/\" rel=\"category tag\">Tierra del Fuego<\/a>","tag_info":"Tierra del Fuego","comment_count":"0","_links":{"self":[{"href":"https:\/\/opinionpublica.com.ar\/index\/wp-json\/wp\/v2\/posts\/7074","targetHints":{"allow":["GET"]}}],"collection":[{"href":"https:\/\/opinionpublica.com.ar\/index\/wp-json\/wp\/v2\/posts"}],"about":[{"href":"https:\/\/opinionpublica.com.ar\/index\/wp-json\/wp\/v2\/types\/post"}],"author":[{"embeddable":true,"href":"https:\/\/opinionpublica.com.ar\/index\/wp-json\/wp\/v2\/users\/8"}],"replies":[{"embeddable":true,"href":"https:\/\/opinionpublica.com.ar\/index\/wp-json\/wp\/v2\/comments?post=7074"}],"version-history":[{"count":1,"href":"https:\/\/opinionpublica.com.ar\/index\/wp-json\/wp\/v2\/posts\/7074\/revisions"}],"predecessor-version":[{"id":7075,"href":"https:\/\/opinionpublica.com.ar\/index\/wp-json\/wp\/v2\/posts\/7074\/revisions\/7075"}],"wp:featuredmedia":[{"embeddable":true,"href":"https:\/\/opinionpublica.com.ar\/index\/wp-json\/wp\/v2\/media\/2733"}],"wp:attachment":[{"href":"https:\/\/opinionpublica.com.ar\/index\/wp-json\/wp\/v2\/media?parent=7074"}],"wp:term":[{"taxonomy":"category","embeddable":true,"href":"https:\/\/opinionpublica.com.ar\/index\/wp-json\/wp\/v2\/categories?post=7074"},{"taxonomy":"post_tag","embeddable":true,"href":"https:\/\/opinionpublica.com.ar\/index\/wp-json\/wp\/v2\/tags?post=7074"}],"curies":[{"name":"wp","href":"https:\/\/api.w.org\/{rel}","templated":true}]}}