{"id":7080,"date":"2024-11-13T09:45:53","date_gmt":"2024-11-13T12:45:53","guid":{"rendered":"https:\/\/opinionpublica.com.ar\/index\/?p=7080"},"modified":"2024-11-13T09:45:53","modified_gmt":"2024-11-13T12:45:53","slug":"la-inflacion-de-octubre-fue-de-27-y-consolida-el-buen-momento-de-milei","status":"publish","type":"post","link":"https:\/\/opinionpublica.com.ar\/index\/la-inflacion-de-octubre-fue-de-27-y-consolida-el-buen-momento-de-milei\/","title":{"rendered":"La inflaci\u00f3n de octubre fue de 2,7% y consolida el buen momento de Milei"},"content":{"rendered":"<div class=\"bloque1 nota noticia-ar\">\n<div class=\"item\">\n<div class=\"nota-header\">\n<div id=\"title-news\" class=\"title\">La inflaci\u00f3n de octubre fue de 2,7% y consolida el buen momento de Milei<\/div>\n<div class=\"as\">\n<div class=\"description\">La suba en alimentos fue de 1,2%. El aumento de los servicios empuj\u00f3 el \u00edndice. En lo que va del a\u00f1o la inflaci\u00f3n es del 107%. Milei anunci\u00f3 que podr\u00eda bajar la devaluaci\u00f3n del peso al 1% mensual.<\/div>\n<\/div>\n<\/div>\n<div class=\"zleft z75\">\n<div class=\"media\">\n<div id=\"vplfgp_gallery1\" class=\"gallery\">\n<div class=\"g_controls\"><\/div>\n<\/div>\n<\/div>\n<div class=\"ad_tn\">\n<div class=\"author-date\"><a href=\"https:\/\/opinionpublica.com.ar\/index\/wp-content\/uploads\/2024\/11\/6733a70d8974d_940_529-caputo-milei.jpg\"><img fetchpriority=\"high\" decoding=\"async\" class=\"alignnone size-full wp-image-7081\" src=\"https:\/\/opinionpublica.com.ar\/index\/wp-content\/uploads\/2024\/11\/6733a70d8974d_940_529-caputo-milei.jpg\" alt=\"\" width=\"940\" height=\"529\" srcset=\"https:\/\/opinionpublica.com.ar\/index\/wp-content\/uploads\/2024\/11\/6733a70d8974d_940_529-caputo-milei.jpg 940w, https:\/\/opinionpublica.com.ar\/index\/wp-content\/uploads\/2024\/11\/6733a70d8974d_940_529-caputo-milei-300x169.jpg 300w, https:\/\/opinionpublica.com.ar\/index\/wp-content\/uploads\/2024\/11\/6733a70d8974d_940_529-caputo-milei-768x432.jpg 768w\" sizes=\"(max-width: 940px) 100vw, 940px\" \/><\/a><\/div>\n<\/div>\n<div id=\"vsmcontent\" class=\"body vsmcontent\">\n<p>La inflaci\u00f3n cay\u00f3 al 2,7 por ciento en octubre y marc\u00f3 la cifra m\u00e1s baja desde noviembre de 2021, casi tres a\u00f1os. Un logro muy importante para Milei que consolida as\u00ed\u00a0el buen momento de su gobierno.<\/p>\n<p>El Indec confirm\u00f3 este martes los pron\u00f3sticos de las consultoras privadas,\u00a0que anticip\u00f3 LPO: el gobierno de Javier Milei logr\u00f3 romper el piso de 3%. El n\u00famero marca una ca\u00edda muy importante de 0,8% desde septiembre, cuando fue 3,5%.<\/p>\n<div class=\"zone z75-footer-globalsite-idx2 global-site-banner\">\n<div id=\"vplnewsletterv00250v3\" class=\"piece newsletter standard align-left bkg-image\">\n<div class=\"piecetitle\"><\/div>\n<div class=\"piecefooter\">\n<div class=\"piecefooterimage\"><\/div>\n<\/div>\n<\/div>\n<\/div>\n<p>Pero el dato m\u00e1s fuerte del informe del Indec es la marcada baja en la categor\u00eda m\u00e1s sensible del \u00edndice: Alimentos y bebidas no alcoh\u00f3licas apenas tuvo un alza del 1,2%. Junto con transporte fue la divisi\u00f3n con menor suba.<\/p>\n<p>La contracara fue la suba de los servicios p\u00fablicos, que sigue empujando el IPC. La categor\u00eda \u00abVivienda, agua, electricidad, gas y otros combustibles\u00bb subi\u00f3 5,4%. Lo sigui\u00f3 \u00abPrendas de vestir y calzado\u00bb con 4,4%.<\/p>\n<p>La suba de precios acumula 107% en los primeros diez meses del a\u00f1o, mientras que la interanual llega a 193%.<\/p>\n<div class=\"zone \">\n<div class=\"piece banner standard\">\n<div class=\"items\">\n<div class=\"item\">\n<div id=\"Interstitial\"><\/div>\n<\/div>\n<\/div>\n<\/div>\n<\/div>\n<p>El dato de la inflaci\u00f3n gener\u00f3 euforia en el gobierno de Milei, que minutos antes de que se diera a conocer el \u00edndice public\u00f3 una selfie junto a Luis Caputo. \u00abVamos Toto carajo\u00bb, tuite\u00f3 luego el presidente.<\/p>\n<p>Milei adelant\u00f3 adem\u00e1s que se viene un ajuste sobre el crawling peg. \u00abDe confirmarse dos meses m\u00e1s esta inflaci\u00f3n se bajar\u00e1 la devaluaci\u00f3n mensual al 1%\u00bb.<\/p>\n<p><a href=\"https:\/\/opinionpublica.com.ar\/index\/wp-content\/uploads\/2024\/03\/banco-central.jpeg\"><img decoding=\"async\" class=\"alignnone size-full wp-image-628\" src=\"https:\/\/opinionpublica.com.ar\/index\/wp-content\/uploads\/2024\/03\/banco-central.jpeg\" alt=\"\" width=\"960\" height=\"540\" srcset=\"https:\/\/opinionpublica.com.ar\/index\/wp-content\/uploads\/2024\/03\/banco-central.jpeg 960w, https:\/\/opinionpublica.com.ar\/index\/wp-content\/uploads\/2024\/03\/banco-central-300x169.jpeg 300w, https:\/\/opinionpublica.com.ar\/index\/wp-content\/uploads\/2024\/03\/banco-central-768x432.jpeg 768w\" sizes=\"(max-width: 960px) 100vw, 960px\" \/><\/a><\/p>\n<p>\u00abSi le restamos la inflaci\u00f3n inducida (devaluaci\u00f3n prefijada + la inflaci\u00f3n internacional), la inflaci\u00f3n monetaria viene viajando al 0,2% mensual, esto es, 2,4% anual\u00bb, tuite\u00f3 Milei.<\/p>\n<p>&nbsp;<\/p>\n<p class=\"authorquote\" title=\"Javier Milei\">De confirmarse dos meses m\u00e1s esta inflaci\u00f3n se bajar\u00e1 la devaluaci\u00f3n mensual al 1%. Si le restamos la inflaci\u00f3n inducida (devaluaci\u00f3n prefijada + la inflaci\u00f3n internacional), la inflaci\u00f3n monetaria viene viajando al 0,2% mensual, esto es, 2,4% anual.<\/p>\n<p>&nbsp;<\/p>\n<p>No casualmente se expresaron en el mismo sentido el ministro de Econom\u00eda y el vicepresidente del Banco Central, Vladimir Werning.<\/p>\n<p>\u00abNadie puede dudar que hoy estamos en el mejor momento de la asunci\u00f3n del Presidente\u00bb, dijo Caputo. \u00abLa inflaci\u00f3n pr\u00e1cticamente convergi\u00f3 al crawl m\u00e1s la inflaci\u00f3n internacional, la brecha est\u00e1 en los m\u00ednimos hist\u00f3ricos, en los \u00faltimos cinco a\u00f1os. La econom\u00eda est\u00e1 recuperando, es decir, que nunca hubo un momento mejor que este\u00bb, dijo el ministro. \u00abArgentina no tiene que ganar competitividad devaluando, tenemos que ganar competitividad bajando impuestos\u00bb, dijo Caputo.<\/p>\n<p>&nbsp;<\/p>\n<p>Por su parte, Werning explic\u00f3 que el crawling peg sirvi\u00f3 como un ancla cambiaria para contener las expectativas inflacionarias. \u00abHicimos un ajuste cambiario fuerte. Algunos dec\u00edan que era demasiado fuerte y luego le dimos certidumbre al panorama cambiario estableciendo un crawl\u00bb, dijo Werning en el simposio del Instituto Argentino de Ejecutivos de las Finanzas (IAEF).<\/p>\n<p>&nbsp;<\/p>\n<p>Con la desaceleraci\u00f3n inflacionaria de manera sostenida, cambia el sentido del crawling peg. Seg\u00fan Werning, pas\u00f3 de ser el ancla que frenaba la inflaci\u00f3n a convertirse en un factor inercial. Esto significa que, en lugar de contener los aumentos de precios, fogonea los aumentos. \u00abEse crawl fue un ancla. Hoy, a medida que las expectativas inflacionarias convergen hacia \u00e9l, act\u00faa m\u00e1s como un factor de inercia\u00bb, dijo el vicepresidente del Central.<\/p>\n<\/div>\n<\/div>\n<\/div>\n<div class=\"z25 zright float\">\n<div class=\"zone z25-1\">\n<div class=\"piece banner standard\">\n<div class=\"items\">\n<div class=\"item\">\n<div id=\"MediumRectangle_1\"><\/div>\n<\/div>\n<\/div>\n<\/div>\n<\/div>\n<\/div>\n<\/div>\n<div class=\"bloque2 nota noticia-ar\">\n<div class=\"item\">\n<div class=\"zleft z75\">\n<section id=\"tags-content-303601\" class=\"tag-section\">&nbsp;<\/p>\n<\/section>\n<\/div>\n<\/div>\n<\/div>\n","protected":false},"excerpt":{"rendered":"<p>La inflaci\u00f3n de octubre fue de 2,7% y consolida el buen momento de Milei La suba en alimentos<\/p>\n","protected":false},"author":8,"featured_media":7081,"comment_status":"open","ping_status":"open","sticky":false,"template":"","format":"standard","meta":{"footnotes":""},"categories":[3],"tags":[362,692,2260],"class_list":["post-7080","post","type-post","status-publish","format-standard","has-post-thumbnail","hentry","category-nacionales","tag-inflacion","tag-javier-milei","tag-luis-toto-caputo"],"featured_image_urls":{"full":["https:\/\/opinionpublica.com.ar\/index\/wp-content\/uploads\/2024\/11\/6733a70d8974d_940_529-caputo-milei.jpg",940,529,false],"thumbnail":["https:\/\/opinionpublica.com.ar\/index\/wp-content\/uploads\/2024\/11\/6733a70d8974d_940_529-caputo-milei-150x150.jpg",150,150,true],"medium":["https:\/\/opinionpublica.com.ar\/index\/wp-content\/uploads\/2024\/11\/6733a70d8974d_940_529-caputo-milei-300x169.jpg",300,169,true],"medium_large":["https:\/\/opinionpublica.com.ar\/index\/wp-content\/uploads\/2024\/11\/6733a70d8974d_940_529-caputo-milei-768x432.jpg",640,360,true],"large":["https:\/\/opinionpublica.com.ar\/index\/wp-content\/uploads\/2024\/11\/6733a70d8974d_940_529-caputo-milei.jpg",640,360,false],"1536x1536":["https:\/\/opinionpublica.com.ar\/index\/wp-content\/uploads\/2024\/11\/6733a70d8974d_940_529-caputo-milei.jpg",940,529,false],"2048x2048":["https:\/\/opinionpublica.com.ar\/index\/wp-content\/uploads\/2024\/11\/6733a70d8974d_940_529-caputo-milei.jpg",940,529,false],"morenews-large":["https:\/\/opinionpublica.com.ar\/index\/wp-content\/uploads\/2024\/11\/6733a70d8974d_940_529-caputo-milei-825x529.jpg",825,529,true],"morenews-medium":["https:\/\/opinionpublica.com.ar\/index\/wp-content\/uploads\/2024\/11\/6733a70d8974d_940_529-caputo-milei-590x410.jpg",590,410,true]},"author_info":{"display_name":"RKing","author_link":"https:\/\/opinionpublica.com.ar\/index\/author\/rking\/"},"category_info":"<a href=\"https:\/\/opinionpublica.com.ar\/index\/category\/nacionales\/\" rel=\"category tag\">Nacionales<\/a>","tag_info":"Nacionales","comment_count":"0","_links":{"self":[{"href":"https:\/\/opinionpublica.com.ar\/index\/wp-json\/wp\/v2\/posts\/7080","targetHints":{"allow":["GET"]}}],"collection":[{"href":"https:\/\/opinionpublica.com.ar\/index\/wp-json\/wp\/v2\/posts"}],"about":[{"href":"https:\/\/opinionpublica.com.ar\/index\/wp-json\/wp\/v2\/types\/post"}],"author":[{"embeddable":true,"href":"https:\/\/opinionpublica.com.ar\/index\/wp-json\/wp\/v2\/users\/8"}],"replies":[{"embeddable":true,"href":"https:\/\/opinionpublica.com.ar\/index\/wp-json\/wp\/v2\/comments?post=7080"}],"version-history":[{"count":2,"href":"https:\/\/opinionpublica.com.ar\/index\/wp-json\/wp\/v2\/posts\/7080\/revisions"}],"predecessor-version":[{"id":7083,"href":"https:\/\/opinionpublica.com.ar\/index\/wp-json\/wp\/v2\/posts\/7080\/revisions\/7083"}],"wp:featuredmedia":[{"embeddable":true,"href":"https:\/\/opinionpublica.com.ar\/index\/wp-json\/wp\/v2\/media\/7081"}],"wp:attachment":[{"href":"https:\/\/opinionpublica.com.ar\/index\/wp-json\/wp\/v2\/media?parent=7080"}],"wp:term":[{"taxonomy":"category","embeddable":true,"href":"https:\/\/opinionpublica.com.ar\/index\/wp-json\/wp\/v2\/categories?post=7080"},{"taxonomy":"post_tag","embeddable":true,"href":"https:\/\/opinionpublica.com.ar\/index\/wp-json\/wp\/v2\/tags?post=7080"}],"curies":[{"name":"wp","href":"https:\/\/api.w.org\/{rel}","templated":true}]}}