{"id":7084,"date":"2024-11-13T09:56:34","date_gmt":"2024-11-13T12:56:34","guid":{"rendered":"https:\/\/opinionpublica.com.ar\/index\/?p=7084"},"modified":"2024-11-13T09:56:34","modified_gmt":"2024-11-13T12:56:34","slug":"el-peronismo-se-dividio-y-se-cayo-la-sesion-para-limitar-los-dnu-de-milei","status":"publish","type":"post","link":"https:\/\/opinionpublica.com.ar\/index\/el-peronismo-se-dividio-y-se-cayo-la-sesion-para-limitar-los-dnu-de-milei\/","title":{"rendered":"El peronismo se dividi\u00f3 y se cay\u00f3 la sesi\u00f3n para limitar los DNU de Milei"},"content":{"rendered":"<div class=\"bloque1 nota noticia-ar\">\n<div class=\"item\">\n<div class=\"nota-header\">\n<div id=\"title-news\" class=\"title\">El peronismo se dividi\u00f3 y se cay\u00f3 la sesi\u00f3n para limitar los DNU de Milei: \u00abNacieron los peronistas con peluca\u00bb<\/div>\n<div class=\"as\">\n<div class=\"description\">La oposici\u00f3n no consigui\u00f3 el qu\u00f3rum y la sesi\u00f3n se pas\u00f3 para el 21 de noviembre.<\/div>\n<\/div>\n<\/div>\n<div class=\"zleft z75\">\n<div class=\"media\">\n<div id=\"vplfgp_gallery1\" class=\"gallery\">\n<div class=\"g_controls\">\n<div class=\"image\">\n<div class=\"zoom\"><\/div>\n<\/div>\n<\/div>\n<div class=\"media-footer\">\n<div id=\"vplfgc_gallery1\" class=\"caption\"><a href=\"https:\/\/opinionpublica.com.ar\/index\/wp-content\/uploads\/2024\/11\/6706b28ed32f1_940_529-german-martinez.jpg\"><img fetchpriority=\"high\" decoding=\"async\" class=\"alignnone size-full wp-image-7085\" src=\"https:\/\/opinionpublica.com.ar\/index\/wp-content\/uploads\/2024\/11\/6706b28ed32f1_940_529-german-martinez.jpg\" alt=\"\" width=\"940\" height=\"529\" srcset=\"https:\/\/opinionpublica.com.ar\/index\/wp-content\/uploads\/2024\/11\/6706b28ed32f1_940_529-german-martinez.jpg 940w, https:\/\/opinionpublica.com.ar\/index\/wp-content\/uploads\/2024\/11\/6706b28ed32f1_940_529-german-martinez-300x169.jpg 300w, https:\/\/opinionpublica.com.ar\/index\/wp-content\/uploads\/2024\/11\/6706b28ed32f1_940_529-german-martinez-768x432.jpg 768w\" sizes=\"(max-width: 940px) 100vw, 940px\" \/><\/a><\/div>\n<\/div>\n<\/div>\n<\/div>\n<div class=\"ad_tn\">\n<div class=\"author-date\"><\/div>\n<\/div>\n<div id=\"vsmcontent\" class=\"body vsmcontent\">\n<p>El gobierno consigui\u00f3 dividir al peronismo y se cay\u00f3 la sesi\u00f3n en la que se iban a limitar los DNU de Javier Milei y hacer caer el decreto del canje de deuda de Luis Caputo. El faltazo de los legisladores de UP fue tan estruendoso que hasta el diputado trotskista Christian \u00abChipi\u00bbCastillo se burl\u00f3 de la situaci\u00f3n: \u00abAl peronismo le crecieron peronistas con peluca\u00bb, dijo al salir del recinto.<\/p>\n<p>Germ\u00e1n Mart\u00ednez debi\u00f3 convocar una reuni\u00f3n de urgencia ante la amenaza de 8 diputados de su bloque que pretend\u00edan jugar para el gobierno y dejar sin qu\u00f3rum a la oposici\u00f3n.<\/p>\n<div class=\"zone z75-footer-globalsite-idx2 global-site-banner\">\n<div id=\"vplnewsletterv99912v3\" class=\"piece newsletter standard align-left bkg-image\">\n<div class=\"piecetitle\"><\/div>\n<div class=\"piecefooter\">\n<div class=\"piecefooterimage\"><\/div>\n<\/div>\n<\/div>\n<\/div>\n<p>En la previa de Labor Parlamentaria se lo pudo ver envuelto en nerviosismo, junto a su vicepresidenta, Paula Penacca, en el Sal\u00f3n Pasos Perdidos. Uno de sus colegas de bloque precis\u00f3 que ambos llamaban por tel\u00e9fono desde la semana pasada, para evitar fugas. Y de hecho, una legisladora coment\u00f3 a LPO que el santafecino abandon\u00f3 la reuni\u00f3n de Labor bajo el pretexto desesperado de \u00abjuntar qu\u00f3rum\u00bb.<\/p>\n<p>&nbsp;<\/p>\n<p>En un despacho que reniega de la conducci\u00f3n de Mart\u00ednez, comentaron que se ensay\u00f3 una reuni\u00f3n de bloque este lunes pero concurrieron solo 30 integrantes. \u00abLos que bajan lo hacen con cero onda, no llam\u00f3 ni para ablandar\u00bb, se quejaron.<\/p>\n<p>&nbsp;<\/p>\n<p>La bronca interna se expresa alrededor de la disputa por el PJ, despu\u00e9s que Cristina Kirchner quedara como presidenta del partido y Mart\u00ednez integrara su lista como uno de los vicepresidentes. Esas definiciones impactaron en el bloque porque hubo diputados que juntaron avales para Ricardo Quintela y ahora, seg\u00fan se comenta en el Congreso, \u00abno se sienten contenidos\u00bb por el titular de la bancada.<\/p>\n<p>Con el fracaso consumado, el bloque de Mart\u00ednez decidi\u00f3 prorrogar la sesi\u00f3n para el jueves 21 de noviembre. \u00ab\u00bfC\u00f3mo van a prorrogar la sesi\u00f3n si la sesi\u00f3n no arranc\u00f3?\u00bb, vociferaba Cristian Ritondo a la salida del Sal\u00f3n Pasos Perdidos.<\/p>\n<div class=\"zone \">\n<div class=\"piece banner standard\">\n<div class=\"items\">\n<div class=\"item\">\n<div id=\"Interstitial\"><\/div>\n<\/div>\n<\/div>\n<\/div>\n<div class=\"separator\"><a href=\"https:\/\/opinionpublica.com.ar\/index\/wp-content\/uploads\/2024\/08\/gerardo-martinez.jpg\"><img decoding=\"async\" class=\"alignnone size-full wp-image-5333\" src=\"https:\/\/opinionpublica.com.ar\/index\/wp-content\/uploads\/2024\/08\/gerardo-martinez.jpg\" alt=\"\" width=\"1080\" height=\"632\" srcset=\"https:\/\/opinionpublica.com.ar\/index\/wp-content\/uploads\/2024\/08\/gerardo-martinez.jpg 1080w, https:\/\/opinionpublica.com.ar\/index\/wp-content\/uploads\/2024\/08\/gerardo-martinez-300x176.jpg 300w, https:\/\/opinionpublica.com.ar\/index\/wp-content\/uploads\/2024\/08\/gerardo-martinez-1024x599.jpg 1024w, https:\/\/opinionpublica.com.ar\/index\/wp-content\/uploads\/2024\/08\/gerardo-martinez-768x449.jpg 768w\" sizes=\"(max-width: 1080px) 100vw, 1080px\" \/><\/a><\/div>\n<div class=\"piece banner standard\">\n<div class=\"items\">\n<div class=\"item\">\n<div id=\"Adhesion\"><\/div>\n<\/div>\n<\/div>\n<\/div>\n<\/div>\n<p>Quienes provocaron la fisura del bloque peronista fueron los cuatro diputados de Catamarca que responden al gobernador Ra\u00fal Jalil, un aliado clave de la Rosada. Adem\u00e1s jug\u00f3 para el gobierno el juje\u00f1o Guillermo Snopek, que se tom\u00f3 un vuelo de Aerol\u00edneas que lo hizo llegar tarde al Congreso. Tambi\u00e9n peg\u00f3 el faltazo la chubutense Eugenia Alianello, que junt\u00f3 firmas para Quintela en la trunca interna del PJ. Tampoco estuvo el mendocino Adolfo Bermejo, por problemas personales.<\/p>\n<p>Adem\u00e1s, Mart\u00ednez contabilizaba tres inasistencias de los legisladores santiague\u00f1os. Los siete pertenecen a UP pero uno acus\u00f3 parte de enfermo y dos diputadas se manifestaron contra el temario suscripto por su propia bancada. El bombazo se hizo sentir porque la ex Presidenta visitar\u00e1 este jueves la provincia de Santiago del Estero, en el marco de su pelea para enderezar el PJ.<\/p>\n<p>Otros diputados que amenazaron con dar qu\u00f3rum y finalmente facilitaron el triunfo libertario fueron Jorge \u00abLoma\u00bb \u00c1vila, que responde al gobernador de Chubut, Nacho Torres, y Francisco Morchio, que hace lo propio por el gobernador de Entre R\u00edos, Rogelio Frigerio. Ambos pertenecen al bloque de Encuentro Federal que lidera Miguel Pichetto.<\/p>\n<\/div>\n<\/div>\n<\/div>\n<div class=\"z25 zright float\">\n<div class=\"zone z25-1\">\n<div class=\"piece banner standard\">\n<div class=\"items\">\n<div class=\"item\">\n<div id=\"MediumRectangle_1\"><\/div>\n<\/div>\n<\/div>\n<\/div>\n<\/div>\n<\/div>\n<\/div>\n<div class=\"bloque2 nota noticia-ar\">\n<div class=\"item\">\n<div class=\"zleft z75\">\n<section id=\"tags-content-303595\" class=\"tag-section\">&nbsp;<\/p>\n<\/section>\n<\/div>\n<\/div>\n<\/div>\n","protected":false},"excerpt":{"rendered":"<p>El peronismo se dividi\u00f3 y se cay\u00f3 la sesi\u00f3n para limitar los DNU de Milei: \u00abNacieron los peronistas<\/p>\n","protected":false},"author":8,"featured_media":5005,"comment_status":"open","ping_status":"open","sticky":false,"template":"","format":"standard","meta":{"footnotes":""},"categories":[3,27],"tags":[59,692],"class_list":["post-7084","post","type-post","status-publish","format-standard","has-post-thumbnail","hentry","category-nacionales","category-politica","tag-dnu","tag-javier-milei"],"featured_image_urls":{"full":["https:\/\/opinionpublica.com.ar\/index\/wp-content\/uploads\/2024\/08\/valdez-martinez.jpg",940,529,false],"thumbnail":["https:\/\/opinionpublica.com.ar\/index\/wp-content\/uploads\/2024\/08\/valdez-martinez-150x150.jpg",150,150,true],"medium":["https:\/\/opinionpublica.com.ar\/index\/wp-content\/uploads\/2024\/08\/valdez-martinez-300x169.jpg",300,169,true],"medium_large":["https:\/\/opinionpublica.com.ar\/index\/wp-content\/uploads\/2024\/08\/valdez-martinez-768x432.jpg",640,360,true],"large":["https:\/\/opinionpublica.com.ar\/index\/wp-content\/uploads\/2024\/08\/valdez-martinez.jpg",640,360,false],"1536x1536":["https:\/\/opinionpublica.com.ar\/index\/wp-content\/uploads\/2024\/08\/valdez-martinez.jpg",940,529,false],"2048x2048":["https:\/\/opinionpublica.com.ar\/index\/wp-content\/uploads\/2024\/08\/valdez-martinez.jpg",940,529,false],"morenews-large":["https:\/\/opinionpublica.com.ar\/index\/wp-content\/uploads\/2024\/08\/valdez-martinez-825x529.jpg",825,529,true],"morenews-medium":["https:\/\/opinionpublica.com.ar\/index\/wp-content\/uploads\/2024\/08\/valdez-martinez-590x410.jpg",590,410,true]},"author_info":{"display_name":"RKing","author_link":"https:\/\/opinionpublica.com.ar\/index\/author\/rking\/"},"category_info":"<a href=\"https:\/\/opinionpublica.com.ar\/index\/category\/nacionales\/\" rel=\"category tag\">Nacionales<\/a> <a href=\"https:\/\/opinionpublica.com.ar\/index\/category\/politica\/\" rel=\"category tag\">Politica<\/a>","tag_info":"Politica","comment_count":"0","_links":{"self":[{"href":"https:\/\/opinionpublica.com.ar\/index\/wp-json\/wp\/v2\/posts\/7084","targetHints":{"allow":["GET"]}}],"collection":[{"href":"https:\/\/opinionpublica.com.ar\/index\/wp-json\/wp\/v2\/posts"}],"about":[{"href":"https:\/\/opinionpublica.com.ar\/index\/wp-json\/wp\/v2\/types\/post"}],"author":[{"embeddable":true,"href":"https:\/\/opinionpublica.com.ar\/index\/wp-json\/wp\/v2\/users\/8"}],"replies":[{"embeddable":true,"href":"https:\/\/opinionpublica.com.ar\/index\/wp-json\/wp\/v2\/comments?post=7084"}],"version-history":[{"count":1,"href":"https:\/\/opinionpublica.com.ar\/index\/wp-json\/wp\/v2\/posts\/7084\/revisions"}],"predecessor-version":[{"id":7086,"href":"https:\/\/opinionpublica.com.ar\/index\/wp-json\/wp\/v2\/posts\/7084\/revisions\/7086"}],"wp:featuredmedia":[{"embeddable":true,"href":"https:\/\/opinionpublica.com.ar\/index\/wp-json\/wp\/v2\/media\/5005"}],"wp:attachment":[{"href":"https:\/\/opinionpublica.com.ar\/index\/wp-json\/wp\/v2\/media?parent=7084"}],"wp:term":[{"taxonomy":"category","embeddable":true,"href":"https:\/\/opinionpublica.com.ar\/index\/wp-json\/wp\/v2\/categories?post=7084"},{"taxonomy":"post_tag","embeddable":true,"href":"https:\/\/opinionpublica.com.ar\/index\/wp-json\/wp\/v2\/tags?post=7084"}],"curies":[{"name":"wp","href":"https:\/\/api.w.org\/{rel}","templated":true}]}}