{"id":7087,"date":"2024-11-13T10:14:26","date_gmt":"2024-11-13T13:14:26","guid":{"rendered":"https:\/\/opinionpublica.com.ar\/index\/?p=7087"},"modified":"2024-11-13T10:14:26","modified_gmt":"2024-11-13T13:14:26","slug":"aerolineas-argentinas-y-los-gremios-aeronauticos-firmaron-pre-acuerdos-de-salarios-y-condiciones-laborales","status":"publish","type":"post","link":"https:\/\/opinionpublica.com.ar\/index\/aerolineas-argentinas-y-los-gremios-aeronauticos-firmaron-pre-acuerdos-de-salarios-y-condiciones-laborales\/","title":{"rendered":"Aerol\u00edneas Argentinas y los gremios aeron\u00e1uticos firmaron pre acuerdos de salarios y condiciones laborales"},"content":{"rendered":"<div class=\"sc-968f7cb1-0 jmXtfk normal-header false normal-header false\">\n<div class=\"sc-968f7cb1-0 jmXtfk shared-header shared-header\">\n<div class=\"mt\">\n<p class=\"storyTitle\">Aerol\u00edneas Argentinas y los gremios aeron\u00e1uticos firmaron pre acuerdos de salarios y condiciones laborales<\/p>\n<ul>\n<li>Fue esta madrugada entre representantes de la empresa con los sindicatos APLA, AAA y APA, tras el ultim\u00e1tum del Gobierno.<\/li>\n<li>El acta firmada con los pilotos fue la que m\u00e1s horas requiri\u00f3 y el gremio que encabeza Pablo Bir\u00f3 la debe ratificar en una asamblea interna. Incluye ceder privilegios, como los pasajes gratuitos en clase ejecutiva e incorpora la figura de la productividad para los aumentos salariales.<\/li>\n<li>Tambi\u00e9n hubo pre acuerdos con los tripulantes y el personal de rampa.<\/li>\n<\/ul>\n<p><a href=\"https:\/\/opinionpublica.com.ar\/index\/wp-content\/uploads\/2024\/11\/3G9Mc11Bm_600x600__1-aerolineas.jpg\"><img fetchpriority=\"high\" decoding=\"async\" class=\"alignnone size-full wp-image-7088\" src=\"https:\/\/opinionpublica.com.ar\/index\/wp-content\/uploads\/2024\/11\/3G9Mc11Bm_600x600__1-aerolineas.jpg\" alt=\"\" width=\"600\" height=\"600\" srcset=\"https:\/\/opinionpublica.com.ar\/index\/wp-content\/uploads\/2024\/11\/3G9Mc11Bm_600x600__1-aerolineas.jpg 600w, https:\/\/opinionpublica.com.ar\/index\/wp-content\/uploads\/2024\/11\/3G9Mc11Bm_600x600__1-aerolineas-300x300.jpg 300w, https:\/\/opinionpublica.com.ar\/index\/wp-content\/uploads\/2024\/11\/3G9Mc11Bm_600x600__1-aerolineas-150x150.jpg 150w\" sizes=\"(max-width: 600px) 100vw, 600px\" \/><\/a><\/p>\n<\/div>\n<\/div>\n<\/div>\n<section class=\"sc-fb6646af-1 bCQdLm\">\n<article id=\"storyBody\" class=\"sc-fb6646af-2 cxxwNX\">\n<section class=\"sc-fb6646af-3 grQonE dataStory dataStory\">\n<div class=\"place-social-mobile\">\n<div class=\"sc-21d6e8b1-0 iyySuN SocialMedia SocialMedia\">\n<p>El gremio de los <strong>pilotos de Aerol\u00edneas Argentinas<\/strong>\u00a0firm\u00f3 en la madrugada de este mi\u00e9rcoles<strong>\u00a0un preacuerdo<\/strong>\u00a0con la empresa para establecer una serie de\u00a0<strong>recortes<\/strong>\u00a0<strong>de sus beneficios laborales<\/strong>. La negociaci\u00f3n\u00a0<strong>todav\u00eda debe ser aprobada por la asamblea\u00a0<\/strong>de los afiliados a APLA para que el acuerdo quede en firme.<\/p>\n<\/div>\n<\/div>\n<\/section>\n<div class=\"StoryTextContainer vsmcontent\" data-mrf-recirculation=\"Article Body\">\n<div id=\"cuerpo\">\n<div class=\"sc-80531b6b-0 chRIGJ container-text text-embed\">\n<p>Los otros dos gremios que negocian sus condiciones con la empresa, la\u00a0<strong>Asociaci\u00f3n de Aeronavegantes<\/strong>\u00a0(AAA) y la\u00a0<strong>Asociaci\u00f3n del Personal Aeron\u00e1utico\u00a0<\/strong>(APA) tambi\u00e9n firmaron convenios de adecuaci\u00f3n de sus condiciones laborales tras el de los pilotos.<\/p>\n<\/div>\n<div class=\"sc-cdfc64bc-0 fPEUzU border-video video-embed border-video video-embed\"><\/div>\n<div class=\"sc-3d4cfefd-5 bNxGxV\"><\/div>\n<div class=\"sc-80531b6b-0 chRIGJ container-text text-embed\">\n<p>Poco antes, a las 12.30, la\u00a0<strong>Asociaci\u00f3n de Pilotos de L\u00edneas A\u00e9reas<\/strong>\u00a0(APLA) hab\u00eda advertido que hasta ese momento\u00a0<strong>todav\u00eda no hab\u00eda nada firmado<\/strong>.<\/p>\n<\/div>\n<div class=\"sc-80531b6b-0 chRIGJ container-text text-embed\">\n<p>\u00abLas negociaciones seguramente seguir\u00e1n hasta<strong>\u00a0altas horas de la noche<\/strong>. En el hipot\u00e9tico caso de haber acuerdo, el mismo ser\u00e1 informado y aceptado en las Asambleas respectivas, a las que\u00a0<strong>convocaremos de manera urgente<\/strong>\u00ab, se\u00f1al\u00f3 APLA en un comunicado.<\/p>\n<\/div>\n<div class=\"sc-80531b6b-0 chRIGJ container-text text-embed\">\n<p>Aerol\u00edneas hab\u00eda ofrecido meses atr\u00e1s un aumento salarial de<strong>\u00a011,8%nominal, de base<\/strong>\u00a0(sin contar adicionales) para el per\u00edodo junio-agosto, que es el que por el momento se sigue tomando como referencia del reclamo gremial. Ese fue el incremento que otorg\u00f3 a\u00a0<strong>los \u00fanicos dos gremios<\/strong>\u00a0que negociaron sus paritarias en aquel momento,\u00a0<strong>APTA y UPSA.<\/strong><\/p>\n<\/div>\n<div class=\"sc-3d4cfefd-0 ihdmbe\">\n<div id=\"div-gpt-ad-caja0\" class=\"sc-dd1745b8-0 dNUhuM bannerSRA\" data-google-query-id=\"CMLy9r-u2YkDFTVO3QIdptwqZg\">\n<div id=\"google_ads_iframe_\/242767168\/clarin\/economia\/nota\/caja0_0__container__\"><\/div>\n<\/div>\n<\/div>\n<div class=\"sc-80531b6b-0 chRIGJ container-text text-embed\">\n<p>En el caso de los pilotos, la propuesta de un incremento salarial\u00a0<strong>fue diferente<\/strong>, en particular por la modalidad que se aplicaba hasta el momento.<\/p>\n<p><a href=\"https:\/\/opinionpublica.com.ar\/index\/wp-content\/uploads\/2024\/08\/aerolineas-argentinas.jpg\"><img decoding=\"async\" class=\"alignnone size-full wp-image-5300\" src=\"https:\/\/opinionpublica.com.ar\/index\/wp-content\/uploads\/2024\/08\/aerolineas-argentinas.jpg\" alt=\"\" width=\"1200\" height=\"800\" srcset=\"https:\/\/opinionpublica.com.ar\/index\/wp-content\/uploads\/2024\/08\/aerolineas-argentinas.jpg 1200w, https:\/\/opinionpublica.com.ar\/index\/wp-content\/uploads\/2024\/08\/aerolineas-argentinas-300x200.jpg 300w, https:\/\/opinionpublica.com.ar\/index\/wp-content\/uploads\/2024\/08\/aerolineas-argentinas-1024x683.jpg 1024w, https:\/\/opinionpublica.com.ar\/index\/wp-content\/uploads\/2024\/08\/aerolineas-argentinas-768x512.jpg 768w\" sizes=\"(max-width: 1200px) 100vw, 1200px\" \/><\/a><\/p>\n<\/div>\n<div class=\"sc-80531b6b-0 chRIGJ container-text text-embed\">\n<p>El aumento salarial para el semestre junio-noviembre de los pilotos, seg\u00fan lo acordado ser\u00eda\u00a0<strong>de 16%<\/strong>. Cualquier repaso con la calculadora arroja que la proporci\u00f3n entre el aumento trimestral de los otros dos gremios es mucho\u00a0<strong>m\u00e1s ventajosa que el total que los pilotos obtuvieron<\/strong>\u00a0para un semestre completo.<\/p>\n<\/div>\n<div class=\"sc-80531b6b-0 chRIGJ container-text text-embed\">\n<p>Sin embargo, para los pilotos habr\u00eda un mecanismo de<strong>\u00a0incentivos por productividad.\u00a0<\/strong>\u00abLos que\u00a0<strong>m\u00e1s vuelen m\u00e1s van a cobrar<\/strong>\u00ab, dijeron fuentes oficiales que fue lo que se puso sobre la mesa.<\/p>\n<\/div>\n<div class=\"sc-3d4cfefd-0 ihdmbe\">\n<div id=\"div-gpt-ad-caja1\" class=\"sc-dd1745b8-0 dNUhuM bannerSRA\" data-google-query-id=\"CMTy9r-u2YkDFTVO3QIdptwqZg\">\n<div id=\"google_ads_iframe_\/242767168\/clarin\/economia\/nota\/caja1_0__container__\"><\/div>\n<\/div>\n<\/div>\n<div class=\"sc-80531b6b-0 chRIGJ container-text text-embed\">\n<p>La productividad de los pilotos de Aerol\u00edneas Argentinas es menor a la de sus colegas de otras l\u00edneas a\u00e9reas de la regi\u00f3n. Como mecanismo de comparaci\u00f3n, se suele mencionar que un comandante de vuelos trans oce\u00e1nicos no supera las\u00a0<strong>40 a 50 horas<\/strong>\u00a0por mes<strong>\u00a0contra<\/strong>\u00a0<strong>70 horas\u00a0<\/strong>de un competidor de\u00a0<strong>LATAM, Copa o Avianca.<\/strong><\/p>\n<\/div>\n<div class=\"sc-80531b6b-0 chRIGJ container-text text-embed\">\n<p>Con este nuevo mecanismo de remuneraci\u00f3n, se estar\u00eda incluyendo una figura de \u00abproductividad\u00bb que hasta el momento\u00a0<strong>ni figuraba en el diccionario de los pilotos de Aerol\u00edneas.<\/strong><\/p>\n<\/div>\n<div class=\"sc-106e49c0-0 dcVumd freeHtml-embed undefined\">\n<div class=\"twitter-tweet twitter-tweet-rendered\"><\/div>\n<\/div>\n<div class=\"sc-80531b6b-0 chRIGJ container-text text-embed\">\n<p>La otra pata del acuerdo se refiere a\u00a0<strong>concesiones en los convenios colectivos<\/strong>\u00a0de trabajo de APLA &#8211;<strong>los privilegios<\/strong>\u00a0en el l\u00e9xico del Gobierno- que acapar\u00f3 la mayor parte de las casi\u00a0<strong>ocho horas de negociaciones<\/strong>\u00a0de este martes en la sede de Aerol\u00edneas Argentinas.<\/p>\n<\/div>\n<div class=\"sc-3d4cfefd-7 fchvKK\">\n<div id=\"div-gpt-ad-inread4\" class=\"sc-dd1745b8-0 dNUhuM lazyBanner\" data-google-query-id=\"COO2oeWv2YkDFYVNuAQdvjgCQA\">\n<div id=\"google_ads_iframe_\/242767168\/clarin\/economia\/nota\/inread4_0__container__\"><\/div>\n<\/div>\n<\/div>\n<div class=\"sc-80531b6b-0 chRIGJ container-text text-embed\">\n<h2>Los privilegios en la mira y la ausencia de Pablo Bir\u00f3<\/h2>\n<\/div>\n<div class=\"sc-80531b6b-0 chRIGJ container-text text-embed\">\n<p><strong>Pasajes gratuitos\u00a0<\/strong>en clase ejecutiva, descanso en los\u00a0<strong>d\u00edas de cumplea\u00f1os,\u00a0<\/strong>tiempo de trabajo computado\u00a0<strong>desde que<\/strong>\u00a0<strong>el rem\u00eds los pasa a buscar\u00a0<\/strong>por su domicilio fueron algunos de los puntos que se les exigi\u00f3 bajar de los convenios.<\/p>\n<\/div>\n<div class=\"sc-80531b6b-0 chRIGJ container-text text-embed\">\n<p>Otras cuestiones est\u00e1n vinculadas a\u00a0<strong>achicar los tiempos de descanso<\/strong>\u00a0en destinos remotos\u00a0<strong>como Madrid y Roma,\u00a0<\/strong>dejar de disponer de un\u00a0<strong>asiento en clase ejecutiva durante el tiempo de vuelo\u00a0<\/strong>y una fuerte reducci\u00f3n en los\u00a0<strong>pasajes con descuentos por la casi totalidad de su valor<\/strong>\u00a0(al 25% de su valor nominal) para los pilotos, tripulantes de a bordo y sus\u00a0<strong>familiares<\/strong>.<\/p>\n<\/div>\n<div class=\"sc-80531b6b-0 chRIGJ container-text text-embed\">\n<p>La negociaci\u00f3n fue con una delegaci\u00f3n de pilotos encabezada por el secretario gremial de APLA,\u00a0<strong>Mateo Ferrer\u00eda<\/strong>. El n\u00famero uno del gremio,<strong>\u00a0Pablo Bir\u00f3,<\/strong>\u00a0<strong>no asisti\u00f3<\/strong>\u00a0a ninguno de los tres encuentros en la sede de Aerol\u00edneas, entre el viernes y el martes, pero sigui\u00f3 las tratativas\u00a0<strong>por tel\u00e9fono<\/strong>, junto con el vocero del gremio,<strong>\u00a0Juan Pablo Mazzieri.<\/strong><\/p>\n<\/div>\n<div class=\"sc-198be8ec-0 cynXbu image-embed  image-embed \"><a href=\"https:\/\/opinionpublica.com.ar\/index\/wp-content\/uploads\/2024\/09\/K6SWm1EEo_1200x0__1-pablo-biro.jpg\"><img decoding=\"async\" class=\"alignnone size-full wp-image-5775\" src=\"https:\/\/opinionpublica.com.ar\/index\/wp-content\/uploads\/2024\/09\/K6SWm1EEo_1200x0__1-pablo-biro.jpg\" alt=\"\" width=\"1200\" height=\"798\" srcset=\"https:\/\/opinionpublica.com.ar\/index\/wp-content\/uploads\/2024\/09\/K6SWm1EEo_1200x0__1-pablo-biro.jpg 1200w, https:\/\/opinionpublica.com.ar\/index\/wp-content\/uploads\/2024\/09\/K6SWm1EEo_1200x0__1-pablo-biro-300x200.jpg 300w, https:\/\/opinionpublica.com.ar\/index\/wp-content\/uploads\/2024\/09\/K6SWm1EEo_1200x0__1-pablo-biro-1024x681.jpg 1024w, https:\/\/opinionpublica.com.ar\/index\/wp-content\/uploads\/2024\/09\/K6SWm1EEo_1200x0__1-pablo-biro-768x511.jpg 768w\" sizes=\"(max-width: 1200px) 100vw, 1200px\" \/><\/a><\/div>\n<div class=\"sc-80531b6b-0 chRIGJ container-text text-embed\">\n<p>Tanto el titular de Aerol\u00edneas,<strong>\u00a0Fabi\u00e1n Lombardo<\/strong>, como los representantes del gremio aseguraron que las negociaciones \u00abavanzaron\u00bb en el sentido que exigi\u00f3 el Gobierno: conseguir un plan \u00absustentable\u00bb para la empresa, que s\u00f3lo en lo que va de este a\u00f1o\u00a0<strong>ya tuvo cerca de 20 medidas de fuerza gremiales.<\/strong><\/p>\n<\/div>\n<div class=\"sc-80531b6b-0 chRIGJ container-text text-embed\">\n<p>En rigor, aun si las partes terminan ratificando por completo este preacuerdo, se tratar\u00eda de una negociaci\u00f3n que apunta por sobre todo a conseguir\u00a0<strong>un per\u00edodo de paz social\u00a0<\/strong>para la empresa, aquejada por la<strong>\u00a0ca\u00edda de venta de pasajes en<\/strong>\u00a0el momento del a\u00f1o que m\u00e1s dinero suele recaudar, a las puertas de la temporada veraniega.<\/p>\n<\/div>\n<div class=\"sc-80531b6b-0 chRIGJ container-text text-embed\">\n<p>La\u00a0<strong>masa salarial\u00a0<\/strong>de Aerol\u00edneas ronda entre<strong>\u00a0600 y 700 millones de d\u00f3lares por a\u00f1o<\/strong>, seg\u00fan fuentes del sector, y representa aproximadamente\u00a0<strong>un 40% de sus ingresos totales<\/strong>.<\/p>\n<\/div>\n<div class=\"sc-3d4cfefd-0 ihdmbe\">\n<div id=\"div-gpt-ad-caja2\" class=\"sc-dd1745b8-0 dNUhuM bannerSRA\" data-google-query-id=\"CMXy9r-u2YkDFTVO3QIdptwqZg\">\n<div id=\"google_ads_iframe_\/242767168\/clarin\/economia\/nota\/caja2_0__container__\"><\/div>\n<\/div>\n<\/div>\n<div class=\"sc-80531b6b-0 chRIGJ container-text text-embed\">\n<p>La modificaci\u00f3n de los convenios colectivos de trabajo no apunta tanto a generar un fuerte ahorro sino a conseguir que los gremios acepten cl\u00e1usulas de trabajo\u00a0<strong>m\u00e1s en l\u00ednea con las empresas privadas<\/strong>\u00a0que tienen como objetivo la<strong>\u00a0rentabilidad.<\/strong><\/p>\n<\/div>\n<\/div>\n<\/div>\n<\/article>\n<\/section>\n","protected":false},"excerpt":{"rendered":"<p>Aerol\u00edneas Argentinas y los gremios aeron\u00e1uticos firmaron pre acuerdos de salarios y condiciones laborales Fue esta madrugada entre<\/p>\n","protected":false},"author":8,"featured_media":7088,"comment_status":"open","ping_status":"open","sticky":false,"template":"","format":"standard","meta":{"footnotes":""},"categories":[29,3],"tags":[89,1856,1921],"class_list":["post-7087","post","type-post","status-publish","format-standard","has-post-thumbnail","hentry","category-interes-general","category-nacionales","tag-aerolineas-argentinas","tag-apla","tag-pablo-biro"],"featured_image_urls":{"full":["https:\/\/opinionpublica.com.ar\/index\/wp-content\/uploads\/2024\/11\/3G9Mc11Bm_600x600__1-aerolineas.jpg",600,600,false],"thumbnail":["https:\/\/opinionpublica.com.ar\/index\/wp-content\/uploads\/2024\/11\/3G9Mc11Bm_600x600__1-aerolineas-150x150.jpg",150,150,true],"medium":["https:\/\/opinionpublica.com.ar\/index\/wp-content\/uploads\/2024\/11\/3G9Mc11Bm_600x600__1-aerolineas-300x300.jpg",300,300,true],"medium_large":["https:\/\/opinionpublica.com.ar\/index\/wp-content\/uploads\/2024\/11\/3G9Mc11Bm_600x600__1-aerolineas.jpg",600,600,false],"large":["https:\/\/opinionpublica.com.ar\/index\/wp-content\/uploads\/2024\/11\/3G9Mc11Bm_600x600__1-aerolineas.jpg",600,600,false],"1536x1536":["https:\/\/opinionpublica.com.ar\/index\/wp-content\/uploads\/2024\/11\/3G9Mc11Bm_600x600__1-aerolineas.jpg",600,600,false],"2048x2048":["https:\/\/opinionpublica.com.ar\/index\/wp-content\/uploads\/2024\/11\/3G9Mc11Bm_600x600__1-aerolineas.jpg",600,600,false],"morenews-large":["https:\/\/opinionpublica.com.ar\/index\/wp-content\/uploads\/2024\/11\/3G9Mc11Bm_600x600__1-aerolineas-600x575.jpg",600,575,true],"morenews-medium":["https:\/\/opinionpublica.com.ar\/index\/wp-content\/uploads\/2024\/11\/3G9Mc11Bm_600x600__1-aerolineas-590x410.jpg",590,410,true]},"author_info":{"display_name":"RKing","author_link":"https:\/\/opinionpublica.com.ar\/index\/author\/rking\/"},"category_info":"<a href=\"https:\/\/opinionpublica.com.ar\/index\/category\/interes-general\/\" rel=\"category tag\">Interes General<\/a> <a href=\"https:\/\/opinionpublica.com.ar\/index\/category\/nacionales\/\" rel=\"category tag\">Nacionales<\/a>","tag_info":"Nacionales","comment_count":"0","_links":{"self":[{"href":"https:\/\/opinionpublica.com.ar\/index\/wp-json\/wp\/v2\/posts\/7087","targetHints":{"allow":["GET"]}}],"collection":[{"href":"https:\/\/opinionpublica.com.ar\/index\/wp-json\/wp\/v2\/posts"}],"about":[{"href":"https:\/\/opinionpublica.com.ar\/index\/wp-json\/wp\/v2\/types\/post"}],"author":[{"embeddable":true,"href":"https:\/\/opinionpublica.com.ar\/index\/wp-json\/wp\/v2\/users\/8"}],"replies":[{"embeddable":true,"href":"https:\/\/opinionpublica.com.ar\/index\/wp-json\/wp\/v2\/comments?post=7087"}],"version-history":[{"count":1,"href":"https:\/\/opinionpublica.com.ar\/index\/wp-json\/wp\/v2\/posts\/7087\/revisions"}],"predecessor-version":[{"id":7089,"href":"https:\/\/opinionpublica.com.ar\/index\/wp-json\/wp\/v2\/posts\/7087\/revisions\/7089"}],"wp:featuredmedia":[{"embeddable":true,"href":"https:\/\/opinionpublica.com.ar\/index\/wp-json\/wp\/v2\/media\/7088"}],"wp:attachment":[{"href":"https:\/\/opinionpublica.com.ar\/index\/wp-json\/wp\/v2\/media?parent=7087"}],"wp:term":[{"taxonomy":"category","embeddable":true,"href":"https:\/\/opinionpublica.com.ar\/index\/wp-json\/wp\/v2\/categories?post=7087"},{"taxonomy":"post_tag","embeddable":true,"href":"https:\/\/opinionpublica.com.ar\/index\/wp-json\/wp\/v2\/tags?post=7087"}],"curies":[{"name":"wp","href":"https:\/\/api.w.org\/{rel}","templated":true}]}}