{"id":7090,"date":"2024-11-13T10:19:15","date_gmt":"2024-11-13T13:19:15","guid":{"rendered":"https:\/\/opinionpublica.com.ar\/index\/?p=7090"},"modified":"2024-11-13T10:19:15","modified_gmt":"2024-11-13T13:19:15","slug":"balacera-en-ushuaia-gremios-exigen-la-inmediata-liberacion-de-ramon-calderon","status":"publish","type":"post","link":"https:\/\/opinionpublica.com.ar\/index\/balacera-en-ushuaia-gremios-exigen-la-inmediata-liberacion-de-ramon-calderon\/","title":{"rendered":"Balacera en Ushuaia: gremios exigen la \u00abinmediata liberaci\u00f3n\u00bb de Ram\u00f3n Calder\u00f3n"},"content":{"rendered":"<hgroup class=\"zona-titulo\">Balacera en Ushuaia: gremios exigen la \u00abinmediata liberaci\u00f3n\u00bb de Ram\u00f3n Calder\u00f3n<\/hgroup>\n<p>El sindicalista se encuentra desde hace 2 semanas preso; hab\u00eda sido detenido junto con un empresario\/gremialista quien ser\u00eda el que -seg\u00fan testigos- habr\u00eda detonado disparos desde un auto deportivo de alta gama. Todo eso, en el marco de un acto del justicialismo local y plena v\u00eda p\u00fablica.<\/p>\n<div class=\"row\">\n<div class=\"col-md-1 col-sticky\">\n<div class=\"inner-share-bar cf\">\n<div class=\"item\"><a href=\"https:\/\/opinionpublica.com.ar\/index\/wp-content\/uploads\/2024\/10\/bc5edb33-7414-4e63-93c3-136d7cd7f500-moncho-calderon-paretto.jpg\"><img fetchpriority=\"high\" decoding=\"async\" class=\"alignnone size-full wp-image-6635\" src=\"https:\/\/opinionpublica.com.ar\/index\/wp-content\/uploads\/2024\/10\/bc5edb33-7414-4e63-93c3-136d7cd7f500-moncho-calderon-paretto.jpg\" alt=\"\" width=\"553\" height=\"422\" srcset=\"https:\/\/opinionpublica.com.ar\/index\/wp-content\/uploads\/2024\/10\/bc5edb33-7414-4e63-93c3-136d7cd7f500-moncho-calderon-paretto.jpg 553w, https:\/\/opinionpublica.com.ar\/index\/wp-content\/uploads\/2024\/10\/bc5edb33-7414-4e63-93c3-136d7cd7f500-moncho-calderon-paretto-300x229.jpg 300w\" sizes=\"(max-width: 553px) 100vw, 553px\" \/><\/a><\/div>\n<\/div>\n<\/div>\n<div class=\"col-md-11\">\n<div class=\"fecha-y-seccion\">\n<div class=\"fecha\"><\/div>\n<\/div>\n<div id=\"cuerpo-nota\" class=\"cuerpo-nota\">\n<p>Mat\u00edas Vega, secretario General de ATRARA, asegur\u00f3 que \u00abm\u00e1s del 85\/90 por ciento de los gremios apoyan\u00bb el pedido de liberaci\u00f3n del secretario de UTHGRA y la CGT Ram\u00f3n Moncho Calder\u00f3n, quien se encuentra detenido desde hace 16 d\u00edas luego del suceso ocurrido a metros de la sede del PJ de Ushuaia con disparos de bala frente a una multitud.<\/p>\n<aside class=\"relacionadas con-foto\"><\/aside>\n<p>Vega sali\u00f3 por los medios y ante las c\u00e1maras de\u00a0TV2 Noticias sostuvo que los diferentes sindicatos provinciales \u00abacompa\u00f1an y piden la liberaci\u00f3n\u00bb tanto de Calder\u00f3n como de Maximiliano Perpetto,\u00a0ya que \u00abpas\u00f3 el per\u00edodo procesal\u00bb.<\/p>\n<p>&nbsp;<\/p>\n<p>\u00abSe han hecho todos los pasos y se pide la pronta liberaci\u00f3n.\u00a0El compa\u00f1ero hizo los pasos con\u00a0el abogado, lo que se cree es que ya es mucho tiempo, se est\u00e1 dilatando mucho\u00bb, dijo el gremialista.<\/p>\n<p>&nbsp;<\/p>\n<p>Vega agreg\u00f3 que \u00abse pide que se lo deje afuera y que la justicia pueda seguir\u00a0los pasos legales\u00bb, al tiempo que asegur\u00f3 que son \u00abm\u00e1s de 30\u00bb los sindicatos que apoyan la moci\u00f3n por la libertad de los detenidos,\u00a0mencionando solamente a \u00abLa\u00a0Bancaria, la CTA, la UOCRA, el Pl\u00e1stico, el SOMU\u00bb.<\/p>\n<p><a href=\"https:\/\/opinionpublica.com.ar\/index\/wp-content\/uploads\/2024\/04\/ramon-calderon.jpg\"><img decoding=\"async\" class=\"alignnone size-full wp-image-2119\" src=\"https:\/\/opinionpublica.com.ar\/index\/wp-content\/uploads\/2024\/04\/ramon-calderon.jpg\" alt=\"\" width=\"1280\" height=\"720\" srcset=\"https:\/\/opinionpublica.com.ar\/index\/wp-content\/uploads\/2024\/04\/ramon-calderon.jpg 1280w, https:\/\/opinionpublica.com.ar\/index\/wp-content\/uploads\/2024\/04\/ramon-calderon-300x169.jpg 300w, https:\/\/opinionpublica.com.ar\/index\/wp-content\/uploads\/2024\/04\/ramon-calderon-1024x576.jpg 1024w, https:\/\/opinionpublica.com.ar\/index\/wp-content\/uploads\/2024\/04\/ramon-calderon-768x432.jpg 768w\" sizes=\"(max-width: 1280px) 100vw, 1280px\" \/><\/a><\/p>\n<p>Cabe recordar que la balacera tuvo lugar el pasado s\u00e1bado 26\u00a0de octubre por la tarde en el marco de un acto partidario que se desarroll\u00f3 en la sede del PJ ubicada en Kuanip al 1400. All\u00ed, seg\u00fan testigos, desde un auto importado se efectuaron al menos cuatro disparos de arma de fuego, hiriendo a una \u00fanica persona que milagrosamente\u00a0sobrevivi\u00f3.<\/p>\n<p>&nbsp;<\/p>\n<p>Perpetto y Calder\u00f3n fueron detenidos horas despu\u00e9s esa misma noche por la Polic\u00eda en jurisdicci\u00f3n la localidad de Tolhuin,\u00a0cuando se movilizaban a bordo de una camioneta Toyota Hilux. Quedaron desde aquel momento incomunicados y a disposici\u00f3n de la justicia, al tiempo que sus respectivos abogados tramitaron\u00a0su excarcelaci\u00f3n, requerimiento que fue denegado.<\/p>\n<\/div>\n<\/div>\n<\/div>\n","protected":false},"excerpt":{"rendered":"<p>Balacera en Ushuaia: gremios exigen la \u00abinmediata liberaci\u00f3n\u00bb de Ram\u00f3n Calder\u00f3n El sindicalista se encuentra desde hace 2<\/p>\n","protected":false},"author":8,"featured_media":2119,"comment_status":"open","ping_status":"open","sticky":false,"template":"","format":"standard","meta":{"footnotes":""},"categories":[2],"tags":[813,6],"class_list":["post-7090","post","type-post","status-publish","format-standard","has-post-thumbnail","hentry","category-tierra-del-fuego","tag-ramon-calderon","tag-ushuaia"],"featured_image_urls":{"full":["https:\/\/opinionpublica.com.ar\/index\/wp-content\/uploads\/2024\/04\/ramon-calderon.jpg",1280,720,false],"thumbnail":["https:\/\/opinionpublica.com.ar\/index\/wp-content\/uploads\/2024\/04\/ramon-calderon-150x150.jpg",150,150,true],"medium":["https:\/\/opinionpublica.com.ar\/index\/wp-content\/uploads\/2024\/04\/ramon-calderon-300x169.jpg",300,169,true],"medium_large":["https:\/\/opinionpublica.com.ar\/index\/wp-content\/uploads\/2024\/04\/ramon-calderon-768x432.jpg",640,360,true],"large":["https:\/\/opinionpublica.com.ar\/index\/wp-content\/uploads\/2024\/04\/ramon-calderon-1024x576.jpg",640,360,true],"1536x1536":["https:\/\/opinionpublica.com.ar\/index\/wp-content\/uploads\/2024\/04\/ramon-calderon.jpg",1280,720,false],"2048x2048":["https:\/\/opinionpublica.com.ar\/index\/wp-content\/uploads\/2024\/04\/ramon-calderon.jpg",1280,720,false],"morenews-large":["https:\/\/opinionpublica.com.ar\/index\/wp-content\/uploads\/2024\/04\/ramon-calderon-825x575.jpg",825,575,true],"morenews-medium":["https:\/\/opinionpublica.com.ar\/index\/wp-content\/uploads\/2024\/04\/ramon-calderon-590x410.jpg",590,410,true]},"author_info":{"display_name":"RKing","author_link":"https:\/\/opinionpublica.com.ar\/index\/author\/rking\/"},"category_info":"<a href=\"https:\/\/opinionpublica.com.ar\/index\/category\/tierra-del-fuego\/\" rel=\"category tag\">Tierra del Fuego<\/a>","tag_info":"Tierra del Fuego","comment_count":"0","_links":{"self":[{"href":"https:\/\/opinionpublica.com.ar\/index\/wp-json\/wp\/v2\/posts\/7090","targetHints":{"allow":["GET"]}}],"collection":[{"href":"https:\/\/opinionpublica.com.ar\/index\/wp-json\/wp\/v2\/posts"}],"about":[{"href":"https:\/\/opinionpublica.com.ar\/index\/wp-json\/wp\/v2\/types\/post"}],"author":[{"embeddable":true,"href":"https:\/\/opinionpublica.com.ar\/index\/wp-json\/wp\/v2\/users\/8"}],"replies":[{"embeddable":true,"href":"https:\/\/opinionpublica.com.ar\/index\/wp-json\/wp\/v2\/comments?post=7090"}],"version-history":[{"count":1,"href":"https:\/\/opinionpublica.com.ar\/index\/wp-json\/wp\/v2\/posts\/7090\/revisions"}],"predecessor-version":[{"id":7091,"href":"https:\/\/opinionpublica.com.ar\/index\/wp-json\/wp\/v2\/posts\/7090\/revisions\/7091"}],"wp:featuredmedia":[{"embeddable":true,"href":"https:\/\/opinionpublica.com.ar\/index\/wp-json\/wp\/v2\/media\/2119"}],"wp:attachment":[{"href":"https:\/\/opinionpublica.com.ar\/index\/wp-json\/wp\/v2\/media?parent=7090"}],"wp:term":[{"taxonomy":"category","embeddable":true,"href":"https:\/\/opinionpublica.com.ar\/index\/wp-json\/wp\/v2\/categories?post=7090"},{"taxonomy":"post_tag","embeddable":true,"href":"https:\/\/opinionpublica.com.ar\/index\/wp-json\/wp\/v2\/tags?post=7090"}],"curies":[{"name":"wp","href":"https:\/\/api.w.org\/{rel}","templated":true}]}}