{"id":7092,"date":"2024-11-13T10:25:49","date_gmt":"2024-11-13T13:25:49","guid":{"rendered":"https:\/\/opinionpublica.com.ar\/index\/?p=7092"},"modified":"2024-11-13T10:25:49","modified_gmt":"2024-11-13T13:25:49","slug":"el-mensaje-de-mark-zuckerberg-a-javier-milei-y-los-planes-de-la-nueva-ia-de-meta-para-la-argentina","status":"publish","type":"post","link":"https:\/\/opinionpublica.com.ar\/index\/el-mensaje-de-mark-zuckerberg-a-javier-milei-y-los-planes-de-la-nueva-ia-de-meta-para-la-argentina\/","title":{"rendered":"El mensaje de Mark Zuckerberg a Javier Milei y los planes de la nueva IA de Meta para la Argentina"},"content":{"rendered":"<header class=\"entry-header\">\n<p class=\"entry-title\">El mensaje de Mark Zuckerberg a Javier Milei y los planes de la nueva IA de Meta para la Argentina.<\/p>\n<\/header>\n<div class=\"entry-content\">\n<div id=\"content\">\n<p><strong>Mark Zuckerberg<\/strong>, creador de Facebook y actual presidente de Meta, envi\u00f3 un c\u00e1lido<strong>\u00a0mensaje al presidente argentino Javier Milei<\/strong>\u00a0este martes en el marco del\u00a0<strong>Meta Day<\/strong>, evento organizado por la compa\u00f1\u00eda en Argentina,\u00a0donde se presentaron\u00a0los<strong>\u00a0avances de inteligencia artificial que la compa\u00f1\u00eda de Sillicon Valley planea para el pa\u00eds.<\/strong><\/p>\n<p><a href=\"https:\/\/opinionpublica.com.ar\/index\/wp-content\/uploads\/2024\/11\/1731434007252-Mark-Zuckerberg-milei.jpg\"><img fetchpriority=\"high\" decoding=\"async\" class=\"alignnone size-full wp-image-7093\" src=\"https:\/\/opinionpublica.com.ar\/index\/wp-content\/uploads\/2024\/11\/1731434007252-Mark-Zuckerberg-milei.jpg\" alt=\"\" width=\"1088\" height=\"722\" srcset=\"https:\/\/opinionpublica.com.ar\/index\/wp-content\/uploads\/2024\/11\/1731434007252-Mark-Zuckerberg-milei.jpg 1088w, https:\/\/opinionpublica.com.ar\/index\/wp-content\/uploads\/2024\/11\/1731434007252-Mark-Zuckerberg-milei-300x199.jpg 300w, https:\/\/opinionpublica.com.ar\/index\/wp-content\/uploads\/2024\/11\/1731434007252-Mark-Zuckerberg-milei-1024x680.jpg 1024w, https:\/\/opinionpublica.com.ar\/index\/wp-content\/uploads\/2024\/11\/1731434007252-Mark-Zuckerberg-milei-768x510.jpg 768w\" sizes=\"(max-width: 1088px) 100vw, 1088px\" \/><\/a><\/p>\n<p>\u201cHola Argentina y presidente Milei. Gracias por acompa\u00f1arnos hoy. Nos entusiasma poder llevar<strong>\u00a0Llama 3<\/strong>\u00a0a m\u00e1s personas en Argentina. Al hacer que esta tecnolog\u00eda sea de<strong>\u00a0c\u00f3digo abierto<\/strong>, estamos eliminando barreras para que una comunidad m\u00e1s amplia de desarrolladores y organizaciones pueda acceder al poder de la inteligencia artificial, construir soluciones innovadoras y promover el progreso\u201d, afirm\u00f3 el l\u00edder de Meta.<\/p>\n<p>Posterior a esta introducci\u00f3n, tom\u00f3 la palabra el presidente argentino, quien est\u00e1 cerrando una serie de actividades nacionales antes de su viaje a Estados Unidos, donde planea reunirse con el presidente electo Donald Trump en el marco de la Conferencia Pol\u00edtica de Acci\u00f3n Conservadora (CPAC), que tendr\u00e1 lugar en la residencia de Trump en Mar-a-Lago.<\/p>\n<h2>Meta Day: presentaci\u00f3n de nueva IA\u00a0en Argentina<\/h2>\n<div data-oembed-url=\"https:\/\/twitter.com\/porquetendencia\/status\/1856345974378987929\">\n<div class=\"twitter-tweet twitter-tweet-rendered\"><\/div>\n<\/div>\n<p>El evento de Meta se llev\u00f3 a cabo desde temprano en la ma\u00f1ana de este martes en el Palacio Libertad, en el Centro Cultural Domingo Faustino Sarmiento. El objetivo principal es\u00a0<strong>impulsar a pymes y emprendedores en Argentina a adquirir habilidades digitales avanzadas para mejorar sus negocios<\/strong>, \u201cusando tecnolog\u00edas de vanguardia como la Inteligencia Artificial Generativa (GenAI)\u201d, que les permitir\u00e1 \u201cinteractuar de manera m\u00e1s efectiva y creativa con la audiencia\u201d.<\/p>\n<p>Los participantes podr\u00e1n acceder a capacitaciones gratuitas especialmente dise\u00f1adas para emprendedores y peque\u00f1as empresas argentinas. Gracias a la gu\u00eda de expertos, las empresas podr\u00e1n explorar herramientas de inteligencia artificial aplicadas al emprendimiento, aprender a definir propuestas de valor s\u00f3lidas para redes sociales, y recibir consejos sobre c\u00f3mo maximizar el uso de plataformas como WhatsApp Business, Instagram, Meta Business Suite y Meta AI, seg\u00fan indicaron desde la compa\u00f1\u00eda.<\/p>\n<h2>Los contactos de Milei con Silicon Valley para que la Argentina sea un polo de IA<\/h2>\n<p>En mayo de este a\u00f1o, Milei se reuni\u00f3 con Zuckerberg en Palo Alto, California, durante una visita del mandatario a Estados Unidos. En ese encuentro,\u00a0<strong>el CEO de Meta expres\u00f3 su inter\u00e9s en que Argentina se posicione como un centro de innovaci\u00f3n tecnol\u00f3gica\u00a0<\/strong>en un\u00a0<span class=\"marker\">contexto mundial donde comienzan a aparecer restricciones a las inversiones en inteligencia artificial.<\/span><\/p>\n<p>Tras esa reuni\u00f3n, el presidente comparti\u00f3 en su cuenta de X una fotograf\u00eda junto a Zuckerberg, acompa\u00f1ada de un mensaje en may\u00fasculas: \u201cFen\u00f3meno barrial con Mark Zuckerberg&#8230;!!! Viva la libertad carajo\u201d.<\/p>\n<div data-oembed-url=\"https:\/\/twitter.com\/JMilei\/status\/1796361489755869527\">\n<div class=\"twitter-tweet twitter-tweet-rendered\"><\/div>\n<\/div>\n<p>\u201cLa reuni\u00f3n con Zuckerberg, la \u00faltima de una serie de\u00a0<strong>encuentros con l\u00edderes de tecnolog\u00eda\u00a0<\/strong>sostenidos esa semana en\u00a0<strong>Silicon Valley<\/strong>, subraya la intenci\u00f3n de Argentina de convertirse en un n\u00facleo de innovaci\u00f3n tecnol\u00f3gica. El presidente Milei y su equipo destacaron el entusiasmo por futuras colaboraciones con Meta, que podr\u00edan aportar beneficios econ\u00f3micos y tecnol\u00f3gicos significativos al pa\u00eds\u201d, se\u00f1alaba un comunicado emitido en su momento por la Presidencia.<\/p>\n<p>A esa reuni\u00f3n con Zuckerberg, el mandatario asisti\u00f3 acompa\u00f1ado de Karina Milei, secretaria General de la Presidencia; Luis Caputo, ministro de Econom\u00eda; Gerardo Werthein, entonces embajador en Estados Unidos; Demian Reidel, asesor econ\u00f3mico del Poder Ejecutivo, y Mat Travizano, un reconocido experto en tecnolog\u00eda.<\/p>\n<p>Este encuentro con el CEO de Meta fue el cierre de la gira que Milei realiz\u00f3 por San Francisco, donde tambi\u00e9n ofreci\u00f3 una clase abierta en la Universidad de Stanford y<strong>\u00a0se reuni\u00f3 con ejecutivos de alto nivel de ChatGPT, Google y Apple<\/strong>\u00a0para promover a Argentina como una alternativa para proyectos tecnol\u00f3gicos de avanzada.<\/p>\n<p>Durante su paso por California, el mandatario sorprendi\u00f3 con su discurso ideol\u00f3gico y visi\u00f3n econ\u00f3mica en Silicon Valley, despertando inter\u00e9s en posibles inversiones para el pa\u00eds, que buscan<strong>\u00a0evitar las regulaciones ya implementadas en Europa y que actualmente se discuten en Estados Unido<\/strong>s.<\/p>\n<p><strong>Fuente:<\/strong> www.minutodecierre.com<\/p>\n<\/div>\n<\/div>\n","protected":false},"excerpt":{"rendered":"<p>El mensaje de Mark Zuckerberg a Javier Milei y los planes de la nueva IA de Meta para<\/p>\n","protected":false},"author":8,"featured_media":7093,"comment_status":"open","ping_status":"open","sticky":false,"template":"","format":"standard","meta":{"footnotes":""},"categories":[3],"tags":[692,2715],"class_list":["post-7092","post","type-post","status-publish","format-standard","has-post-thumbnail","hentry","category-nacionales","tag-javier-milei","tag-mark-zuckerberg"],"featured_image_urls":{"full":["https:\/\/opinionpublica.com.ar\/index\/wp-content\/uploads\/2024\/11\/1731434007252-Mark-Zuckerberg-milei.jpg",1088,722,false],"thumbnail":["https:\/\/opinionpublica.com.ar\/index\/wp-content\/uploads\/2024\/11\/1731434007252-Mark-Zuckerberg-milei-150x150.jpg",150,150,true],"medium":["https:\/\/opinionpublica.com.ar\/index\/wp-content\/uploads\/2024\/11\/1731434007252-Mark-Zuckerberg-milei-300x199.jpg",300,199,true],"medium_large":["https:\/\/opinionpublica.com.ar\/index\/wp-content\/uploads\/2024\/11\/1731434007252-Mark-Zuckerberg-milei-768x510.jpg",640,425,true],"large":["https:\/\/opinionpublica.com.ar\/index\/wp-content\/uploads\/2024\/11\/1731434007252-Mark-Zuckerberg-milei-1024x680.jpg",640,425,true],"1536x1536":["https:\/\/opinionpublica.com.ar\/index\/wp-content\/uploads\/2024\/11\/1731434007252-Mark-Zuckerberg-milei.jpg",1088,722,false],"2048x2048":["https:\/\/opinionpublica.com.ar\/index\/wp-content\/uploads\/2024\/11\/1731434007252-Mark-Zuckerberg-milei.jpg",1088,722,false],"morenews-large":["https:\/\/opinionpublica.com.ar\/index\/wp-content\/uploads\/2024\/11\/1731434007252-Mark-Zuckerberg-milei-825x575.jpg",825,575,true],"morenews-medium":["https:\/\/opinionpublica.com.ar\/index\/wp-content\/uploads\/2024\/11\/1731434007252-Mark-Zuckerberg-milei-590x410.jpg",590,410,true]},"author_info":{"display_name":"RKing","author_link":"https:\/\/opinionpublica.com.ar\/index\/author\/rking\/"},"category_info":"<a href=\"https:\/\/opinionpublica.com.ar\/index\/category\/nacionales\/\" rel=\"category tag\">Nacionales<\/a>","tag_info":"Nacionales","comment_count":"0","_links":{"self":[{"href":"https:\/\/opinionpublica.com.ar\/index\/wp-json\/wp\/v2\/posts\/7092","targetHints":{"allow":["GET"]}}],"collection":[{"href":"https:\/\/opinionpublica.com.ar\/index\/wp-json\/wp\/v2\/posts"}],"about":[{"href":"https:\/\/opinionpublica.com.ar\/index\/wp-json\/wp\/v2\/types\/post"}],"author":[{"embeddable":true,"href":"https:\/\/opinionpublica.com.ar\/index\/wp-json\/wp\/v2\/users\/8"}],"replies":[{"embeddable":true,"href":"https:\/\/opinionpublica.com.ar\/index\/wp-json\/wp\/v2\/comments?post=7092"}],"version-history":[{"count":1,"href":"https:\/\/opinionpublica.com.ar\/index\/wp-json\/wp\/v2\/posts\/7092\/revisions"}],"predecessor-version":[{"id":7094,"href":"https:\/\/opinionpublica.com.ar\/index\/wp-json\/wp\/v2\/posts\/7092\/revisions\/7094"}],"wp:featuredmedia":[{"embeddable":true,"href":"https:\/\/opinionpublica.com.ar\/index\/wp-json\/wp\/v2\/media\/7093"}],"wp:attachment":[{"href":"https:\/\/opinionpublica.com.ar\/index\/wp-json\/wp\/v2\/media?parent=7092"}],"wp:term":[{"taxonomy":"category","embeddable":true,"href":"https:\/\/opinionpublica.com.ar\/index\/wp-json\/wp\/v2\/categories?post=7092"},{"taxonomy":"post_tag","embeddable":true,"href":"https:\/\/opinionpublica.com.ar\/index\/wp-json\/wp\/v2\/tags?post=7092"}],"curies":[{"name":"wp","href":"https:\/\/api.w.org\/{rel}","templated":true}]}}