{"id":7095,"date":"2024-11-13T10:31:45","date_gmt":"2024-11-13T13:31:45","guid":{"rendered":"https:\/\/opinionpublica.com.ar\/index\/?p=7095"},"modified":"2024-11-13T10:31:45","modified_gmt":"2024-11-13T13:31:45","slug":"la-ministra-judit-di-giglio-afirmo-que-este-ultimo-mes-no-hemos-recibido-los-farmacos-de-alto-costo","status":"publish","type":"post","link":"https:\/\/opinionpublica.com.ar\/index\/la-ministra-judit-di-giglio-afirmo-que-este-ultimo-mes-no-hemos-recibido-los-farmacos-de-alto-costo\/","title":{"rendered":"La ministra Judit Di Giglio afirmo que este \u00faltimo mes no hemos recibido los f\u00e1rmacos de alto costo"},"content":{"rendered":"<section class=\"elementor-section elementor-top-section elementor-element elementor-element-0861e4f elementor-section-boxed elementor-section-height-default elementor-section-height-default\" data-id=\"0861e4f\" data-element_type=\"section\">\n<div class=\"elementor-container elementor-column-gap-default\">\n<div class=\"elementor-row\">\n<div class=\"elementor-column elementor-col-100 elementor-top-column elementor-element elementor-element-43b1334\" data-id=\"43b1334\" data-element_type=\"column\">\n<div class=\"elementor-column-wrap elementor-element-populated\">\n<div class=\"elementor-widget-wrap\">\n<div class=\"elementor-element elementor-element-4e7a5ac elementor-widget elementor-widget-theme-post-title elementor-page-title elementor-widget-heading\" data-id=\"4e7a5ac\" data-element_type=\"widget\" data-widget_type=\"theme-post-title.default\">\n<div class=\"elementor-widget-container\">\n<p class=\"elementor-heading-title elementor-size-default\">La ministra Judit Di Giglio afirmo que este \u00faltimo mes no hemos recibido los f\u00e1rmacos de alto costo.<\/p>\n<\/div>\n<\/div>\n<\/div>\n<\/div>\n<\/div>\n<\/div>\n<\/div>\n<\/section>\n<section class=\"elementor-section elementor-top-section elementor-element elementor-element-640466e elementor-section-boxed elementor-section-height-default elementor-section-height-default\" data-id=\"640466e\" data-element_type=\"section\">\n<div class=\"elementor-container elementor-column-gap-default\">\n<div class=\"elementor-row\">\n<div class=\"elementor-column elementor-col-100 elementor-top-column elementor-element elementor-element-2d4a842\" data-id=\"2d4a842\" data-element_type=\"column\">\n<div class=\"elementor-column-wrap elementor-element-populated\">\n<div class=\"elementor-widget-wrap\">\n<div class=\"elementor-element elementor-element-ff1c4ba elementor-widget elementor-widget-theme-post-content\" data-id=\"ff1c4ba\" data-element_type=\"widget\" data-widget_type=\"theme-post-content.default\">\n<div class=\"elementor-widget-container\">\n<p>La ministra de Salud de la Provincia, Judit Di Giglio, habl\u00f3 sobre la situaci\u00f3n de los pacientes que requieren tratamientos para enfermedades como el VIH, la fibrosis qu\u00edstica o la hemofilia.<span id=\"more-105683\"><\/span><\/p>\n<p><a href=\"https:\/\/opinionpublica.com.ar\/index\/wp-content\/uploads\/2024\/04\/Pilar-Torterola-Di-Giglio.jpg\"><img fetchpriority=\"high\" decoding=\"async\" class=\"alignnone size-full wp-image-2415\" src=\"https:\/\/opinionpublica.com.ar\/index\/wp-content\/uploads\/2024\/04\/Pilar-Torterola-Di-Giglio.jpg\" alt=\"\" width=\"880\" height=\"506\" srcset=\"https:\/\/opinionpublica.com.ar\/index\/wp-content\/uploads\/2024\/04\/Pilar-Torterola-Di-Giglio.jpg 880w, https:\/\/opinionpublica.com.ar\/index\/wp-content\/uploads\/2024\/04\/Pilar-Torterola-Di-Giglio-300x173.jpg 300w, https:\/\/opinionpublica.com.ar\/index\/wp-content\/uploads\/2024\/04\/Pilar-Torterola-Di-Giglio-768x442.jpg 768w\" sizes=\"(max-width: 880px) 100vw, 880px\" \/><\/a><\/p>\n<p>La titular de la cartera sanitaria provincial cont\u00f3 que \u201ccada provincia organiza la provisi\u00f3n de medicamentos a las personas sin obra social. Nosotros lo tenemos organizado hace alrededor de 10 a\u00f1os. De manera que toda persona que no tenga obra social vaya a una guardia de un centro de salud p\u00fablico y lo retire en la farmacia convenida, con una cobertura del 100%. Esto es un servicio que la provincia puede sostener\u201d.<\/p>\n<p>\u201cNunca usamos el Botiqu\u00edn Remediar exclusivamente. Ahora recibimos muchos menos medicamentos para enfermedades cr\u00f3nicas del Ministerio de Salud de la Naci\u00f3n. De igual forma, siempre tuvimos farmacias convenidas. Los pacientes siguen teniendo su medicaci\u00f3n\u201d, sigui\u00f3.<\/p>\n<p>Adem\u00e1s, coment\u00f3 que \u201chemos tenido un aumento del 30% en el n\u00famero de recetas, lo que representa cerca de 11 mil recetas m\u00e1s. Es un gasto que se cuadruplic\u00f3\u201d.<\/p>\n<p>Di Giglio mencion\u00f3 que \u201cen lo que respecta a leyes nacionales, como la de HIV o Fibrosis Qu\u00edstica, son medicamentos de alto costo y llegaban a la farmacia del hospital, que la entregaba al paciente, tenga receta o no. Este mes no los recibimos\u201d.<\/p>\n<p>A esto se suma que \u201cmuchos de los que ten\u00edan cobertura del 100% con PAMI, ya no lo tienen. Hay jubilados que no pueden afrontar el gasto de su jubilaci\u00f3n. Quiz\u00e1s una persona con una jubilaci\u00f3n de 300 mil pesos, debe gastar 100 mil en medicamentos\u201d.<\/p>\n<p>La m\u00e9dica indic\u00f3 que \u201cun f\u00e1rmaco de alto costo puede ser un tratamiento oncol\u00f3gico. Si el paciente tiene obra social, tiene la obligaci\u00f3n de cubrir el 100% del tratamiento. A esto lo garantizan el Estado y las obras sociales. Hay otras enfermedades como HIV, Fibrosis Qu\u00edstica o Hemofilia, que son respaldadas por leyes nacionales. Son una estrategia de salud p\u00fablica. Dicen que les d\u00e9 cobertura a todos los pacientes del pa\u00eds a todos los pacientes con VIH, tengan o no una prepaga\u201d.<\/p>\n<p>\u201cSon pol\u00edticas p\u00fablicas que deben ser iguales en todo el pa\u00eds. Ese es uno de los motivos por los que la Ley de HIV garantiza el tratamiento que necesite a los pacientes, independientemente de la cobertura que tengan\u201d.<\/p>\n<p>De igual forma, asever\u00f3 que \u201cindependientemente de la erogaci\u00f3n que realizar\u00e1 la Provincia, desviando presupuesto de otras \u00e1reas, hay personas que no podr\u00e1n realizar el tratamiento. Esto har\u00e1 que incremente el contagio de la enfermedad\u201d.<\/p>\n<p>Sobre la situaci\u00f3n del sistema sanitario de la provincia, Di Giglio narr\u00f3: \u201cPuedo decir que el n\u00famero de internaciones ha aumentado, igual que las consultas en la guardia, pero no de la misma manera que aument\u00f3 el n\u00famero de pacientes sin obra social y la erogaci\u00f3n de gastos. Muchos ya se atend\u00edan, pero ten\u00edan su cobertura\u201d.<\/p>\n<p>\u201cPara el funcionamiento de hospital, solo en insumos y compras mensuales, desde comida hasta descartables, tiene una erogaci\u00f3n de entre 600 y mil millones de pesos por mes. Esto es sin salarios. Hay que sumarle el costo en farmacia y de pacientes sin obra social, que representan entre 300 y 400 millones de pesos mensuales\u201d, continu\u00f3.<\/p>\n<p>Para cerrar, se refiri\u00f3 a la obra del Hospital Regional Ushuaia: \u201cYa finaliz\u00f3 la parte exterior, est\u00e1n en el interior. El otro d\u00eda habl\u00e1bamos de los tiempos de obra. Desde que se inici\u00f3 de cero con el proyecto, todav\u00eda no hubo retrasos en la obra. Desde que inici\u00f3 hace un a\u00f1o y medio, se cumplieron los tiempos\u201d.<\/p>\n<p>\u201cPor ahora venimos con los tiempos estipulados. El otro d\u00eda recorr\u00ed la obra y ya est\u00e1 todo comprado como la pintura y el material para las divisiones. Luego habr\u00e1 obras con otro tiempo\u201d, culmin\u00f3.<\/p>\n<hr \/>\n<p>&nbsp;<\/p>\n<\/div>\n<\/div>\n<\/div>\n<\/div>\n<\/div>\n<\/div>\n<\/div>\n<\/section>\n","protected":false},"excerpt":{"rendered":"<p>La ministra Judit Di Giglio afirmo que este \u00faltimo mes no hemos recibido los f\u00e1rmacos de alto costo.<\/p>\n","protected":false},"author":8,"featured_media":2844,"comment_status":"open","ping_status":"open","sticky":false,"template":"","format":"standard","meta":{"footnotes":""},"categories":[2],"tags":[2718,1080,2717,2719,2716],"class_list":["post-7095","post","type-post","status-publish","format-standard","has-post-thumbnail","hentry","category-tierra-del-fuego","tag-hemofilia","tag-judit-di-giglio","tag-la-fibrosis-quistica","tag-remedios","tag-vih"],"featured_image_urls":{"full":["https:\/\/opinionpublica.com.ar\/index\/wp-content\/uploads\/2024\/05\/Judit-Di-Giglio.jpg",1280,853,false],"thumbnail":["https:\/\/opinionpublica.com.ar\/index\/wp-content\/uploads\/2024\/05\/Judit-Di-Giglio-150x150.jpg",150,150,true],"medium":["https:\/\/opinionpublica.com.ar\/index\/wp-content\/uploads\/2024\/05\/Judit-Di-Giglio-300x200.jpg",300,200,true],"medium_large":["https:\/\/opinionpublica.com.ar\/index\/wp-content\/uploads\/2024\/05\/Judit-Di-Giglio-768x512.jpg",640,427,true],"large":["https:\/\/opinionpublica.com.ar\/index\/wp-content\/uploads\/2024\/05\/Judit-Di-Giglio-1024x682.jpg",640,426,true],"1536x1536":["https:\/\/opinionpublica.com.ar\/index\/wp-content\/uploads\/2024\/05\/Judit-Di-Giglio.jpg",1280,853,false],"2048x2048":["https:\/\/opinionpublica.com.ar\/index\/wp-content\/uploads\/2024\/05\/Judit-Di-Giglio.jpg",1280,853,false],"morenews-large":["https:\/\/opinionpublica.com.ar\/index\/wp-content\/uploads\/2024\/05\/Judit-Di-Giglio-825x575.jpg",825,575,true],"morenews-medium":["https:\/\/opinionpublica.com.ar\/index\/wp-content\/uploads\/2024\/05\/Judit-Di-Giglio-590x410.jpg",590,410,true]},"author_info":{"display_name":"RKing","author_link":"https:\/\/opinionpublica.com.ar\/index\/author\/rking\/"},"category_info":"<a href=\"https:\/\/opinionpublica.com.ar\/index\/category\/tierra-del-fuego\/\" rel=\"category tag\">Tierra del Fuego<\/a>","tag_info":"Tierra del Fuego","comment_count":"0","_links":{"self":[{"href":"https:\/\/opinionpublica.com.ar\/index\/wp-json\/wp\/v2\/posts\/7095","targetHints":{"allow":["GET"]}}],"collection":[{"href":"https:\/\/opinionpublica.com.ar\/index\/wp-json\/wp\/v2\/posts"}],"about":[{"href":"https:\/\/opinionpublica.com.ar\/index\/wp-json\/wp\/v2\/types\/post"}],"author":[{"embeddable":true,"href":"https:\/\/opinionpublica.com.ar\/index\/wp-json\/wp\/v2\/users\/8"}],"replies":[{"embeddable":true,"href":"https:\/\/opinionpublica.com.ar\/index\/wp-json\/wp\/v2\/comments?post=7095"}],"version-history":[{"count":1,"href":"https:\/\/opinionpublica.com.ar\/index\/wp-json\/wp\/v2\/posts\/7095\/revisions"}],"predecessor-version":[{"id":7096,"href":"https:\/\/opinionpublica.com.ar\/index\/wp-json\/wp\/v2\/posts\/7095\/revisions\/7096"}],"wp:featuredmedia":[{"embeddable":true,"href":"https:\/\/opinionpublica.com.ar\/index\/wp-json\/wp\/v2\/media\/2844"}],"wp:attachment":[{"href":"https:\/\/opinionpublica.com.ar\/index\/wp-json\/wp\/v2\/media?parent=7095"}],"wp:term":[{"taxonomy":"category","embeddable":true,"href":"https:\/\/opinionpublica.com.ar\/index\/wp-json\/wp\/v2\/categories?post=7095"},{"taxonomy":"post_tag","embeddable":true,"href":"https:\/\/opinionpublica.com.ar\/index\/wp-json\/wp\/v2\/tags?post=7095"}],"curies":[{"name":"wp","href":"https:\/\/api.w.org\/{rel}","templated":true}]}}