{"id":7097,"date":"2024-11-13T11:03:13","date_gmt":"2024-11-13T14:03:13","guid":{"rendered":"https:\/\/opinionpublica.com.ar\/index\/?p=7097"},"modified":"2024-11-13T11:03:13","modified_gmt":"2024-11-13T14:03:13","slug":"lechman-advirtio-sobre-las-consecuencias-de-cuasimonedas-por-una-posible-instauracion","status":"publish","type":"post","link":"https:\/\/opinionpublica.com.ar\/index\/lechman-advirtio-sobre-las-consecuencias-de-cuasimonedas-por-una-posible-instauracion\/","title":{"rendered":"Lechman advirti\u00f3 sobre las consecuencias de cuasimonedas por una posible instauraci\u00f3n"},"content":{"rendered":"<hgroup class=\"zona-titulo\">Lechman advirti\u00f3 sobre las consecuencias de cuasimonedas por una posible instauraci\u00f3n<\/hgroup>\n<p>El legislador opositor asegur\u00f3 que de, llegarse a dar una situaci\u00f3n semejante, habilitar\u00eda a que los empleados de la administraci\u00f3n p\u00fablica cobrasen sus salarios en \u00abuna moneda inventada\u00bb.<\/p>\n<div class=\"row\">\n<div class=\"col-md-1 col-sticky\">\n<div class=\"inner-share-bar cf\">\n<div class=\"item\"><a href=\"https:\/\/opinionpublica.com.ar\/index\/wp-content\/uploads\/2024\/09\/Jorge-Lechman-2024.jpg\"><img fetchpriority=\"high\" decoding=\"async\" class=\"alignnone size-full wp-image-5592\" src=\"https:\/\/opinionpublica.com.ar\/index\/wp-content\/uploads\/2024\/09\/Jorge-Lechman-2024.jpg\" alt=\"\" width=\"1080\" height=\"732\" srcset=\"https:\/\/opinionpublica.com.ar\/index\/wp-content\/uploads\/2024\/09\/Jorge-Lechman-2024.jpg 1080w, https:\/\/opinionpublica.com.ar\/index\/wp-content\/uploads\/2024\/09\/Jorge-Lechman-2024-300x203.jpg 300w, https:\/\/opinionpublica.com.ar\/index\/wp-content\/uploads\/2024\/09\/Jorge-Lechman-2024-1024x694.jpg 1024w, https:\/\/opinionpublica.com.ar\/index\/wp-content\/uploads\/2024\/09\/Jorge-Lechman-2024-768x521.jpg 768w\" sizes=\"(max-width: 1080px) 100vw, 1080px\" \/><\/a><\/div>\n<\/div>\n<\/div>\n<div class=\"col-md-11\">\n<div class=\"fecha-y-seccion\">\n<div class=\"fecha\"><\/div>\n<\/div>\n<div id=\"cuerpo-nota\" class=\"cuerpo-nota\">\n<p>El legislador provincial Jorge Lechman (Somos Fueguinos)\u00a0advirti\u00f3 que la reforma de la Constituci\u00f3n fueguina impulsada por le Poder Ejecutivo de la provincia\u00a0habilita la creaci\u00f3n de una cuasimoneda, algo que, seg\u00fan su entendimiento, podr\u00eda tener \u00ab<strong>consecuencias graves para la econom\u00eda provincial y para los bolsillos de todos los fueguinos\u00bb.<\/strong><\/p>\n<p>Tras comparar\u00a0esa circunstancia con lo que ya sucede en otros distritos del pa\u00eds, por ejemplo el caso de La Rioja con\u00a0los \u00abchachos\u00bb que all\u00ed se emiten, el parlamentario de SF dijo que \u00ab<strong>no me extra\u00f1ar\u00eda que los empleados p\u00fablicos cobren en una moneda inventada por el gobierno\u00bb.<\/strong><\/p>\n<p>&nbsp;<\/p>\n<p>En este sentido y a prop\u00f3sito de las recientes declaraciones del gobernador sobre la reforma,\u00a0\u00a0Lechman manifest\u00f3 \u00abprofunda preocupaci\u00f3n\u00bb en el caso de que consumada la reforma se permita al gobierno crear su propia moneda, y observ\u00f3 que esto es algo \u00abque actualmente proh\u00edbe la Constituci\u00f3n de Tierra del Fuego\u00bb.<\/p>\n<p>&nbsp;<\/p>\n<p>Tras no llevarse a cabo las elecciones para convencionales constituyentes del el 10 de noviembre, suspendidas por resoluci\u00f3n de la justicia, el legislador opositor\u00a0insisti\u00f3 con que la emisi\u00f3n de una moneda paralela \u00abpodr\u00eda tener consecuencias graves para la econom\u00eda provincial y para los bolsillos de todos los fueguinos\u00bb.<br \/>\nAdem\u00e1s y al margen de las cuasimonedas,\u00a0Lechman subray\u00f3 que la Carta Magna provincial \u00abimpide tomar deuda para financiar gastos corrientes, permitiendo \u00fanicamente cr\u00e9ditos para obras p\u00fablicas con la aprobaci\u00f3n de dos tercios de los votos y un plan de obra detallado\u00bb.<\/p>\n<p>Mientras tanto\u00a0Lechman record\u00f3 que la Constituci\u00f3n actual no permite la reelecci\u00f3n indefinida, por lo que defendi\u00f3 la alternancia en el poder como \u00abun pilar de nuestra democracia\u00bb, y advirti\u00f3 que\u00a0cambiar este punto es \u00abun intento claro de perpetuarse en el cargo y mantener privilegios personales\u00bb.<\/p>\n<\/div>\n<\/div>\n<\/div>\n","protected":false},"excerpt":{"rendered":"<p>Lechman advirti\u00f3 sobre las consecuencias de cuasimonedas por una posible instauraci\u00f3n El legislador opositor asegur\u00f3 que de, llegarse<\/p>\n","protected":false},"author":8,"featured_media":5885,"comment_status":"open","ping_status":"open","sticky":false,"template":"","format":"standard","meta":{"footnotes":""},"categories":[2],"tags":[2720,328],"class_list":["post-7097","post","type-post","status-publish","format-standard","has-post-thumbnail","hentry","category-tierra-del-fuego","tag-cuasimoneda","tag-jorge-lechman"],"featured_image_urls":{"full":["https:\/\/opinionpublica.com.ar\/index\/wp-content\/uploads\/2024\/09\/20240823154111_jorge-lechman.jpg",880,512,false],"thumbnail":["https:\/\/opinionpublica.com.ar\/index\/wp-content\/uploads\/2024\/09\/20240823154111_jorge-lechman-150x150.jpg",150,150,true],"medium":["https:\/\/opinionpublica.com.ar\/index\/wp-content\/uploads\/2024\/09\/20240823154111_jorge-lechman-300x175.jpg",300,175,true],"medium_large":["https:\/\/opinionpublica.com.ar\/index\/wp-content\/uploads\/2024\/09\/20240823154111_jorge-lechman-768x447.jpg",640,373,true],"large":["https:\/\/opinionpublica.com.ar\/index\/wp-content\/uploads\/2024\/09\/20240823154111_jorge-lechman.jpg",640,372,false],"1536x1536":["https:\/\/opinionpublica.com.ar\/index\/wp-content\/uploads\/2024\/09\/20240823154111_jorge-lechman.jpg",880,512,false],"2048x2048":["https:\/\/opinionpublica.com.ar\/index\/wp-content\/uploads\/2024\/09\/20240823154111_jorge-lechman.jpg",880,512,false],"morenews-large":["https:\/\/opinionpublica.com.ar\/index\/wp-content\/uploads\/2024\/09\/20240823154111_jorge-lechman-825x512.jpg",825,512,true],"morenews-medium":["https:\/\/opinionpublica.com.ar\/index\/wp-content\/uploads\/2024\/09\/20240823154111_jorge-lechman-590x410.jpg",590,410,true]},"author_info":{"display_name":"RKing","author_link":"https:\/\/opinionpublica.com.ar\/index\/author\/rking\/"},"category_info":"<a href=\"https:\/\/opinionpublica.com.ar\/index\/category\/tierra-del-fuego\/\" rel=\"category tag\">Tierra del Fuego<\/a>","tag_info":"Tierra del Fuego","comment_count":"0","_links":{"self":[{"href":"https:\/\/opinionpublica.com.ar\/index\/wp-json\/wp\/v2\/posts\/7097","targetHints":{"allow":["GET"]}}],"collection":[{"href":"https:\/\/opinionpublica.com.ar\/index\/wp-json\/wp\/v2\/posts"}],"about":[{"href":"https:\/\/opinionpublica.com.ar\/index\/wp-json\/wp\/v2\/types\/post"}],"author":[{"embeddable":true,"href":"https:\/\/opinionpublica.com.ar\/index\/wp-json\/wp\/v2\/users\/8"}],"replies":[{"embeddable":true,"href":"https:\/\/opinionpublica.com.ar\/index\/wp-json\/wp\/v2\/comments?post=7097"}],"version-history":[{"count":1,"href":"https:\/\/opinionpublica.com.ar\/index\/wp-json\/wp\/v2\/posts\/7097\/revisions"}],"predecessor-version":[{"id":7098,"href":"https:\/\/opinionpublica.com.ar\/index\/wp-json\/wp\/v2\/posts\/7097\/revisions\/7098"}],"wp:featuredmedia":[{"embeddable":true,"href":"https:\/\/opinionpublica.com.ar\/index\/wp-json\/wp\/v2\/media\/5885"}],"wp:attachment":[{"href":"https:\/\/opinionpublica.com.ar\/index\/wp-json\/wp\/v2\/media?parent=7097"}],"wp:term":[{"taxonomy":"category","embeddable":true,"href":"https:\/\/opinionpublica.com.ar\/index\/wp-json\/wp\/v2\/categories?post=7097"},{"taxonomy":"post_tag","embeddable":true,"href":"https:\/\/opinionpublica.com.ar\/index\/wp-json\/wp\/v2\/tags?post=7097"}],"curies":[{"name":"wp","href":"https:\/\/api.w.org\/{rel}","templated":true}]}}